{"id":8696,"date":"2014-11-06T17:57:57","date_gmt":"2014-11-06T22:57:57","guid":{"rendered":"http:\/\/www.zonacaral.gob.pe\/?p=8696"},"modified":"2014-11-06T17:57:57","modified_gmt":"2014-11-06T22:57:57","slug":"camino-a-la-cop20","status":"publish","type":"post","link":"https:\/\/zonacaral.gob.pe\/es\/noticias\/camino-a-la-cop20\/","title":{"rendered":"Camino a la COP20"},"content":{"rendered":"<p class=\"p1\" style=\"text-align: justify;\">Nuestra capital ser\u00e1 en diciembre la sede de la Conferencia de las Naciones Unidas sobre el Cambio Clim\u00e1tico, para ello se construye en San Borja un venue de 90,000 metros cuadrados.<\/p>\n<p style=\"text-align: justify;\">El distrito m\u00e1s verde de Lima, San Borja, es el espacio reservado para ser la sede oficial de la COP20: 90,000 metros cuadrados dise\u00f1ados en el Cuartel General del Ej\u00e9rcito exclusivamente para la cita mundial, que se realizar\u00e1 del 1 al 12 de diciembre. Lima recibir\u00e1 a 12,000 personalidades, que vendr\u00e1n para la Conferencia de las Naciones Unidas sobre el Cambio Clim\u00e1tico. Llegar\u00e1n desde presidentes, jefes de gobierno, ministros de Estado, representantes de la sociedad civil, delegaciones de negociaciones de 195 pa\u00edses, hasta 1,000 periodistas \u2013entre nacionales y extranjeros\u2013 acreditados.<\/p>\n<p style=\"color: #000000;\"><a href=\"http:\/\/www.zonacaral.gob.pe\/wp-content\/uploads\/2014\/11\/el-peruano-06-11-2014-camino-a-la-cop-2014-full.jpg\"><img fetchpriority=\"high\" decoding=\"async\" class=\"alignnone wp-image-8697\" src=\"http:\/\/www.zonacaral.gob.pe\/wp-content\/uploads\/2014\/11\/el-peruano-06-11-2014-camino-a-la-cop-2014-full.jpg\" alt=\"el-peruano-06-11-2014-camino-a-la-cop-2014-full\" width=\"691\" height=\"387\" srcset=\"https:\/\/zonacaral.gob.pe\/wp-content\/uploads\/2014\/11\/el-peruano-06-11-2014-camino-a-la-cop-2014-full.jpg 2035w, https:\/\/zonacaral.gob.pe\/wp-content\/uploads\/2014\/11\/el-peruano-06-11-2014-camino-a-la-cop-2014-full-300x168.jpg 300w, https:\/\/zonacaral.gob.pe\/wp-content\/uploads\/2014\/11\/el-peruano-06-11-2014-camino-a-la-cop-2014-full-1024x574.jpg 1024w, https:\/\/zonacaral.gob.pe\/wp-content\/uploads\/2014\/11\/el-peruano-06-11-2014-camino-a-la-cop-2014-full-768x431.jpg 768w, https:\/\/zonacaral.gob.pe\/wp-content\/uploads\/2014\/11\/el-peruano-06-11-2014-camino-a-la-cop-2014-full-1536x861.jpg 1536w\" sizes=\"(max-width: 691px) 100vw, 691px\" \/><\/a><\/p>\n<h3>Preparativos<\/h3>\n<p style=\"text-align: justify;\">El Per\u00fa trabaja en la sensibilizaci\u00f3n y junto con 325 hoteles lime\u00f1os, de 1 a 5 estrellas, se busca la disposici\u00f3n de 15,000 habitaciones y 18,000 camas para los visitantes durante esos d\u00edas de la cumbre mundial. Todos se dar\u00e1n cita en la sede oficial: una estructuracarpa (venue) que se construye en el \u2018Pentagonito\u2019. Ah\u00ed se llevar\u00e1n a cabo las negociaciones sobre el cambio clim\u00e1tico. La estructura la elabora la firma francesa GL Events, elegida tras un riguroso concurso p\u00fablico internacional. El venue COP20 tambi\u00e9n ser\u00e1 un espacio multicultural que busca satisfacer a los participantes en sus requerimientos de servicios religiosos, m\u00e9dicos, bancarios, informaci\u00f3n de hospedaje, alimenticia, destinos tur\u00edsticos, alquiler de equipos, traducci\u00f3n, catering y otros.<\/p>\n<p style=\"text-align: justify;\">En paralelo, en el Jockey Club del Per\u00fa se abrir\u00e1 paran todo el p\u00fablico el espacio \u2018Voces por el Clima\u2019, para generar una mayor conciencia sobre el cambio clim\u00e1tico entre los ciudadanos; difundir\u00e1 los trabajos que en el planeta se realizan sobre los cinco temas priorizados por el pa\u00eds: Bosques, Oc\u00e9anos, Ciudades Sostenibles, Energ\u00eda y Monta\u00f1as, Glaciares y Agua. Ser\u00e1 de ingreso libre.<\/p>\n<p style=\"color: #000000; text-align: justify;\">Fuente: <a href=\"http:\/\/www.elperuano.com.pe\/edicion\/edicion-20141106-717.aspx\" target=\"_blank\"><span style=\"color: #800000;\">(El Peruano)<\/span><\/a><\/p>\n<p style=\"color: #000000; text-align: justify;\">Fecha de publicaci\u00f3n: 06\/11\/2014<\/p>\n","protected":false},"excerpt":{"rendered":"<p>Nuestra capital ser\u00e1 en diciembre la sede de la Conferencia de las Naciones Unidas sobre el Cambio Clim\u00e1tico, para ello [&hellip;]<\/p>\n","protected":false},"author":1,"featured_media":8698,"comment_status":"closed","ping_status":"open","sticky":false,"template":"","format":"standard","meta":{"_acf_changed":false,"site-sidebar-layout":"default","site-content-layout":"","ast-site-content-layout":"default","site-content-style":"default","site-sidebar-style":"default","ast-global-header-display":"","ast-banner-title-visibility":"","ast-main-header-display":"","ast-hfb-above-header-display":"","ast-hfb-below-header-display":"","ast-hfb-mobile-header-display":"","site-post-title":"","ast-breadcrumbs-content":"","ast-featured-img":"","footer-sml-layout":"","ast-disable-related-posts":"","theme-transparent-header-meta":"","adv-header-id-meta":"","stick-header-meta":"","header-above-stick-meta":"","header-main-stick-meta":"","header-below-stick-meta":"","astra-migrate-meta-layouts":"default","ast-page-background-enabled":"default","ast-page-background-meta":{"desktop":{"background-color":"var(--ast-global-color-5)","background-image":"","background-repeat":"repeat","background-position":"center center","background-size":"auto","background-attachment":"scroll","background-type":"","background-media":"","overlay-type":"","overlay-color":"","overlay-opacity":"","overlay-gradient":""},"tablet":{"background-color":"","background-image":"","background-repeat":"repeat","background-position":"center center","background-size":"auto","background-attachment":"scroll","background-type":"","background-media":"","overlay-type":"","overlay-color":"","overlay-opacity":"","overlay-gradient":""},"mobile":{"background-color":"","background-image":"","background-repeat":"repeat","background-position":"center center","background-size":"auto","background-attachment":"scroll","background-type":"","background-media":"","overlay-type":"","overlay-color":"","overlay-opacity":"","overlay-gradient":""}},"ast-content-background-meta":{"desktop":{"background-color":"var(--ast-global-color-4)","background-image":"","background-repeat":"repeat","background-position":"center center","background-size":"auto","background-attachment":"scroll","background-type":"","background-media":"","overlay-type":"","overlay-color":"","overlay-opacity":"","overlay-gradient":""},"tablet":{"background-color":"var(--ast-global-color-4)","background-image":"","background-repeat":"repeat","background-position":"center center","background-size":"auto","background-attachment":"scroll","background-type":"","background-media":"","overlay-type":"","overlay-color":"","overlay-opacity":"","overlay-gradient":""},"mobile":{"background-color":"var(--ast-global-color-4)","background-image":"","background-repeat":"repeat","background-position":"center center","background-size":"auto","background-attachment":"scroll","background-type":"","background-media":"","overlay-type":"","overlay-color":"","overlay-opacity":"","overlay-gradient":""}},"footnotes":""},"categories":[208],"tags":[55,62],"class_list":["post-8696","post","type-post","status-publish","format-standard","has-post-thumbnail","hentry","category-noticias","tag-caral","tag-cop20"],"acf":[],"yoast_head":"<!-- This site is optimized with the Yoast SEO plugin v27.3 - https:\/\/yoast.com\/product\/yoast-seo-wordpress\/ -->\n<title>Camino a la COP20 - Zona Caral<\/title>\n<meta name=\"robots\" content=\"index, follow, max-snippet:-1, max-image-preview:large, max-video-preview:-1\" \/>\n<link rel=\"canonical\" href=\"https:\/\/zonacaral.gob.pe\/es\/noticias\/camino-a-la-cop20\/\" \/>\n<meta property=\"og:locale\" content=\"es_ES\" \/>\n<meta property=\"og:type\" content=\"article\" \/>\n<meta property=\"og:title\" content=\"Camino a la COP20 - Zona Caral\" \/>\n<meta property=\"og:description\" content=\"Nuestra capital ser\u00e1 en diciembre la sede de la Conferencia de las Naciones Unidas sobre el Cambio Clim\u00e1tico, para ello [&hellip;]\" \/>\n<meta property=\"og:url\" content=\"https:\/\/zonacaral.gob.pe\/es\/noticias\/camino-a-la-cop20\/\" \/>\n<meta property=\"og:site_name\" content=\"Zona Caral\" \/>\n<meta property=\"article:published_time\" content=\"2014-11-06T22:57:57+00:00\" \/>\n<meta property=\"og:image\" content=\"https:\/\/zonacaral.gob.pe\/wp-content\/uploads\/2014\/11\/el-peruano-06-11-2014-camino-a-la-cop-2014.jpg\" \/>\n\t<meta property=\"og:image:width\" content=\"810\" \/>\n\t<meta property=\"og:image:height\" content=\"410\" \/>\n\t<meta property=\"og:image:type\" content=\"image\/jpeg\" \/>\n<meta name=\"author\" content=\"Zona Caral Administrador\" \/>\n<meta name=\"twitter:card\" content=\"summary_large_image\" \/>\n<meta name=\"twitter:label1\" content=\"Written by\" \/>\n\t<meta name=\"twitter:data1\" content=\"Zona Caral Administrador\" \/>\n\t<meta name=\"twitter:label2\" content=\"Est. reading time\" \/>\n\t<meta name=\"twitter:data2\" content=\"2 minutos\" \/>\n<script type=\"application\/ld+json\" class=\"yoast-schema-graph\">{\"@context\":\"https:\\\/\\\/schema.org\",\"@graph\":[{\"@type\":\"Article\",\"@id\":\"https:\\\/\\\/zonacaral.gob.pe\\\/en\\\/noticias\\\/camino-a-la-cop20\\\/#article\",\"isPartOf\":{\"@id\":\"https:\\\/\\\/zonacaral.gob.pe\\\/en\\\/noticias\\\/camino-a-la-cop20\\\/\"},\"author\":{\"name\":\"Zona Caral Administrador\",\"@id\":\"https:\\\/\\\/zonacaral.gob.pe\\\/es\\\/#\\\/schema\\\/person\\\/beddb4d22f71a7230c5b90913270a0ee\"},\"headline\":\"Camino a la COP20\",\"datePublished\":\"2014-11-06T22:57:57+00:00\",\"mainEntityOfPage\":{\"@id\":\"https:\\\/\\\/zonacaral.gob.pe\\\/en\\\/noticias\\\/camino-a-la-cop20\\\/\"},\"wordCount\":327,\"image\":{\"@id\":\"https:\\\/\\\/zonacaral.gob.pe\\\/en\\\/noticias\\\/camino-a-la-cop20\\\/#primaryimage\"},\"thumbnailUrl\":\"https:\\\/\\\/zonacaral.gob.pe\\\/wp-content\\\/uploads\\\/2014\\\/11\\\/el-peruano-06-11-2014-camino-a-la-cop-2014.jpg\",\"keywords\":[\"caral\",\"COP20\"],\"articleSection\":[\"noticias\"],\"inLanguage\":\"es-PE\"},{\"@type\":\"WebPage\",\"@id\":\"https:\\\/\\\/zonacaral.gob.pe\\\/en\\\/noticias\\\/camino-a-la-cop20\\\/\",\"url\":\"https:\\\/\\\/zonacaral.gob.pe\\\/en\\\/noticias\\\/camino-a-la-cop20\\\/\",\"name\":\"Camino a la COP20 - Zona Caral\",\"isPartOf\":{\"@id\":\"https:\\\/\\\/zonacaral.gob.pe\\\/es\\\/#website\"},\"primaryImageOfPage\":{\"@id\":\"https:\\\/\\\/zonacaral.gob.pe\\\/en\\\/noticias\\\/camino-a-la-cop20\\\/#primaryimage\"},\"image\":{\"@id\":\"https:\\\/\\\/zonacaral.gob.pe\\\/en\\\/noticias\\\/camino-a-la-cop20\\\/#primaryimage\"},\"thumbnailUrl\":\"https:\\\/\\\/zonacaral.gob.pe\\\/wp-content\\\/uploads\\\/2014\\\/11\\\/el-peruano-06-11-2014-camino-a-la-cop-2014.jpg\",\"datePublished\":\"2014-11-06T22:57:57+00:00\",\"author\":{\"@id\":\"https:\\\/\\\/zonacaral.gob.pe\\\/es\\\/#\\\/schema\\\/person\\\/beddb4d22f71a7230c5b90913270a0ee\"},\"breadcrumb\":{\"@id\":\"https:\\\/\\\/zonacaral.gob.pe\\\/en\\\/noticias\\\/camino-a-la-cop20\\\/#breadcrumb\"},\"inLanguage\":\"es-PE\",\"potentialAction\":[{\"@type\":\"ReadAction\",\"target\":[\"https:\\\/\\\/zonacaral.gob.pe\\\/en\\\/noticias\\\/camino-a-la-cop20\\\/\"]}]},{\"@type\":\"ImageObject\",\"inLanguage\":\"es-PE\",\"@id\":\"https:\\\/\\\/zonacaral.gob.pe\\\/en\\\/noticias\\\/camino-a-la-cop20\\\/#primaryimage\",\"url\":\"https:\\\/\\\/zonacaral.gob.pe\\\/wp-content\\\/uploads\\\/2014\\\/11\\\/el-peruano-06-11-2014-camino-a-la-cop-2014.jpg\",\"contentUrl\":\"https:\\\/\\\/zonacaral.gob.pe\\\/wp-content\\\/uploads\\\/2014\\\/11\\\/el-peruano-06-11-2014-camino-a-la-cop-2014.jpg\",\"width\":810,\"height\":410},{\"@type\":\"BreadcrumbList\",\"@id\":\"https:\\\/\\\/zonacaral.gob.pe\\\/en\\\/noticias\\\/camino-a-la-cop20\\\/#breadcrumb\",\"itemListElement\":[{\"@type\":\"ListItem\",\"position\":1,\"name\":\"Portada\",\"item\":\"https:\\\/\\\/zonacaral.gob.pe\\\/\"},{\"@type\":\"ListItem\",\"position\":2,\"name\":\"Camino a la COP20\"}]},{\"@type\":\"WebSite\",\"@id\":\"https:\\\/\\\/zonacaral.gob.pe\\\/es\\\/#website\",\"url\":\"https:\\\/\\\/zonacaral.gob.pe\\\/es\\\/\",\"name\":\"Zona Caral\",\"description\":\"Investigamos, conservamos y difundimos el patrimonio cultural de la Civilizaci\u00f3n Caral, la m\u00e1s antigua de Am\u00e9rica.\",\"potentialAction\":[{\"@type\":\"SearchAction\",\"target\":{\"@type\":\"EntryPoint\",\"urlTemplate\":\"https:\\\/\\\/zonacaral.gob.pe\\\/es\\\/?s={search_term_string}\"},\"query-input\":{\"@type\":\"PropertyValueSpecification\",\"valueRequired\":true,\"valueName\":\"search_term_string\"}}],\"inLanguage\":\"es-PE\"},{\"@type\":\"Person\",\"@id\":\"https:\\\/\\\/zonacaral.gob.pe\\\/es\\\/#\\\/schema\\\/person\\\/beddb4d22f71a7230c5b90913270a0ee\",\"name\":\"Zona Caral Administrador\",\"image\":{\"@type\":\"ImageObject\",\"inLanguage\":\"es-PE\",\"@id\":\"https:\\\/\\\/secure.gravatar.com\\\/avatar\\\/e4be162918a696358376de6446614e0f0f4062bdc5d170d6d540ada3d8b58c12?s=96&d=mm&r=g\",\"url\":\"https:\\\/\\\/secure.gravatar.com\\\/avatar\\\/e4be162918a696358376de6446614e0f0f4062bdc5d170d6d540ada3d8b58c12?s=96&d=mm&r=g\",\"contentUrl\":\"https:\\\/\\\/secure.gravatar.com\\\/avatar\\\/e4be162918a696358376de6446614e0f0f4062bdc5d170d6d540ada3d8b58c12?s=96&d=mm&r=g\",\"caption\":\"Zona Caral Administrador\"},\"sameAs\":[\"https:\\\/\\\/zonacaral.gob.pe\"],\"url\":\"https:\\\/\\\/zonacaral.gob.pe\\\/es\\\/noticias\\\/author\\\/ad_zonacaral\\\/\"}]}<\/script>\n<!-- \/ Yoast SEO plugin. -->","yoast_head_json":{"title":"Camino a la COP20 - Zona Caral","robots":{"index":"index","follow":"follow","max-snippet":"max-snippet:-1","max-image-preview":"max-image-preview:large","max-video-preview":"max-video-preview:-1"},"canonical":"https:\/\/zonacaral.gob.pe\/es\/noticias\/camino-a-la-cop20\/","og_locale":"es_ES","og_type":"article","og_title":"Camino a la COP20 - Zona Caral","og_description":"Nuestra capital ser\u00e1 en diciembre la sede de la Conferencia de las Naciones Unidas sobre el Cambio Clim\u00e1tico, para ello [&hellip;]","og_url":"https:\/\/zonacaral.gob.pe\/es\/noticias\/camino-a-la-cop20\/","og_site_name":"Zona Caral","article_published_time":"2014-11-06T22:57:57+00:00","og_image":[{"width":810,"height":410,"url":"https:\/\/zonacaral.gob.pe\/wp-content\/uploads\/2014\/11\/el-peruano-06-11-2014-camino-a-la-cop-2014.jpg","type":"image\/jpeg"}],"author":"Zona Caral Administrador","twitter_card":"summary_large_image","twitter_misc":{"Written by":"Zona Caral Administrador","Est. reading time":"2 minutos"},"schema":{"@context":"https:\/\/schema.org","@graph":[{"@type":"Article","@id":"https:\/\/zonacaral.gob.pe\/en\/noticias\/camino-a-la-cop20\/#article","isPartOf":{"@id":"https:\/\/zonacaral.gob.pe\/en\/noticias\/camino-a-la-cop20\/"},"author":{"name":"Zona Caral Administrador","@id":"https:\/\/zonacaral.gob.pe\/es\/#\/schema\/person\/beddb4d22f71a7230c5b90913270a0ee"},"headline":"Camino a la COP20","datePublished":"2014-11-06T22:57:57+00:00","mainEntityOfPage":{"@id":"https:\/\/zonacaral.gob.pe\/en\/noticias\/camino-a-la-cop20\/"},"wordCount":327,"image":{"@id":"https:\/\/zonacaral.gob.pe\/en\/noticias\/camino-a-la-cop20\/#primaryimage"},"thumbnailUrl":"https:\/\/zonacaral.gob.pe\/wp-content\/uploads\/2014\/11\/el-peruano-06-11-2014-camino-a-la-cop-2014.jpg","keywords":["caral","COP20"],"articleSection":["noticias"],"inLanguage":"es-PE"},{"@type":"WebPage","@id":"https:\/\/zonacaral.gob.pe\/en\/noticias\/camino-a-la-cop20\/","url":"https:\/\/zonacaral.gob.pe\/en\/noticias\/camino-a-la-cop20\/","name":"Camino a la COP20 - Zona Caral","isPartOf":{"@id":"https:\/\/zonacaral.gob.pe\/es\/#website"},"primaryImageOfPage":{"@id":"https:\/\/zonacaral.gob.pe\/en\/noticias\/camino-a-la-cop20\/#primaryimage"},"image":{"@id":"https:\/\/zonacaral.gob.pe\/en\/noticias\/camino-a-la-cop20\/#primaryimage"},"thumbnailUrl":"https:\/\/zonacaral.gob.pe\/wp-content\/uploads\/2014\/11\/el-peruano-06-11-2014-camino-a-la-cop-2014.jpg","datePublished":"2014-11-06T22:57:57+00:00","author":{"@id":"https:\/\/zonacaral.gob.pe\/es\/#\/schema\/person\/beddb4d22f71a7230c5b90913270a0ee"},"breadcrumb":{"@id":"https:\/\/zonacaral.gob.pe\/en\/noticias\/camino-a-la-cop20\/#breadcrumb"},"inLanguage":"es-PE","potentialAction":[{"@type":"ReadAction","target":["https:\/\/zonacaral.gob.pe\/en\/noticias\/camino-a-la-cop20\/"]}]},{"@type":"ImageObject","inLanguage":"es-PE","@id":"https:\/\/zonacaral.gob.pe\/en\/noticias\/camino-a-la-cop20\/#primaryimage","url":"https:\/\/zonacaral.gob.pe\/wp-content\/uploads\/2014\/11\/el-peruano-06-11-2014-camino-a-la-cop-2014.jpg","contentUrl":"https:\/\/zonacaral.gob.pe\/wp-content\/uploads\/2014\/11\/el-peruano-06-11-2014-camino-a-la-cop-2014.jpg","width":810,"height":410},{"@type":"BreadcrumbList","@id":"https:\/\/zonacaral.gob.pe\/en\/noticias\/camino-a-la-cop20\/#breadcrumb","itemListElement":[{"@type":"ListItem","position":1,"name":"Portada","item":"https:\/\/zonacaral.gob.pe\/"},{"@type":"ListItem","position":2,"name":"Camino a la COP20"}]},{"@type":"WebSite","@id":"https:\/\/zonacaral.gob.pe\/es\/#website","url":"https:\/\/zonacaral.gob.pe\/es\/","name":"Zona Caral","description":"Investigamos, conservamos y difundimos el patrimonio cultural de la Civilizaci\u00f3n Caral, la m\u00e1s antigua de Am\u00e9rica.","potentialAction":[{"@type":"SearchAction","target":{"@type":"EntryPoint","urlTemplate":"https:\/\/zonacaral.gob.pe\/es\/?s={search_term_string}"},"query-input":{"@type":"PropertyValueSpecification","valueRequired":true,"valueName":"search_term_string"}}],"inLanguage":"es-PE"},{"@type":"Person","@id":"https:\/\/zonacaral.gob.pe\/es\/#\/schema\/person\/beddb4d22f71a7230c5b90913270a0ee","name":"Zona Caral Administrador","image":{"@type":"ImageObject","inLanguage":"es-PE","@id":"https:\/\/secure.gravatar.com\/avatar\/e4be162918a696358376de6446614e0f0f4062bdc5d170d6d540ada3d8b58c12?s=96&d=mm&r=g","url":"https:\/\/secure.gravatar.com\/avatar\/e4be162918a696358376de6446614e0f0f4062bdc5d170d6d540ada3d8b58c12?s=96&d=mm&r=g","contentUrl":"https:\/\/secure.gravatar.com\/avatar\/e4be162918a696358376de6446614e0f0f4062bdc5d170d6d540ada3d8b58c12?s=96&d=mm&r=g","caption":"Zona Caral Administrador"},"sameAs":["https:\/\/zonacaral.gob.pe"],"url":"https:\/\/zonacaral.gob.pe\/es\/noticias\/author\/ad_zonacaral\/"}]}},"_links":{"self":[{"href":"https:\/\/zonacaral.gob.pe\/es\/wp-json\/wp\/v2\/posts\/8696","targetHints":{"allow":["GET"]}}],"collection":[{"href":"https:\/\/zonacaral.gob.pe\/es\/wp-json\/wp\/v2\/posts"}],"about":[{"href":"https:\/\/zonacaral.gob.pe\/es\/wp-json\/wp\/v2\/types\/post"}],"author":[{"embeddable":true,"href":"https:\/\/zonacaral.gob.pe\/es\/wp-json\/wp\/v2\/users\/1"}],"replies":[{"embeddable":true,"href":"https:\/\/zonacaral.gob.pe\/es\/wp-json\/wp\/v2\/comments?post=8696"}],"version-history":[{"count":0,"href":"https:\/\/zonacaral.gob.pe\/es\/wp-json\/wp\/v2\/posts\/8696\/revisions"}],"wp:featuredmedia":[{"embeddable":true,"href":"https:\/\/zonacaral.gob.pe\/es\/wp-json\/wp\/v2\/media\/8698"}],"wp:attachment":[{"href":"https:\/\/zonacaral.gob.pe\/es\/wp-json\/wp\/v2\/media?parent=8696"}],"wp:term":[{"taxonomy":"category","embeddable":true,"href":"https:\/\/zonacaral.gob.pe\/es\/wp-json\/wp\/v2\/categories?post=8696"},{"taxonomy":"post_tag","embeddable":true,"href":"https:\/\/zonacaral.gob.pe\/es\/wp-json\/wp\/v2\/tags?post=8696"}],"curies":[{"name":"wp","href":"https:\/\/api.w.org\/{rel}","templated":true}]}}