{"id":8789,"date":"2014-11-19T19:07:47","date_gmt":"2014-11-20T00:07:47","guid":{"rendered":"http:\/\/www.zonacaral.gob.pe\/?p=8789"},"modified":"2014-11-19T19:07:47","modified_gmt":"2014-11-20T00:07:47","slug":"cop-20-el-reto-a-nuestro-estilo-de-vida","status":"publish","type":"post","link":"https:\/\/zonacaral.gob.pe\/es\/noticias\/cop-20-el-reto-a-nuestro-estilo-de-vida\/","title":{"rendered":"COP 20: el reto a nuestro estilo de vida"},"content":{"rendered":"<blockquote><p>En diciembre Lima ser\u00e1 sede de la COP 20, importante cita clim\u00e1tica mundial, con implicancias sobre nuestra vida diaria.<\/p><\/blockquote>\n<p style=\"color: #000000;\">Se intenta llegar a acuerdos m\u00ednimos para revertir el cambio clim\u00e1tico, un proceso desencadenado por las actividades humanas, es decir por todos nosotros.<\/p>\n<p style=\"text-align: justify;\">Mantener nuestro c\u00f3modo y despilfarrador estilo de vida fomenta la emisi\u00f3n de las toneladas de gases de efecto invernadero (GEI). De paso destruimos los principales sumideros de esos gases, es decir los bosques, con fines agr\u00edcolas, ganaderos, forestales y energ\u00e9ticos.<\/p>\n<p style=\"text-align: justify;\">Poco se ha avanzado en las 19 grandes conferencias internacionales previas, y muchas otras de trabajo. Y es que estamos ante el mayor intento por romper el paradigma de la econom\u00eda del petr\u00f3leo y pasar al de una econom\u00eda verde, basada en energ\u00edas limpias como la solar, viento (e\u00f3lica), mareas, entre otras.<\/p>\n<p style=\"text-align: justify;\">Este gran cambio incluye hasta nuestra dieta, que debiera ser vegetariana, con cultivos de temporada procedentes de zonas cercanas y no de \u00e1reas deforestadas ni lejanas que requieran transporte convencional.<\/p>\n<p style=\"text-align: justify;\">La carne, leche, yogur, helados y mantequillas no van m\u00e1s (tampoco usar cuero), porque las flatulencias y eructos del ganado vacuno producen metano y \u00f3xido nitroso, GEI m\u00e1s da\u00f1inos para el clima que el di\u00f3xido de carbono (CO2). Solo en Estados Unidos la ganader\u00eda emite anualmente m\u00e1s GEI que 22 millones de autos juntos. De hecho la industria ganadera es la tercera emisora de esos gases, despu\u00e9s del consumo energ\u00e9tico (familiar e industrial) y del transporte. Este es otro punto: hasta contar con moto res alimentados por energ\u00edas limpias deber\u00edamos caminar m\u00e1s o montar bicicleta.<\/p>\n<p style=\"text-align: justify;\">La debacle clim\u00e1tica, pues, no es responsabilidad solo de empresas cuya finalidad, al fin y al cabo, es satisfacer nuestras necias necesidades. As\u00ed, la COP 20 reta nuestras costumbres y conciencia ambiental. Aqu\u00ed no hay empresas perversas ni pa\u00edses reacios a asumir compromisos, sino gente que quiere seguir usando petr\u00f3leo en la forma de bolsas, envases y juguetes pl\u00e1sticos; fibras artificiales (nailon, poli\u00e9ster); autos dependientes<\/p>\n<p style=\"color: #000000; text-align: justify;\">Fuente: <a href=\"http:\/\/www.elperuano.com.pe\/edicion\/edicion-20141106-717.aspx\" target=\"_blank\"><span style=\"color: #800000;\">(<\/span><\/a><span style=\"color: #800000;\">El Comercio<\/span><a href=\"http:\/\/www.elperuano.com.pe\/edicion\/edicion-20141106-717.aspx\" target=\"_blank\"><span style=\"color: #800000;\">)<\/span><\/a><\/p>\n<p style=\"color: #000000; text-align: justify;\">Fecha de publicaci\u00f3n: 18\/11\/2014<\/p>\n","protected":false},"excerpt":{"rendered":"<p>En diciembre Lima ser\u00e1 sede de la COP 20, importante cita clim\u00e1tica mundial, con implicancias sobre nuestra vida diaria. Se [&hellip;]<\/p>\n","protected":false},"author":1,"featured_media":8790,"comment_status":"closed","ping_status":"open","sticky":false,"template":"","format":"standard","meta":{"_acf_changed":false,"site-sidebar-layout":"default","site-content-layout":"","ast-site-content-layout":"default","site-content-style":"default","site-sidebar-style":"default","ast-global-header-display":"","ast-banner-title-visibility":"","ast-main-header-display":"","ast-hfb-above-header-display":"","ast-hfb-below-header-display":"","ast-hfb-mobile-header-display":"","site-post-title":"","ast-breadcrumbs-content":"","ast-featured-img":"","footer-sml-layout":"","ast-disable-related-posts":"","theme-transparent-header-meta":"","adv-header-id-meta":"","stick-header-meta":"","header-above-stick-meta":"","header-main-stick-meta":"","header-below-stick-meta":"","astra-migrate-meta-layouts":"default","ast-page-background-enabled":"default","ast-page-background-meta":{"desktop":{"background-color":"var(--ast-global-color-5)","background-image":"","background-repeat":"repeat","background-position":"center center","background-size":"auto","background-attachment":"scroll","background-type":"","background-media":"","overlay-type":"","overlay-color":"","overlay-opacity":"","overlay-gradient":""},"tablet":{"background-color":"","background-image":"","background-repeat":"repeat","background-position":"center center","background-size":"auto","background-attachment":"scroll","background-type":"","background-media":"","overlay-type":"","overlay-color":"","overlay-opacity":"","overlay-gradient":""},"mobile":{"background-color":"","background-image":"","background-repeat":"repeat","background-position":"center center","background-size":"auto","background-attachment":"scroll","background-type":"","background-media":"","overlay-type":"","overlay-color":"","overlay-opacity":"","overlay-gradient":""}},"ast-content-background-meta":{"desktop":{"background-color":"var(--ast-global-color-4)","background-image":"","background-repeat":"repeat","background-position":"center center","background-size":"auto","background-attachment":"scroll","background-type":"","background-media":"","overlay-type":"","overlay-color":"","overlay-opacity":"","overlay-gradient":""},"tablet":{"background-color":"var(--ast-global-color-4)","background-image":"","background-repeat":"repeat","background-position":"center center","background-size":"auto","background-attachment":"scroll","background-type":"","background-media":"","overlay-type":"","overlay-color":"","overlay-opacity":"","overlay-gradient":""},"mobile":{"background-color":"var(--ast-global-color-4)","background-image":"","background-repeat":"repeat","background-position":"center center","background-size":"auto","background-attachment":"scroll","background-type":"","background-media":"","overlay-type":"","overlay-color":"","overlay-opacity":"","overlay-gradient":""}},"footnotes":""},"categories":[208],"tags":[55,62],"class_list":["post-8789","post","type-post","status-publish","format-standard","has-post-thumbnail","hentry","category-noticias","tag-caral","tag-cop20"],"acf":[],"yoast_head":"<!-- This site is optimized with the Yoast SEO plugin v27.3 - https:\/\/yoast.com\/product\/yoast-seo-wordpress\/ -->\n<title>COP 20: el reto a nuestro estilo de vida - Zona Caral<\/title>\n<meta name=\"robots\" content=\"index, follow, max-snippet:-1, max-image-preview:large, max-video-preview:-1\" \/>\n<link rel=\"canonical\" href=\"https:\/\/zonacaral.gob.pe\/es\/noticias\/cop-20-el-reto-a-nuestro-estilo-de-vida\/\" \/>\n<meta property=\"og:locale\" content=\"es_ES\" \/>\n<meta property=\"og:type\" content=\"article\" \/>\n<meta property=\"og:title\" content=\"COP 20: el reto a nuestro estilo de vida - Zona Caral\" \/>\n<meta property=\"og:description\" content=\"En diciembre Lima ser\u00e1 sede de la COP 20, importante cita clim\u00e1tica mundial, con implicancias sobre nuestra vida diaria. Se [&hellip;]\" \/>\n<meta property=\"og:url\" content=\"https:\/\/zonacaral.gob.pe\/es\/noticias\/cop-20-el-reto-a-nuestro-estilo-de-vida\/\" \/>\n<meta property=\"og:site_name\" content=\"Zona Caral\" \/>\n<meta property=\"article:published_time\" content=\"2014-11-20T00:07:47+00:00\" \/>\n<meta property=\"og:image\" content=\"https:\/\/zonacaral.gob.pe\/wp-content\/uploads\/2014\/11\/el-comercio-18-11-2014.jpg\" \/>\n\t<meta property=\"og:image:width\" content=\"810\" \/>\n\t<meta property=\"og:image:height\" content=\"410\" \/>\n\t<meta property=\"og:image:type\" content=\"image\/jpeg\" \/>\n<meta name=\"author\" content=\"Zona Caral Administrador\" \/>\n<meta name=\"twitter:card\" content=\"summary_large_image\" \/>\n<meta name=\"twitter:label1\" content=\"Written by\" \/>\n\t<meta name=\"twitter:data1\" content=\"Zona Caral Administrador\" \/>\n\t<meta name=\"twitter:label2\" content=\"Est. reading time\" \/>\n\t<meta name=\"twitter:data2\" content=\"2 minutos\" \/>\n<script type=\"application\/ld+json\" class=\"yoast-schema-graph\">{\"@context\":\"https:\\\/\\\/schema.org\",\"@graph\":[{\"@type\":\"Article\",\"@id\":\"https:\\\/\\\/zonacaral.gob.pe\\\/en\\\/noticias\\\/cop-20-el-reto-a-nuestro-estilo-de-vida\\\/#article\",\"isPartOf\":{\"@id\":\"https:\\\/\\\/zonacaral.gob.pe\\\/en\\\/noticias\\\/cop-20-el-reto-a-nuestro-estilo-de-vida\\\/\"},\"author\":{\"name\":\"Zona Caral Administrador\",\"@id\":\"https:\\\/\\\/zonacaral.gob.pe\\\/es\\\/#\\\/schema\\\/person\\\/beddb4d22f71a7230c5b90913270a0ee\"},\"headline\":\"COP 20: el reto a nuestro estilo de vida\",\"datePublished\":\"2014-11-20T00:07:47+00:00\",\"mainEntityOfPage\":{\"@id\":\"https:\\\/\\\/zonacaral.gob.pe\\\/en\\\/noticias\\\/cop-20-el-reto-a-nuestro-estilo-de-vida\\\/\"},\"wordCount\":363,\"image\":{\"@id\":\"https:\\\/\\\/zonacaral.gob.pe\\\/en\\\/noticias\\\/cop-20-el-reto-a-nuestro-estilo-de-vida\\\/#primaryimage\"},\"thumbnailUrl\":\"https:\\\/\\\/zonacaral.gob.pe\\\/wp-content\\\/uploads\\\/2014\\\/11\\\/el-comercio-18-11-2014.jpg\",\"keywords\":[\"caral\",\"COP20\"],\"articleSection\":[\"noticias\"],\"inLanguage\":\"es-PE\"},{\"@type\":\"WebPage\",\"@id\":\"https:\\\/\\\/zonacaral.gob.pe\\\/en\\\/noticias\\\/cop-20-el-reto-a-nuestro-estilo-de-vida\\\/\",\"url\":\"https:\\\/\\\/zonacaral.gob.pe\\\/en\\\/noticias\\\/cop-20-el-reto-a-nuestro-estilo-de-vida\\\/\",\"name\":\"COP 20: el reto a nuestro estilo de vida - Zona Caral\",\"isPartOf\":{\"@id\":\"https:\\\/\\\/zonacaral.gob.pe\\\/es\\\/#website\"},\"primaryImageOfPage\":{\"@id\":\"https:\\\/\\\/zonacaral.gob.pe\\\/en\\\/noticias\\\/cop-20-el-reto-a-nuestro-estilo-de-vida\\\/#primaryimage\"},\"image\":{\"@id\":\"https:\\\/\\\/zonacaral.gob.pe\\\/en\\\/noticias\\\/cop-20-el-reto-a-nuestro-estilo-de-vida\\\/#primaryimage\"},\"thumbnailUrl\":\"https:\\\/\\\/zonacaral.gob.pe\\\/wp-content\\\/uploads\\\/2014\\\/11\\\/el-comercio-18-11-2014.jpg\",\"datePublished\":\"2014-11-20T00:07:47+00:00\",\"author\":{\"@id\":\"https:\\\/\\\/zonacaral.gob.pe\\\/es\\\/#\\\/schema\\\/person\\\/beddb4d22f71a7230c5b90913270a0ee\"},\"breadcrumb\":{\"@id\":\"https:\\\/\\\/zonacaral.gob.pe\\\/en\\\/noticias\\\/cop-20-el-reto-a-nuestro-estilo-de-vida\\\/#breadcrumb\"},\"inLanguage\":\"es-PE\",\"potentialAction\":[{\"@type\":\"ReadAction\",\"target\":[\"https:\\\/\\\/zonacaral.gob.pe\\\/en\\\/noticias\\\/cop-20-el-reto-a-nuestro-estilo-de-vida\\\/\"]}]},{\"@type\":\"ImageObject\",\"inLanguage\":\"es-PE\",\"@id\":\"https:\\\/\\\/zonacaral.gob.pe\\\/en\\\/noticias\\\/cop-20-el-reto-a-nuestro-estilo-de-vida\\\/#primaryimage\",\"url\":\"https:\\\/\\\/zonacaral.gob.pe\\\/wp-content\\\/uploads\\\/2014\\\/11\\\/el-comercio-18-11-2014.jpg\",\"contentUrl\":\"https:\\\/\\\/zonacaral.gob.pe\\\/wp-content\\\/uploads\\\/2014\\\/11\\\/el-comercio-18-11-2014.jpg\",\"width\":810,\"height\":410},{\"@type\":\"BreadcrumbList\",\"@id\":\"https:\\\/\\\/zonacaral.gob.pe\\\/en\\\/noticias\\\/cop-20-el-reto-a-nuestro-estilo-de-vida\\\/#breadcrumb\",\"itemListElement\":[{\"@type\":\"ListItem\",\"position\":1,\"name\":\"Portada\",\"item\":\"https:\\\/\\\/zonacaral.gob.pe\\\/\"},{\"@type\":\"ListItem\",\"position\":2,\"name\":\"COP 20: el reto a nuestro estilo de vida\"}]},{\"@type\":\"WebSite\",\"@id\":\"https:\\\/\\\/zonacaral.gob.pe\\\/es\\\/#website\",\"url\":\"https:\\\/\\\/zonacaral.gob.pe\\\/es\\\/\",\"name\":\"Zona Caral\",\"description\":\"Investigamos, conservamos y difundimos el patrimonio cultural de la Civilizaci\u00f3n Caral, la m\u00e1s antigua de Am\u00e9rica.\",\"potentialAction\":[{\"@type\":\"SearchAction\",\"target\":{\"@type\":\"EntryPoint\",\"urlTemplate\":\"https:\\\/\\\/zonacaral.gob.pe\\\/es\\\/?s={search_term_string}\"},\"query-input\":{\"@type\":\"PropertyValueSpecification\",\"valueRequired\":true,\"valueName\":\"search_term_string\"}}],\"inLanguage\":\"es-PE\"},{\"@type\":\"Person\",\"@id\":\"https:\\\/\\\/zonacaral.gob.pe\\\/es\\\/#\\\/schema\\\/person\\\/beddb4d22f71a7230c5b90913270a0ee\",\"name\":\"Zona Caral Administrador\",\"image\":{\"@type\":\"ImageObject\",\"inLanguage\":\"es-PE\",\"@id\":\"https:\\\/\\\/secure.gravatar.com\\\/avatar\\\/e4be162918a696358376de6446614e0f0f4062bdc5d170d6d540ada3d8b58c12?s=96&d=mm&r=g\",\"url\":\"https:\\\/\\\/secure.gravatar.com\\\/avatar\\\/e4be162918a696358376de6446614e0f0f4062bdc5d170d6d540ada3d8b58c12?s=96&d=mm&r=g\",\"contentUrl\":\"https:\\\/\\\/secure.gravatar.com\\\/avatar\\\/e4be162918a696358376de6446614e0f0f4062bdc5d170d6d540ada3d8b58c12?s=96&d=mm&r=g\",\"caption\":\"Zona Caral Administrador\"},\"sameAs\":[\"https:\\\/\\\/zonacaral.gob.pe\"],\"url\":\"https:\\\/\\\/zonacaral.gob.pe\\\/es\\\/noticias\\\/author\\\/ad_zonacaral\\\/\"}]}<\/script>\n<!-- \/ Yoast SEO plugin. -->","yoast_head_json":{"title":"COP 20: el reto a nuestro estilo de vida - Zona Caral","robots":{"index":"index","follow":"follow","max-snippet":"max-snippet:-1","max-image-preview":"max-image-preview:large","max-video-preview":"max-video-preview:-1"},"canonical":"https:\/\/zonacaral.gob.pe\/es\/noticias\/cop-20-el-reto-a-nuestro-estilo-de-vida\/","og_locale":"es_ES","og_type":"article","og_title":"COP 20: el reto a nuestro estilo de vida - Zona Caral","og_description":"En diciembre Lima ser\u00e1 sede de la COP 20, importante cita clim\u00e1tica mundial, con implicancias sobre nuestra vida diaria. Se [&hellip;]","og_url":"https:\/\/zonacaral.gob.pe\/es\/noticias\/cop-20-el-reto-a-nuestro-estilo-de-vida\/","og_site_name":"Zona Caral","article_published_time":"2014-11-20T00:07:47+00:00","og_image":[{"width":810,"height":410,"url":"https:\/\/zonacaral.gob.pe\/wp-content\/uploads\/2014\/11\/el-comercio-18-11-2014.jpg","type":"image\/jpeg"}],"author":"Zona Caral Administrador","twitter_card":"summary_large_image","twitter_misc":{"Written by":"Zona Caral Administrador","Est. reading time":"2 minutos"},"schema":{"@context":"https:\/\/schema.org","@graph":[{"@type":"Article","@id":"https:\/\/zonacaral.gob.pe\/en\/noticias\/cop-20-el-reto-a-nuestro-estilo-de-vida\/#article","isPartOf":{"@id":"https:\/\/zonacaral.gob.pe\/en\/noticias\/cop-20-el-reto-a-nuestro-estilo-de-vida\/"},"author":{"name":"Zona Caral Administrador","@id":"https:\/\/zonacaral.gob.pe\/es\/#\/schema\/person\/beddb4d22f71a7230c5b90913270a0ee"},"headline":"COP 20: el reto a nuestro estilo de vida","datePublished":"2014-11-20T00:07:47+00:00","mainEntityOfPage":{"@id":"https:\/\/zonacaral.gob.pe\/en\/noticias\/cop-20-el-reto-a-nuestro-estilo-de-vida\/"},"wordCount":363,"image":{"@id":"https:\/\/zonacaral.gob.pe\/en\/noticias\/cop-20-el-reto-a-nuestro-estilo-de-vida\/#primaryimage"},"thumbnailUrl":"https:\/\/zonacaral.gob.pe\/wp-content\/uploads\/2014\/11\/el-comercio-18-11-2014.jpg","keywords":["caral","COP20"],"articleSection":["noticias"],"inLanguage":"es-PE"},{"@type":"WebPage","@id":"https:\/\/zonacaral.gob.pe\/en\/noticias\/cop-20-el-reto-a-nuestro-estilo-de-vida\/","url":"https:\/\/zonacaral.gob.pe\/en\/noticias\/cop-20-el-reto-a-nuestro-estilo-de-vida\/","name":"COP 20: el reto a nuestro estilo de vida - Zona Caral","isPartOf":{"@id":"https:\/\/zonacaral.gob.pe\/es\/#website"},"primaryImageOfPage":{"@id":"https:\/\/zonacaral.gob.pe\/en\/noticias\/cop-20-el-reto-a-nuestro-estilo-de-vida\/#primaryimage"},"image":{"@id":"https:\/\/zonacaral.gob.pe\/en\/noticias\/cop-20-el-reto-a-nuestro-estilo-de-vida\/#primaryimage"},"thumbnailUrl":"https:\/\/zonacaral.gob.pe\/wp-content\/uploads\/2014\/11\/el-comercio-18-11-2014.jpg","datePublished":"2014-11-20T00:07:47+00:00","author":{"@id":"https:\/\/zonacaral.gob.pe\/es\/#\/schema\/person\/beddb4d22f71a7230c5b90913270a0ee"},"breadcrumb":{"@id":"https:\/\/zonacaral.gob.pe\/en\/noticias\/cop-20-el-reto-a-nuestro-estilo-de-vida\/#breadcrumb"},"inLanguage":"es-PE","potentialAction":[{"@type":"ReadAction","target":["https:\/\/zonacaral.gob.pe\/en\/noticias\/cop-20-el-reto-a-nuestro-estilo-de-vida\/"]}]},{"@type":"ImageObject","inLanguage":"es-PE","@id":"https:\/\/zonacaral.gob.pe\/en\/noticias\/cop-20-el-reto-a-nuestro-estilo-de-vida\/#primaryimage","url":"https:\/\/zonacaral.gob.pe\/wp-content\/uploads\/2014\/11\/el-comercio-18-11-2014.jpg","contentUrl":"https:\/\/zonacaral.gob.pe\/wp-content\/uploads\/2014\/11\/el-comercio-18-11-2014.jpg","width":810,"height":410},{"@type":"BreadcrumbList","@id":"https:\/\/zonacaral.gob.pe\/en\/noticias\/cop-20-el-reto-a-nuestro-estilo-de-vida\/#breadcrumb","itemListElement":[{"@type":"ListItem","position":1,"name":"Portada","item":"https:\/\/zonacaral.gob.pe\/"},{"@type":"ListItem","position":2,"name":"COP 20: el reto a nuestro estilo de vida"}]},{"@type":"WebSite","@id":"https:\/\/zonacaral.gob.pe\/es\/#website","url":"https:\/\/zonacaral.gob.pe\/es\/","name":"Zona Caral","description":"Investigamos, conservamos y difundimos el patrimonio cultural de la Civilizaci\u00f3n Caral, la m\u00e1s antigua de Am\u00e9rica.","potentialAction":[{"@type":"SearchAction","target":{"@type":"EntryPoint","urlTemplate":"https:\/\/zonacaral.gob.pe\/es\/?s={search_term_string}"},"query-input":{"@type":"PropertyValueSpecification","valueRequired":true,"valueName":"search_term_string"}}],"inLanguage":"es-PE"},{"@type":"Person","@id":"https:\/\/zonacaral.gob.pe\/es\/#\/schema\/person\/beddb4d22f71a7230c5b90913270a0ee","name":"Zona Caral Administrador","image":{"@type":"ImageObject","inLanguage":"es-PE","@id":"https:\/\/secure.gravatar.com\/avatar\/e4be162918a696358376de6446614e0f0f4062bdc5d170d6d540ada3d8b58c12?s=96&d=mm&r=g","url":"https:\/\/secure.gravatar.com\/avatar\/e4be162918a696358376de6446614e0f0f4062bdc5d170d6d540ada3d8b58c12?s=96&d=mm&r=g","contentUrl":"https:\/\/secure.gravatar.com\/avatar\/e4be162918a696358376de6446614e0f0f4062bdc5d170d6d540ada3d8b58c12?s=96&d=mm&r=g","caption":"Zona Caral Administrador"},"sameAs":["https:\/\/zonacaral.gob.pe"],"url":"https:\/\/zonacaral.gob.pe\/es\/noticias\/author\/ad_zonacaral\/"}]}},"_links":{"self":[{"href":"https:\/\/zonacaral.gob.pe\/es\/wp-json\/wp\/v2\/posts\/8789","targetHints":{"allow":["GET"]}}],"collection":[{"href":"https:\/\/zonacaral.gob.pe\/es\/wp-json\/wp\/v2\/posts"}],"about":[{"href":"https:\/\/zonacaral.gob.pe\/es\/wp-json\/wp\/v2\/types\/post"}],"author":[{"embeddable":true,"href":"https:\/\/zonacaral.gob.pe\/es\/wp-json\/wp\/v2\/users\/1"}],"replies":[{"embeddable":true,"href":"https:\/\/zonacaral.gob.pe\/es\/wp-json\/wp\/v2\/comments?post=8789"}],"version-history":[{"count":0,"href":"https:\/\/zonacaral.gob.pe\/es\/wp-json\/wp\/v2\/posts\/8789\/revisions"}],"wp:featuredmedia":[{"embeddable":true,"href":"https:\/\/zonacaral.gob.pe\/es\/wp-json\/wp\/v2\/media\/8790"}],"wp:attachment":[{"href":"https:\/\/zonacaral.gob.pe\/es\/wp-json\/wp\/v2\/media?parent=8789"}],"wp:term":[{"taxonomy":"category","embeddable":true,"href":"https:\/\/zonacaral.gob.pe\/es\/wp-json\/wp\/v2\/categories?post=8789"},{"taxonomy":"post_tag","embeddable":true,"href":"https:\/\/zonacaral.gob.pe\/es\/wp-json\/wp\/v2\/tags?post=8789"}],"curies":[{"name":"wp","href":"https:\/\/api.w.org\/{rel}","templated":true}]}}