{"id":8795,"date":"2014-11-20T19:52:44","date_gmt":"2014-11-21T00:52:44","guid":{"rendered":"http:\/\/www.zonacaral.gob.pe\/?p=8795"},"modified":"2014-11-20T19:52:44","modified_gmt":"2014-11-21T00:52:44","slug":"becarios-de-la-alianza-del-pacifico-visitaron-ciudad-sagrada-de-caral","status":"publish","type":"post","link":"https:\/\/zonacaral.gob.pe\/es\/noticias\/becarios-de-la-alianza-del-pacifico-visitaron-ciudad-sagrada-de-caral\/","title":{"rendered":"Becarios de la Alianza del Pac\u00edfico visitaron Ciudad Sagrada de Caral"},"content":{"rendered":"<p style=\"text-align: justify;\">Los 27 j\u00f3venes universitarios de Chile, Colombia y M\u00e9xico que llegaron a nuestro pa\u00eds gracias a la Beca de la Alianza del Pac\u00edfico para estudiar un semestre acad\u00e9mico bajo la modalidad de intercambio, quedaron maravillados con nuestra cultura luego de recorrer la Ciudad Sagrada de Caral.<\/p>\n<p style=\"text-align: justify;\"><img fetchpriority=\"high\" decoding=\"async\" class=\"alignleft wp-image-8797\" src=\"http:\/\/www.zonacaral.gob.pe\/wp-content\/uploads\/2014\/11\/andina-10-11-2014-03.jpg\" alt=\"andina-10-11-2014-03\" width=\"400\" height=\"254\" srcset=\"https:\/\/zonacaral.gob.pe\/wp-content\/uploads\/2014\/11\/andina-10-11-2014-03.jpg 600w, https:\/\/zonacaral.gob.pe\/wp-content\/uploads\/2014\/11\/andina-10-11-2014-03-300x191.jpg 300w\" sizes=\"(max-width: 400px) 100vw, 400px\" \/>Considerada como Patrimonio Cultural de la Humanidad por la Organizaci\u00f3n de las Naciones Unidas para la Educaci\u00f3n, la Ciencia y la Cultura (Unesco) y con una antig\u00fcedad aproximada de 5000 a\u00f1os, Caral, ubicada en la provincia de Barranca, regi\u00f3n Lima, es considerada la civilizaci\u00f3n m\u00e1s antigua de Am\u00e9rica.<\/p>\n<p style=\"text-align: justify;\">La joven colombiana Alejandra Trujillo P\u00e9rez expres\u00f3 su admiraci\u00f3n por la capacidad de organizaci\u00f3n de los antiguos habitantes de Am\u00e9rica. \u201cEs impresionante c\u00f3mo utilizaban el barro y las piedras para construir sus centros ceremoniales y sus hogares\u201d, expres\u00f3.<\/p>\n<p style=\"text-align: justify;\">Por su parte, el chileno Eduardo Carroza, destac\u00f3 la capacidad de los antiguos peruanos para dominar cualquier territorio. \u201cCada d\u00eda que paso en Per\u00fa los admiro m\u00e1s, no solo por la cultura ancestral, sino porque aqu\u00ed nos est\u00e1n tratando muy bien\u201d, subray\u00f3.<br \/>\nLa Beca Alianza del Pac\u00edfico busca contribuir a la formaci\u00f3n de capital humano avanzado, a trav\u00e9s del intercambio de estudiantes de pregrado y doctorado; as\u00ed como de investigadores y docentes de universidades en convenio, adheridas a la Plataforma de Movilidad Estudiantil y Acad\u00e9mica de la Alianza del Pac\u00edfico de Chile, Colombia, M\u00e9xico y Per\u00fa.<\/p>\n<p style=\"text-align: justify;\"><img decoding=\"async\" class=\"alignleft wp-image-8796\" src=\"http:\/\/www.zonacaral.gob.pe\/wp-content\/uploads\/2014\/11\/andina-10-11-2014-02.jpg\" alt=\"andina-10-11-2014-02\" width=\"400\" height=\"254\" srcset=\"https:\/\/zonacaral.gob.pe\/wp-content\/uploads\/2014\/11\/andina-10-11-2014-02.jpg 600w, https:\/\/zonacaral.gob.pe\/wp-content\/uploads\/2014\/11\/andina-10-11-2014-02-300x191.jpg 300w\" sizes=\"(max-width: 400px) 100vw, 400px\" \/>Fabi\u00e1n Ducuara Vel\u00e1squez, que procede de la universidad Santo Tom\u00e1s de Colombia y cursa el noveno ciclo en ESAN, mencion\u00f3 que la beca otorga grandes oportunidades para los j\u00f3venes.<br \/>\n\u201cNuestros gobiernos quieren vernos estudiar, es muy f\u00e1cil obtener la beca, solo hay que esforzarse y ser perseverantes. Yo me acerqu\u00e9 a las oficinas de la universidad Santo Tomas y me comentaron de la Beca Alianza del Pac\u00edfico, modalidad de intercambio, en el cual el estudiante podr\u00e1 estudiar en pa\u00edses que integran la Alianza\u201d coment\u00f3.<\/p>\n<p style=\"text-align: justify;\">A trav\u00e9s de la Beca de la Alianza del Pac\u00edfico cada pa\u00eds asume el compromiso de otorgar anualmente un total de 100 becas para la formaci\u00f3n profesional de capital humano avanzado en \u00e1reas prioritarias como negocios, finanzas, comercio internacional, administraci\u00f3n p\u00fablica, ciencia pol\u00edtica, turismo, econom\u00eda, relaciones internacionales, medio ambiente y cambio clim\u00e1tico, deporte, gastronom\u00eda y cultura.<br \/>\nUn total de 136 becarios llegaron a Per\u00fa procedentes de Chile, Colombia y M\u00e9xico, mientras 173 becarios peruanos estudian en dichos pa\u00edses. Asimismo, 31 universidades peruanas albergan a los becarios de la Alianza del Pac\u00edfico.<\/p>\n<p style=\"color: #000000;\">Fuente:\u00a0<a style=\"color: #212121;\" href=\"http:\/\/www.elperuano.com.pe\/edicion\/edicion-20141106-717.aspx\" target=\"_blank\"><span style=\"color: #800000;\">(<\/span><\/a><a href=\"http:\/\/www.andina.com.pe\/agencia\/noticia-becarios-de-alianza-del-pacifico-visitaron-ciudad-sagrada-caral-532177.aspx\" target=\"_blank\"><span style=\"color: #800000;\">Andina<\/span><\/a><a style=\"color: #212121;\" href=\"http:\/\/www.elperuano.com.pe\/edicion\/edicion-20141106-717.aspx\" target=\"_blank\"><span style=\"color: #800000;\">)<\/span><\/a><\/p>\n<p style=\"color: #000000;\">Fecha de publicaci\u00f3n: 19\/11\/2014<\/p>\n","protected":false},"excerpt":{"rendered":"<p>Los 27 j\u00f3venes universitarios de Chile, Colombia y M\u00e9xico que llegaron a nuestro pa\u00eds gracias a la Beca de la [&hellip;]<\/p>\n","protected":false},"author":1,"featured_media":8798,"comment_status":"closed","ping_status":"open","sticky":false,"template":"","format":"standard","meta":{"_acf_changed":false,"site-sidebar-layout":"default","site-content-layout":"","ast-site-content-layout":"default","site-content-style":"default","site-sidebar-style":"default","ast-global-header-display":"","ast-banner-title-visibility":"","ast-main-header-display":"","ast-hfb-above-header-display":"","ast-hfb-below-header-display":"","ast-hfb-mobile-header-display":"","site-post-title":"","ast-breadcrumbs-content":"","ast-featured-img":"","footer-sml-layout":"","ast-disable-related-posts":"","theme-transparent-header-meta":"","adv-header-id-meta":"","stick-header-meta":"","header-above-stick-meta":"","header-main-stick-meta":"","header-below-stick-meta":"","astra-migrate-meta-layouts":"default","ast-page-background-enabled":"default","ast-page-background-meta":{"desktop":{"background-color":"var(--ast-global-color-5)","background-image":"","background-repeat":"repeat","background-position":"center center","background-size":"auto","background-attachment":"scroll","background-type":"","background-media":"","overlay-type":"","overlay-color":"","overlay-opacity":"","overlay-gradient":""},"tablet":{"background-color":"","background-image":"","background-repeat":"repeat","background-position":"center center","background-size":"auto","background-attachment":"scroll","background-type":"","background-media":"","overlay-type":"","overlay-color":"","overlay-opacity":"","overlay-gradient":""},"mobile":{"background-color":"","background-image":"","background-repeat":"repeat","background-position":"center center","background-size":"auto","background-attachment":"scroll","background-type":"","background-media":"","overlay-type":"","overlay-color":"","overlay-opacity":"","overlay-gradient":""}},"ast-content-background-meta":{"desktop":{"background-color":"var(--ast-global-color-4)","background-image":"","background-repeat":"repeat","background-position":"center center","background-size":"auto","background-attachment":"scroll","background-type":"","background-media":"","overlay-type":"","overlay-color":"","overlay-opacity":"","overlay-gradient":""},"tablet":{"background-color":"var(--ast-global-color-4)","background-image":"","background-repeat":"repeat","background-position":"center center","background-size":"auto","background-attachment":"scroll","background-type":"","background-media":"","overlay-type":"","overlay-color":"","overlay-opacity":"","overlay-gradient":""},"mobile":{"background-color":"var(--ast-global-color-4)","background-image":"","background-repeat":"repeat","background-position":"center center","background-size":"auto","background-attachment":"scroll","background-type":"","background-media":"","overlay-type":"","overlay-color":"","overlay-opacity":"","overlay-gradient":""}},"footnotes":""},"categories":[208],"tags":[73,55],"class_list":["post-8795","post","type-post","status-publish","format-standard","has-post-thumbnail","hentry","category-noticias","tag-alianza-pacifico","tag-caral"],"acf":[],"yoast_head":"<!-- This site is optimized with the Yoast SEO plugin v27.3 - https:\/\/yoast.com\/product\/yoast-seo-wordpress\/ -->\n<title>Becarios de la Alianza del Pac\u00edfico visitaron Ciudad Sagrada de Caral - Zona Caral<\/title>\n<meta name=\"robots\" content=\"index, follow, max-snippet:-1, max-image-preview:large, max-video-preview:-1\" \/>\n<link rel=\"canonical\" href=\"https:\/\/zonacaral.gob.pe\/es\/noticias\/becarios-de-la-alianza-del-pacifico-visitaron-ciudad-sagrada-de-caral\/\" \/>\n<meta property=\"og:locale\" content=\"es_ES\" \/>\n<meta property=\"og:type\" content=\"article\" \/>\n<meta property=\"og:title\" content=\"Becarios de la Alianza del Pac\u00edfico visitaron Ciudad Sagrada de Caral - Zona Caral\" \/>\n<meta property=\"og:description\" content=\"Los 27 j\u00f3venes universitarios de Chile, Colombia y M\u00e9xico que llegaron a nuestro pa\u00eds gracias a la Beca de la [&hellip;]\" \/>\n<meta property=\"og:url\" content=\"https:\/\/zonacaral.gob.pe\/es\/noticias\/becarios-de-la-alianza-del-pacifico-visitaron-ciudad-sagrada-de-caral\/\" \/>\n<meta property=\"og:site_name\" content=\"Zona Caral\" \/>\n<meta property=\"article:published_time\" content=\"2014-11-21T00:52:44+00:00\" \/>\n<meta property=\"og:image\" content=\"https:\/\/zonacaral.gob.pe\/wp-content\/uploads\/2014\/11\/andina-10-11-2014.jpg\" \/>\n\t<meta property=\"og:image:width\" content=\"810\" \/>\n\t<meta property=\"og:image:height\" content=\"410\" \/>\n\t<meta property=\"og:image:type\" content=\"image\/jpeg\" \/>\n<meta name=\"author\" content=\"Zona Caral Administrador\" \/>\n<meta name=\"twitter:card\" content=\"summary_large_image\" \/>\n<meta name=\"twitter:label1\" content=\"Written by\" \/>\n\t<meta name=\"twitter:data1\" content=\"Zona Caral Administrador\" \/>\n\t<meta name=\"twitter:label2\" content=\"Est. reading time\" \/>\n\t<meta name=\"twitter:data2\" content=\"2 minutos\" \/>\n<script type=\"application\/ld+json\" class=\"yoast-schema-graph\">{\"@context\":\"https:\\\/\\\/schema.org\",\"@graph\":[{\"@type\":\"Article\",\"@id\":\"https:\\\/\\\/zonacaral.gob.pe\\\/en\\\/noticias\\\/becarios-de-la-alianza-del-pacifico-visitaron-ciudad-sagrada-de-caral\\\/#article\",\"isPartOf\":{\"@id\":\"https:\\\/\\\/zonacaral.gob.pe\\\/en\\\/noticias\\\/becarios-de-la-alianza-del-pacifico-visitaron-ciudad-sagrada-de-caral\\\/\"},\"author\":{\"name\":\"Zona Caral Administrador\",\"@id\":\"https:\\\/\\\/zonacaral.gob.pe\\\/es\\\/#\\\/schema\\\/person\\\/beddb4d22f71a7230c5b90913270a0ee\"},\"headline\":\"Becarios de la Alianza del Pac\u00edfico visitaron Ciudad Sagrada de Caral\",\"datePublished\":\"2014-11-21T00:52:44+00:00\",\"mainEntityOfPage\":{\"@id\":\"https:\\\/\\\/zonacaral.gob.pe\\\/en\\\/noticias\\\/becarios-de-la-alianza-del-pacifico-visitaron-ciudad-sagrada-de-caral\\\/\"},\"wordCount\":462,\"image\":{\"@id\":\"https:\\\/\\\/zonacaral.gob.pe\\\/en\\\/noticias\\\/becarios-de-la-alianza-del-pacifico-visitaron-ciudad-sagrada-de-caral\\\/#primaryimage\"},\"thumbnailUrl\":\"https:\\\/\\\/zonacaral.gob.pe\\\/wp-content\\\/uploads\\\/2014\\\/11\\\/andina-10-11-2014.jpg\",\"keywords\":[\"Alianza Pacifico\",\"caral\"],\"articleSection\":[\"noticias\"],\"inLanguage\":\"es-PE\"},{\"@type\":\"WebPage\",\"@id\":\"https:\\\/\\\/zonacaral.gob.pe\\\/en\\\/noticias\\\/becarios-de-la-alianza-del-pacifico-visitaron-ciudad-sagrada-de-caral\\\/\",\"url\":\"https:\\\/\\\/zonacaral.gob.pe\\\/en\\\/noticias\\\/becarios-de-la-alianza-del-pacifico-visitaron-ciudad-sagrada-de-caral\\\/\",\"name\":\"Becarios de la Alianza del Pac\u00edfico visitaron Ciudad Sagrada de Caral - Zona Caral\",\"isPartOf\":{\"@id\":\"https:\\\/\\\/zonacaral.gob.pe\\\/es\\\/#website\"},\"primaryImageOfPage\":{\"@id\":\"https:\\\/\\\/zonacaral.gob.pe\\\/en\\\/noticias\\\/becarios-de-la-alianza-del-pacifico-visitaron-ciudad-sagrada-de-caral\\\/#primaryimage\"},\"image\":{\"@id\":\"https:\\\/\\\/zonacaral.gob.pe\\\/en\\\/noticias\\\/becarios-de-la-alianza-del-pacifico-visitaron-ciudad-sagrada-de-caral\\\/#primaryimage\"},\"thumbnailUrl\":\"https:\\\/\\\/zonacaral.gob.pe\\\/wp-content\\\/uploads\\\/2014\\\/11\\\/andina-10-11-2014.jpg\",\"datePublished\":\"2014-11-21T00:52:44+00:00\",\"author\":{\"@id\":\"https:\\\/\\\/zonacaral.gob.pe\\\/es\\\/#\\\/schema\\\/person\\\/beddb4d22f71a7230c5b90913270a0ee\"},\"breadcrumb\":{\"@id\":\"https:\\\/\\\/zonacaral.gob.pe\\\/en\\\/noticias\\\/becarios-de-la-alianza-del-pacifico-visitaron-ciudad-sagrada-de-caral\\\/#breadcrumb\"},\"inLanguage\":\"es-PE\",\"potentialAction\":[{\"@type\":\"ReadAction\",\"target\":[\"https:\\\/\\\/zonacaral.gob.pe\\\/en\\\/noticias\\\/becarios-de-la-alianza-del-pacifico-visitaron-ciudad-sagrada-de-caral\\\/\"]}]},{\"@type\":\"ImageObject\",\"inLanguage\":\"es-PE\",\"@id\":\"https:\\\/\\\/zonacaral.gob.pe\\\/en\\\/noticias\\\/becarios-de-la-alianza-del-pacifico-visitaron-ciudad-sagrada-de-caral\\\/#primaryimage\",\"url\":\"https:\\\/\\\/zonacaral.gob.pe\\\/wp-content\\\/uploads\\\/2014\\\/11\\\/andina-10-11-2014.jpg\",\"contentUrl\":\"https:\\\/\\\/zonacaral.gob.pe\\\/wp-content\\\/uploads\\\/2014\\\/11\\\/andina-10-11-2014.jpg\",\"width\":810,\"height\":410},{\"@type\":\"BreadcrumbList\",\"@id\":\"https:\\\/\\\/zonacaral.gob.pe\\\/en\\\/noticias\\\/becarios-de-la-alianza-del-pacifico-visitaron-ciudad-sagrada-de-caral\\\/#breadcrumb\",\"itemListElement\":[{\"@type\":\"ListItem\",\"position\":1,\"name\":\"Portada\",\"item\":\"https:\\\/\\\/zonacaral.gob.pe\\\/\"},{\"@type\":\"ListItem\",\"position\":2,\"name\":\"Becarios de la Alianza del Pac\u00edfico visitaron Ciudad Sagrada de Caral\"}]},{\"@type\":\"WebSite\",\"@id\":\"https:\\\/\\\/zonacaral.gob.pe\\\/es\\\/#website\",\"url\":\"https:\\\/\\\/zonacaral.gob.pe\\\/es\\\/\",\"name\":\"Zona Caral\",\"description\":\"Investigamos, conservamos y difundimos el patrimonio cultural de la Civilizaci\u00f3n Caral, la m\u00e1s antigua de Am\u00e9rica.\",\"potentialAction\":[{\"@type\":\"SearchAction\",\"target\":{\"@type\":\"EntryPoint\",\"urlTemplate\":\"https:\\\/\\\/zonacaral.gob.pe\\\/es\\\/?s={search_term_string}\"},\"query-input\":{\"@type\":\"PropertyValueSpecification\",\"valueRequired\":true,\"valueName\":\"search_term_string\"}}],\"inLanguage\":\"es-PE\"},{\"@type\":\"Person\",\"@id\":\"https:\\\/\\\/zonacaral.gob.pe\\\/es\\\/#\\\/schema\\\/person\\\/beddb4d22f71a7230c5b90913270a0ee\",\"name\":\"Zona Caral Administrador\",\"image\":{\"@type\":\"ImageObject\",\"inLanguage\":\"es-PE\",\"@id\":\"https:\\\/\\\/secure.gravatar.com\\\/avatar\\\/e4be162918a696358376de6446614e0f0f4062bdc5d170d6d540ada3d8b58c12?s=96&d=mm&r=g\",\"url\":\"https:\\\/\\\/secure.gravatar.com\\\/avatar\\\/e4be162918a696358376de6446614e0f0f4062bdc5d170d6d540ada3d8b58c12?s=96&d=mm&r=g\",\"contentUrl\":\"https:\\\/\\\/secure.gravatar.com\\\/avatar\\\/e4be162918a696358376de6446614e0f0f4062bdc5d170d6d540ada3d8b58c12?s=96&d=mm&r=g\",\"caption\":\"Zona Caral Administrador\"},\"sameAs\":[\"https:\\\/\\\/zonacaral.gob.pe\"],\"url\":\"https:\\\/\\\/zonacaral.gob.pe\\\/es\\\/noticias\\\/author\\\/ad_zonacaral\\\/\"}]}<\/script>\n<!-- \/ Yoast SEO plugin. -->","yoast_head_json":{"title":"Becarios de la Alianza del Pac\u00edfico visitaron Ciudad Sagrada de Caral - Zona Caral","robots":{"index":"index","follow":"follow","max-snippet":"max-snippet:-1","max-image-preview":"max-image-preview:large","max-video-preview":"max-video-preview:-1"},"canonical":"https:\/\/zonacaral.gob.pe\/es\/noticias\/becarios-de-la-alianza-del-pacifico-visitaron-ciudad-sagrada-de-caral\/","og_locale":"es_ES","og_type":"article","og_title":"Becarios de la Alianza del Pac\u00edfico visitaron Ciudad Sagrada de Caral - Zona Caral","og_description":"Los 27 j\u00f3venes universitarios de Chile, Colombia y M\u00e9xico que llegaron a nuestro pa\u00eds gracias a la Beca de la [&hellip;]","og_url":"https:\/\/zonacaral.gob.pe\/es\/noticias\/becarios-de-la-alianza-del-pacifico-visitaron-ciudad-sagrada-de-caral\/","og_site_name":"Zona Caral","article_published_time":"2014-11-21T00:52:44+00:00","og_image":[{"width":810,"height":410,"url":"https:\/\/zonacaral.gob.pe\/wp-content\/uploads\/2014\/11\/andina-10-11-2014.jpg","type":"image\/jpeg"}],"author":"Zona Caral Administrador","twitter_card":"summary_large_image","twitter_misc":{"Written by":"Zona Caral Administrador","Est. reading time":"2 minutos"},"schema":{"@context":"https:\/\/schema.org","@graph":[{"@type":"Article","@id":"https:\/\/zonacaral.gob.pe\/en\/noticias\/becarios-de-la-alianza-del-pacifico-visitaron-ciudad-sagrada-de-caral\/#article","isPartOf":{"@id":"https:\/\/zonacaral.gob.pe\/en\/noticias\/becarios-de-la-alianza-del-pacifico-visitaron-ciudad-sagrada-de-caral\/"},"author":{"name":"Zona Caral Administrador","@id":"https:\/\/zonacaral.gob.pe\/es\/#\/schema\/person\/beddb4d22f71a7230c5b90913270a0ee"},"headline":"Becarios de la Alianza del Pac\u00edfico visitaron Ciudad Sagrada de Caral","datePublished":"2014-11-21T00:52:44+00:00","mainEntityOfPage":{"@id":"https:\/\/zonacaral.gob.pe\/en\/noticias\/becarios-de-la-alianza-del-pacifico-visitaron-ciudad-sagrada-de-caral\/"},"wordCount":462,"image":{"@id":"https:\/\/zonacaral.gob.pe\/en\/noticias\/becarios-de-la-alianza-del-pacifico-visitaron-ciudad-sagrada-de-caral\/#primaryimage"},"thumbnailUrl":"https:\/\/zonacaral.gob.pe\/wp-content\/uploads\/2014\/11\/andina-10-11-2014.jpg","keywords":["Alianza Pacifico","caral"],"articleSection":["noticias"],"inLanguage":"es-PE"},{"@type":"WebPage","@id":"https:\/\/zonacaral.gob.pe\/en\/noticias\/becarios-de-la-alianza-del-pacifico-visitaron-ciudad-sagrada-de-caral\/","url":"https:\/\/zonacaral.gob.pe\/en\/noticias\/becarios-de-la-alianza-del-pacifico-visitaron-ciudad-sagrada-de-caral\/","name":"Becarios de la Alianza del Pac\u00edfico visitaron Ciudad Sagrada de Caral - Zona Caral","isPartOf":{"@id":"https:\/\/zonacaral.gob.pe\/es\/#website"},"primaryImageOfPage":{"@id":"https:\/\/zonacaral.gob.pe\/en\/noticias\/becarios-de-la-alianza-del-pacifico-visitaron-ciudad-sagrada-de-caral\/#primaryimage"},"image":{"@id":"https:\/\/zonacaral.gob.pe\/en\/noticias\/becarios-de-la-alianza-del-pacifico-visitaron-ciudad-sagrada-de-caral\/#primaryimage"},"thumbnailUrl":"https:\/\/zonacaral.gob.pe\/wp-content\/uploads\/2014\/11\/andina-10-11-2014.jpg","datePublished":"2014-11-21T00:52:44+00:00","author":{"@id":"https:\/\/zonacaral.gob.pe\/es\/#\/schema\/person\/beddb4d22f71a7230c5b90913270a0ee"},"breadcrumb":{"@id":"https:\/\/zonacaral.gob.pe\/en\/noticias\/becarios-de-la-alianza-del-pacifico-visitaron-ciudad-sagrada-de-caral\/#breadcrumb"},"inLanguage":"es-PE","potentialAction":[{"@type":"ReadAction","target":["https:\/\/zonacaral.gob.pe\/en\/noticias\/becarios-de-la-alianza-del-pacifico-visitaron-ciudad-sagrada-de-caral\/"]}]},{"@type":"ImageObject","inLanguage":"es-PE","@id":"https:\/\/zonacaral.gob.pe\/en\/noticias\/becarios-de-la-alianza-del-pacifico-visitaron-ciudad-sagrada-de-caral\/#primaryimage","url":"https:\/\/zonacaral.gob.pe\/wp-content\/uploads\/2014\/11\/andina-10-11-2014.jpg","contentUrl":"https:\/\/zonacaral.gob.pe\/wp-content\/uploads\/2014\/11\/andina-10-11-2014.jpg","width":810,"height":410},{"@type":"BreadcrumbList","@id":"https:\/\/zonacaral.gob.pe\/en\/noticias\/becarios-de-la-alianza-del-pacifico-visitaron-ciudad-sagrada-de-caral\/#breadcrumb","itemListElement":[{"@type":"ListItem","position":1,"name":"Portada","item":"https:\/\/zonacaral.gob.pe\/"},{"@type":"ListItem","position":2,"name":"Becarios de la Alianza del Pac\u00edfico visitaron Ciudad Sagrada de Caral"}]},{"@type":"WebSite","@id":"https:\/\/zonacaral.gob.pe\/es\/#website","url":"https:\/\/zonacaral.gob.pe\/es\/","name":"Zona Caral","description":"Investigamos, conservamos y difundimos el patrimonio cultural de la Civilizaci\u00f3n Caral, la m\u00e1s antigua de Am\u00e9rica.","potentialAction":[{"@type":"SearchAction","target":{"@type":"EntryPoint","urlTemplate":"https:\/\/zonacaral.gob.pe\/es\/?s={search_term_string}"},"query-input":{"@type":"PropertyValueSpecification","valueRequired":true,"valueName":"search_term_string"}}],"inLanguage":"es-PE"},{"@type":"Person","@id":"https:\/\/zonacaral.gob.pe\/es\/#\/schema\/person\/beddb4d22f71a7230c5b90913270a0ee","name":"Zona Caral Administrador","image":{"@type":"ImageObject","inLanguage":"es-PE","@id":"https:\/\/secure.gravatar.com\/avatar\/e4be162918a696358376de6446614e0f0f4062bdc5d170d6d540ada3d8b58c12?s=96&d=mm&r=g","url":"https:\/\/secure.gravatar.com\/avatar\/e4be162918a696358376de6446614e0f0f4062bdc5d170d6d540ada3d8b58c12?s=96&d=mm&r=g","contentUrl":"https:\/\/secure.gravatar.com\/avatar\/e4be162918a696358376de6446614e0f0f4062bdc5d170d6d540ada3d8b58c12?s=96&d=mm&r=g","caption":"Zona Caral Administrador"},"sameAs":["https:\/\/zonacaral.gob.pe"],"url":"https:\/\/zonacaral.gob.pe\/es\/noticias\/author\/ad_zonacaral\/"}]}},"_links":{"self":[{"href":"https:\/\/zonacaral.gob.pe\/es\/wp-json\/wp\/v2\/posts\/8795","targetHints":{"allow":["GET"]}}],"collection":[{"href":"https:\/\/zonacaral.gob.pe\/es\/wp-json\/wp\/v2\/posts"}],"about":[{"href":"https:\/\/zonacaral.gob.pe\/es\/wp-json\/wp\/v2\/types\/post"}],"author":[{"embeddable":true,"href":"https:\/\/zonacaral.gob.pe\/es\/wp-json\/wp\/v2\/users\/1"}],"replies":[{"embeddable":true,"href":"https:\/\/zonacaral.gob.pe\/es\/wp-json\/wp\/v2\/comments?post=8795"}],"version-history":[{"count":0,"href":"https:\/\/zonacaral.gob.pe\/es\/wp-json\/wp\/v2\/posts\/8795\/revisions"}],"wp:featuredmedia":[{"embeddable":true,"href":"https:\/\/zonacaral.gob.pe\/es\/wp-json\/wp\/v2\/media\/8798"}],"wp:attachment":[{"href":"https:\/\/zonacaral.gob.pe\/es\/wp-json\/wp\/v2\/media?parent=8795"}],"wp:term":[{"taxonomy":"category","embeddable":true,"href":"https:\/\/zonacaral.gob.pe\/es\/wp-json\/wp\/v2\/categories?post=8795"},{"taxonomy":"post_tag","embeddable":true,"href":"https:\/\/zonacaral.gob.pe\/es\/wp-json\/wp\/v2\/tags?post=8795"}],"curies":[{"name":"wp","href":"https:\/\/api.w.org\/{rel}","templated":true}]}}