{"id":8915,"date":"2015-01-14T16:55:03","date_gmt":"2015-01-14T21:55:03","guid":{"rendered":"http:\/\/www.zonacaral.gob.pe\/?p=8915"},"modified":"2015-01-14T16:55:03","modified_gmt":"2015-01-14T21:55:03","slug":"primer-taller-nacional-de-mujeres-cientificas-produccion-de-conocimientos-en-ciencia-y-tecnologia","status":"publish","type":"post","link":"https:\/\/zonacaral.gob.pe\/es\/noticias\/primer-taller-nacional-de-mujeres-cientificas-produccion-de-conocimientos-en-ciencia-y-tecnologia\/","title":{"rendered":"Primer Taller Nacional de Mujeres Cient\u00edficas: Producci\u00f3n de Conocimientos en Ciencia y Tecnolog\u00eda"},"content":{"rendered":"<div id=\"id_54b6dd4f1b20c4413364946\" class=\"text_exposed_root text_exposed\" style=\"text-align: justify;\">La Acad\u00e9mica Titular Dra. Ruth Shady Sol\u00eds, Directora de la Zona Arqueol\u00f3gica Caral, y Punto Focal Peruano del Programa de Mujeres para la Ciencia, est\u00e1 organizando el Primer Taller Nacional de Mujeres Cient\u00edficas: Producci\u00f3n de Conocimientos en Ciencia y Tecnolog\u00eda, programado para realizarse durante el <strong>26 y 27 de febrero de 2015<\/strong> en la sede de la Biblioteca Nacional del Per\u00fa (Av. De La Poes\u00eda 160 \u2013 San Borja), con la finalidad de motivar que contin\u00fae el desarrollo de las mujeres profesionales en los campos de la ciencia e innovaci\u00f3n.<\/div>\n<div class=\"text_exposed_root text_exposed\" style=\"text-align: justify;\"><\/div>\n<div class=\"text_exposed_root text_exposed\" style=\"text-align: justify;\"><span style=\"color: #993300;\"><a href=\"http:\/\/www.ancperu.org\/\"><span style=\"color: #993300;\">La Academia Nacional de Ciencias (ANC)<\/span><\/a><\/span> fue creada en 1938 con el objetivo de promover y difundir la investigaci\u00f3n cient\u00edfica y tecnol\u00f3gica a nivel nacional en las \u00e1reas de Ciencias Agrarias, Ciencias de la Tierra, Ciencias de la Vida, Ciencias Materiales, Ciencias Exactas, Ciencias Sociales y Astronom\u00eda. Forma parte de la Red Interamericana de Academias de Ciencias (IANAS), la cual tiene como finalidad afianzar y fortalecer la investigaci\u00f3n en ciencia y tecnolog\u00eda en todo el continente americano. A trav\u00e9s de los Puntos Focales Peruanos, desarrolla los programas de Agua, Educaci\u00f3n y Ciencia, Energ\u00eda y Mujeres en la Ciencia. <span style=\"color: #993300;\"><a href=\"http:\/\/www.zonacaral.gob.pe\/downloads\/eventos\/programa-taller-IANAS-produccion-de-conocimientos-ciencia-tecnologia.pdf\">Ver programa.<\/a><\/span><\/div>\n<div class=\"text_exposed_root text_exposed\" style=\"text-align: justify;\"><\/div>\n<div class=\"text_exposed_root text_exposed\" style=\"text-align: justify;\"><strong>Objetivos del Taller:<\/strong><\/div>\n<div class=\"text_exposed_root text_exposed\" style=\"text-align: justify;\">\n<ul>\n<li>Reunir a investigadoras para generar una red de cient\u00edficas que contribuya a fomentar la participaci\u00f3n de la mujer en el desarrollo de las ciencias, de manera articulada con la ANC, a trav\u00e9s de las Secciones Cient\u00edficas y de los Grupos de Acci\u00f3n del Punto Focal de Mujeres para la Ciencia.<\/li>\n<li>Promover la formaci\u00f3n de equipos de investigaci\u00f3n multidisciplinarios e interinstitucionales, en beneficio de la producci\u00f3n de conocimientos cient\u00edficos y del desarrollo social del pa\u00eds, con inclusi\u00f3n del g\u00e9nero femenino.<\/li>\n<\/ul>\n<\/div>\n<div class=\"text_exposed_root text_exposed\" style=\"text-align: justify;\">Para mayor informaci\u00f3n favor contactarse a los correos: <strong>ancmujeresperu@gmail.com<\/strong> y <strong>jefatura@zonacaral.gob.pe<\/strong> y\/o tel\u00e9fonos: <strong>205-2501<\/strong> \/ rpm: <strong>*0193791<\/strong>.<\/div>\n<div class=\"text_exposed_root text_exposed\" style=\"text-align: justify;\"><\/div>\n<div class=\"text_exposed_root text_exposed\" style=\"text-align: justify;\">Fuente:\u00a0Prensa ZAC<\/div>\n<p style=\"text-align: justify;\">Fecha de publicaci\u00f3n: 14\/01\/2014<\/p>\n","protected":false},"excerpt":{"rendered":"<p>La Acad\u00e9mica Titular Dra. Ruth Shady Sol\u00eds, Directora de la Zona Arqueol\u00f3gica Caral, y Punto Focal Peruano del Programa de [&hellip;]<\/p>\n","protected":false},"author":1,"featured_media":8907,"comment_status":"closed","ping_status":"open","sticky":false,"template":"","format":"standard","meta":{"_acf_changed":false,"site-sidebar-layout":"default","site-content-layout":"","ast-site-content-layout":"default","site-content-style":"default","site-sidebar-style":"default","ast-global-header-display":"","ast-banner-title-visibility":"","ast-main-header-display":"","ast-hfb-above-header-display":"","ast-hfb-below-header-display":"","ast-hfb-mobile-header-display":"","site-post-title":"","ast-breadcrumbs-content":"","ast-featured-img":"","footer-sml-layout":"","ast-disable-related-posts":"","theme-transparent-header-meta":"","adv-header-id-meta":"","stick-header-meta":"","header-above-stick-meta":"","header-main-stick-meta":"","header-below-stick-meta":"","astra-migrate-meta-layouts":"default","ast-page-background-enabled":"default","ast-page-background-meta":{"desktop":{"background-color":"var(--ast-global-color-5)","background-image":"","background-repeat":"repeat","background-position":"center center","background-size":"auto","background-attachment":"scroll","background-type":"","background-media":"","overlay-type":"","overlay-color":"","overlay-opacity":"","overlay-gradient":""},"tablet":{"background-color":"","background-image":"","background-repeat":"repeat","background-position":"center center","background-size":"auto","background-attachment":"scroll","background-type":"","background-media":"","overlay-type":"","overlay-color":"","overlay-opacity":"","overlay-gradient":""},"mobile":{"background-color":"","background-image":"","background-repeat":"repeat","background-position":"center center","background-size":"auto","background-attachment":"scroll","background-type":"","background-media":"","overlay-type":"","overlay-color":"","overlay-opacity":"","overlay-gradient":""}},"ast-content-background-meta":{"desktop":{"background-color":"var(--ast-global-color-4)","background-image":"","background-repeat":"repeat","background-position":"center center","background-size":"auto","background-attachment":"scroll","background-type":"","background-media":"","overlay-type":"","overlay-color":"","overlay-opacity":"","overlay-gradient":""},"tablet":{"background-color":"var(--ast-global-color-4)","background-image":"","background-repeat":"repeat","background-position":"center center","background-size":"auto","background-attachment":"scroll","background-type":"","background-media":"","overlay-type":"","overlay-color":"","overlay-opacity":"","overlay-gradient":""},"mobile":{"background-color":"var(--ast-global-color-4)","background-image":"","background-repeat":"repeat","background-position":"center center","background-size":"auto","background-attachment":"scroll","background-type":"","background-media":"","overlay-type":"","overlay-color":"","overlay-opacity":"","overlay-gradient":""}},"footnotes":""},"categories":[208],"tags":[75,55,76],"class_list":["post-8915","post","type-post","status-publish","format-standard","has-post-thumbnail","hentry","category-noticias","tag-ana-jara","tag-caral","tag-ministra"],"acf":[],"yoast_head":"<!-- This site is optimized with the Yoast SEO plugin v27.3 - https:\/\/yoast.com\/product\/yoast-seo-wordpress\/ -->\n<title>Primer Taller Nacional de Mujeres Cient\u00edficas: Producci\u00f3n de Conocimientos en Ciencia y Tecnolog\u00eda - Zona Caral<\/title>\n<meta name=\"robots\" content=\"index, follow, max-snippet:-1, max-image-preview:large, max-video-preview:-1\" \/>\n<link rel=\"canonical\" href=\"https:\/\/zonacaral.gob.pe\/es\/noticias\/primer-taller-nacional-de-mujeres-cientificas-produccion-de-conocimientos-en-ciencia-y-tecnologia\/\" \/>\n<meta property=\"og:locale\" content=\"es_ES\" \/>\n<meta property=\"og:type\" content=\"article\" \/>\n<meta property=\"og:title\" content=\"Primer Taller Nacional de Mujeres Cient\u00edficas: Producci\u00f3n de Conocimientos en Ciencia y Tecnolog\u00eda - Zona Caral\" \/>\n<meta property=\"og:description\" content=\"La Acad\u00e9mica Titular Dra. Ruth Shady Sol\u00eds, Directora de la Zona Arqueol\u00f3gica Caral, y Punto Focal Peruano del Programa de [&hellip;]\" \/>\n<meta property=\"og:url\" content=\"https:\/\/zonacaral.gob.pe\/es\/noticias\/primer-taller-nacional-de-mujeres-cientificas-produccion-de-conocimientos-en-ciencia-y-tecnologia\/\" \/>\n<meta property=\"og:site_name\" content=\"Zona Caral\" \/>\n<meta property=\"article:published_time\" content=\"2015-01-14T21:55:03+00:00\" \/>\n<meta property=\"og:image\" content=\"https:\/\/zonacaral.gob.pe\/wp-content\/uploads\/2015\/01\/taller-ianas.jpg\" \/>\n\t<meta property=\"og:image:width\" content=\"930\" \/>\n\t<meta property=\"og:image:height\" content=\"400\" \/>\n\t<meta property=\"og:image:type\" content=\"image\/jpeg\" \/>\n<meta name=\"author\" content=\"Zona Caral Administrador\" \/>\n<meta name=\"twitter:card\" content=\"summary_large_image\" \/>\n<meta name=\"twitter:label1\" content=\"Written by\" \/>\n\t<meta name=\"twitter:data1\" content=\"Zona Caral Administrador\" \/>\n\t<meta name=\"twitter:label2\" content=\"Est. reading time\" \/>\n\t<meta name=\"twitter:data2\" content=\"2 minutos\" \/>\n<script type=\"application\/ld+json\" class=\"yoast-schema-graph\">{\"@context\":\"https:\\\/\\\/schema.org\",\"@graph\":[{\"@type\":\"Article\",\"@id\":\"https:\\\/\\\/zonacaral.gob.pe\\\/es\\\/noticias\\\/primer-taller-nacional-de-mujeres-cientificas-produccion-de-conocimientos-en-ciencia-y-tecnologia\\\/#article\",\"isPartOf\":{\"@id\":\"https:\\\/\\\/zonacaral.gob.pe\\\/es\\\/noticias\\\/primer-taller-nacional-de-mujeres-cientificas-produccion-de-conocimientos-en-ciencia-y-tecnologia\\\/\"},\"author\":{\"name\":\"Zona Caral Administrador\",\"@id\":\"https:\\\/\\\/zonacaral.gob.pe\\\/es\\\/#\\\/schema\\\/person\\\/beddb4d22f71a7230c5b90913270a0ee\"},\"headline\":\"Primer Taller Nacional de Mujeres Cient\u00edficas: Producci\u00f3n de Conocimientos en Ciencia y Tecnolog\u00eda\",\"datePublished\":\"2015-01-14T21:55:03+00:00\",\"mainEntityOfPage\":{\"@id\":\"https:\\\/\\\/zonacaral.gob.pe\\\/es\\\/noticias\\\/primer-taller-nacional-de-mujeres-cientificas-produccion-de-conocimientos-en-ciencia-y-tecnologia\\\/\"},\"wordCount\":342,\"image\":{\"@id\":\"https:\\\/\\\/zonacaral.gob.pe\\\/es\\\/noticias\\\/primer-taller-nacional-de-mujeres-cientificas-produccion-de-conocimientos-en-ciencia-y-tecnologia\\\/#primaryimage\"},\"thumbnailUrl\":\"https:\\\/\\\/zonacaral.gob.pe\\\/wp-content\\\/uploads\\\/2015\\\/01\\\/taller-ianas.jpg\",\"keywords\":[\"Ana Jara\",\"caral\",\"Ministra\"],\"articleSection\":[\"noticias\"],\"inLanguage\":\"es-PE\"},{\"@type\":\"WebPage\",\"@id\":\"https:\\\/\\\/zonacaral.gob.pe\\\/es\\\/noticias\\\/primer-taller-nacional-de-mujeres-cientificas-produccion-de-conocimientos-en-ciencia-y-tecnologia\\\/\",\"url\":\"https:\\\/\\\/zonacaral.gob.pe\\\/es\\\/noticias\\\/primer-taller-nacional-de-mujeres-cientificas-produccion-de-conocimientos-en-ciencia-y-tecnologia\\\/\",\"name\":\"Primer Taller Nacional de Mujeres Cient\u00edficas: Producci\u00f3n de Conocimientos en Ciencia y Tecnolog\u00eda - Zona Caral\",\"isPartOf\":{\"@id\":\"https:\\\/\\\/zonacaral.gob.pe\\\/es\\\/#website\"},\"primaryImageOfPage\":{\"@id\":\"https:\\\/\\\/zonacaral.gob.pe\\\/es\\\/noticias\\\/primer-taller-nacional-de-mujeres-cientificas-produccion-de-conocimientos-en-ciencia-y-tecnologia\\\/#primaryimage\"},\"image\":{\"@id\":\"https:\\\/\\\/zonacaral.gob.pe\\\/es\\\/noticias\\\/primer-taller-nacional-de-mujeres-cientificas-produccion-de-conocimientos-en-ciencia-y-tecnologia\\\/#primaryimage\"},\"thumbnailUrl\":\"https:\\\/\\\/zonacaral.gob.pe\\\/wp-content\\\/uploads\\\/2015\\\/01\\\/taller-ianas.jpg\",\"datePublished\":\"2015-01-14T21:55:03+00:00\",\"author\":{\"@id\":\"https:\\\/\\\/zonacaral.gob.pe\\\/es\\\/#\\\/schema\\\/person\\\/beddb4d22f71a7230c5b90913270a0ee\"},\"breadcrumb\":{\"@id\":\"https:\\\/\\\/zonacaral.gob.pe\\\/es\\\/noticias\\\/primer-taller-nacional-de-mujeres-cientificas-produccion-de-conocimientos-en-ciencia-y-tecnologia\\\/#breadcrumb\"},\"inLanguage\":\"es-PE\",\"potentialAction\":[{\"@type\":\"ReadAction\",\"target\":[\"https:\\\/\\\/zonacaral.gob.pe\\\/es\\\/noticias\\\/primer-taller-nacional-de-mujeres-cientificas-produccion-de-conocimientos-en-ciencia-y-tecnologia\\\/\"]}]},{\"@type\":\"ImageObject\",\"inLanguage\":\"es-PE\",\"@id\":\"https:\\\/\\\/zonacaral.gob.pe\\\/es\\\/noticias\\\/primer-taller-nacional-de-mujeres-cientificas-produccion-de-conocimientos-en-ciencia-y-tecnologia\\\/#primaryimage\",\"url\":\"https:\\\/\\\/zonacaral.gob.pe\\\/wp-content\\\/uploads\\\/2015\\\/01\\\/taller-ianas.jpg\",\"contentUrl\":\"https:\\\/\\\/zonacaral.gob.pe\\\/wp-content\\\/uploads\\\/2015\\\/01\\\/taller-ianas.jpg\",\"width\":930,\"height\":400},{\"@type\":\"BreadcrumbList\",\"@id\":\"https:\\\/\\\/zonacaral.gob.pe\\\/es\\\/noticias\\\/primer-taller-nacional-de-mujeres-cientificas-produccion-de-conocimientos-en-ciencia-y-tecnologia\\\/#breadcrumb\",\"itemListElement\":[{\"@type\":\"ListItem\",\"position\":1,\"name\":\"Portada\",\"item\":\"https:\\\/\\\/zonacaral.gob.pe\\\/\"},{\"@type\":\"ListItem\",\"position\":2,\"name\":\"Primer Taller Nacional de Mujeres Cient\u00edficas: Producci\u00f3n de Conocimientos en Ciencia y Tecnolog\u00eda\"}]},{\"@type\":\"WebSite\",\"@id\":\"https:\\\/\\\/zonacaral.gob.pe\\\/es\\\/#website\",\"url\":\"https:\\\/\\\/zonacaral.gob.pe\\\/es\\\/\",\"name\":\"Zona Caral\",\"description\":\"Investigamos, conservamos y difundimos el patrimonio cultural de la Civilizaci\u00f3n Caral, la m\u00e1s antigua de Am\u00e9rica.\",\"potentialAction\":[{\"@type\":\"SearchAction\",\"target\":{\"@type\":\"EntryPoint\",\"urlTemplate\":\"https:\\\/\\\/zonacaral.gob.pe\\\/es\\\/?s={search_term_string}\"},\"query-input\":{\"@type\":\"PropertyValueSpecification\",\"valueRequired\":true,\"valueName\":\"search_term_string\"}}],\"inLanguage\":\"es-PE\"},{\"@type\":\"Person\",\"@id\":\"https:\\\/\\\/zonacaral.gob.pe\\\/es\\\/#\\\/schema\\\/person\\\/beddb4d22f71a7230c5b90913270a0ee\",\"name\":\"Zona Caral Administrador\",\"image\":{\"@type\":\"ImageObject\",\"inLanguage\":\"es-PE\",\"@id\":\"https:\\\/\\\/secure.gravatar.com\\\/avatar\\\/e4be162918a696358376de6446614e0f0f4062bdc5d170d6d540ada3d8b58c12?s=96&d=mm&r=g\",\"url\":\"https:\\\/\\\/secure.gravatar.com\\\/avatar\\\/e4be162918a696358376de6446614e0f0f4062bdc5d170d6d540ada3d8b58c12?s=96&d=mm&r=g\",\"contentUrl\":\"https:\\\/\\\/secure.gravatar.com\\\/avatar\\\/e4be162918a696358376de6446614e0f0f4062bdc5d170d6d540ada3d8b58c12?s=96&d=mm&r=g\",\"caption\":\"Zona Caral Administrador\"},\"sameAs\":[\"https:\\\/\\\/zonacaral.gob.pe\"],\"url\":\"https:\\\/\\\/zonacaral.gob.pe\\\/es\\\/noticias\\\/author\\\/ad_zonacaral\\\/\"}]}<\/script>\n<!-- \/ Yoast SEO plugin. -->","yoast_head_json":{"title":"Primer Taller Nacional de Mujeres Cient\u00edficas: Producci\u00f3n de Conocimientos en Ciencia y Tecnolog\u00eda - Zona Caral","robots":{"index":"index","follow":"follow","max-snippet":"max-snippet:-1","max-image-preview":"max-image-preview:large","max-video-preview":"max-video-preview:-1"},"canonical":"https:\/\/zonacaral.gob.pe\/es\/noticias\/primer-taller-nacional-de-mujeres-cientificas-produccion-de-conocimientos-en-ciencia-y-tecnologia\/","og_locale":"es_ES","og_type":"article","og_title":"Primer Taller Nacional de Mujeres Cient\u00edficas: Producci\u00f3n de Conocimientos en Ciencia y Tecnolog\u00eda - Zona Caral","og_description":"La Acad\u00e9mica Titular Dra. Ruth Shady Sol\u00eds, Directora de la Zona Arqueol\u00f3gica Caral, y Punto Focal Peruano del Programa de [&hellip;]","og_url":"https:\/\/zonacaral.gob.pe\/es\/noticias\/primer-taller-nacional-de-mujeres-cientificas-produccion-de-conocimientos-en-ciencia-y-tecnologia\/","og_site_name":"Zona Caral","article_published_time":"2015-01-14T21:55:03+00:00","og_image":[{"width":930,"height":400,"url":"https:\/\/zonacaral.gob.pe\/wp-content\/uploads\/2015\/01\/taller-ianas.jpg","type":"image\/jpeg"}],"author":"Zona Caral Administrador","twitter_card":"summary_large_image","twitter_misc":{"Written by":"Zona Caral Administrador","Est. reading time":"2 minutos"},"schema":{"@context":"https:\/\/schema.org","@graph":[{"@type":"Article","@id":"https:\/\/zonacaral.gob.pe\/es\/noticias\/primer-taller-nacional-de-mujeres-cientificas-produccion-de-conocimientos-en-ciencia-y-tecnologia\/#article","isPartOf":{"@id":"https:\/\/zonacaral.gob.pe\/es\/noticias\/primer-taller-nacional-de-mujeres-cientificas-produccion-de-conocimientos-en-ciencia-y-tecnologia\/"},"author":{"name":"Zona Caral Administrador","@id":"https:\/\/zonacaral.gob.pe\/es\/#\/schema\/person\/beddb4d22f71a7230c5b90913270a0ee"},"headline":"Primer Taller Nacional de Mujeres Cient\u00edficas: Producci\u00f3n de Conocimientos en Ciencia y Tecnolog\u00eda","datePublished":"2015-01-14T21:55:03+00:00","mainEntityOfPage":{"@id":"https:\/\/zonacaral.gob.pe\/es\/noticias\/primer-taller-nacional-de-mujeres-cientificas-produccion-de-conocimientos-en-ciencia-y-tecnologia\/"},"wordCount":342,"image":{"@id":"https:\/\/zonacaral.gob.pe\/es\/noticias\/primer-taller-nacional-de-mujeres-cientificas-produccion-de-conocimientos-en-ciencia-y-tecnologia\/#primaryimage"},"thumbnailUrl":"https:\/\/zonacaral.gob.pe\/wp-content\/uploads\/2015\/01\/taller-ianas.jpg","keywords":["Ana Jara","caral","Ministra"],"articleSection":["noticias"],"inLanguage":"es-PE"},{"@type":"WebPage","@id":"https:\/\/zonacaral.gob.pe\/es\/noticias\/primer-taller-nacional-de-mujeres-cientificas-produccion-de-conocimientos-en-ciencia-y-tecnologia\/","url":"https:\/\/zonacaral.gob.pe\/es\/noticias\/primer-taller-nacional-de-mujeres-cientificas-produccion-de-conocimientos-en-ciencia-y-tecnologia\/","name":"Primer Taller Nacional de Mujeres Cient\u00edficas: Producci\u00f3n de Conocimientos en Ciencia y Tecnolog\u00eda - Zona Caral","isPartOf":{"@id":"https:\/\/zonacaral.gob.pe\/es\/#website"},"primaryImageOfPage":{"@id":"https:\/\/zonacaral.gob.pe\/es\/noticias\/primer-taller-nacional-de-mujeres-cientificas-produccion-de-conocimientos-en-ciencia-y-tecnologia\/#primaryimage"},"image":{"@id":"https:\/\/zonacaral.gob.pe\/es\/noticias\/primer-taller-nacional-de-mujeres-cientificas-produccion-de-conocimientos-en-ciencia-y-tecnologia\/#primaryimage"},"thumbnailUrl":"https:\/\/zonacaral.gob.pe\/wp-content\/uploads\/2015\/01\/taller-ianas.jpg","datePublished":"2015-01-14T21:55:03+00:00","author":{"@id":"https:\/\/zonacaral.gob.pe\/es\/#\/schema\/person\/beddb4d22f71a7230c5b90913270a0ee"},"breadcrumb":{"@id":"https:\/\/zonacaral.gob.pe\/es\/noticias\/primer-taller-nacional-de-mujeres-cientificas-produccion-de-conocimientos-en-ciencia-y-tecnologia\/#breadcrumb"},"inLanguage":"es-PE","potentialAction":[{"@type":"ReadAction","target":["https:\/\/zonacaral.gob.pe\/es\/noticias\/primer-taller-nacional-de-mujeres-cientificas-produccion-de-conocimientos-en-ciencia-y-tecnologia\/"]}]},{"@type":"ImageObject","inLanguage":"es-PE","@id":"https:\/\/zonacaral.gob.pe\/es\/noticias\/primer-taller-nacional-de-mujeres-cientificas-produccion-de-conocimientos-en-ciencia-y-tecnologia\/#primaryimage","url":"https:\/\/zonacaral.gob.pe\/wp-content\/uploads\/2015\/01\/taller-ianas.jpg","contentUrl":"https:\/\/zonacaral.gob.pe\/wp-content\/uploads\/2015\/01\/taller-ianas.jpg","width":930,"height":400},{"@type":"BreadcrumbList","@id":"https:\/\/zonacaral.gob.pe\/es\/noticias\/primer-taller-nacional-de-mujeres-cientificas-produccion-de-conocimientos-en-ciencia-y-tecnologia\/#breadcrumb","itemListElement":[{"@type":"ListItem","position":1,"name":"Portada","item":"https:\/\/zonacaral.gob.pe\/"},{"@type":"ListItem","position":2,"name":"Primer Taller Nacional de Mujeres Cient\u00edficas: Producci\u00f3n de Conocimientos en Ciencia y Tecnolog\u00eda"}]},{"@type":"WebSite","@id":"https:\/\/zonacaral.gob.pe\/es\/#website","url":"https:\/\/zonacaral.gob.pe\/es\/","name":"Zona Caral","description":"Investigamos, conservamos y difundimos el patrimonio cultural de la Civilizaci\u00f3n Caral, la m\u00e1s antigua de Am\u00e9rica.","potentialAction":[{"@type":"SearchAction","target":{"@type":"EntryPoint","urlTemplate":"https:\/\/zonacaral.gob.pe\/es\/?s={search_term_string}"},"query-input":{"@type":"PropertyValueSpecification","valueRequired":true,"valueName":"search_term_string"}}],"inLanguage":"es-PE"},{"@type":"Person","@id":"https:\/\/zonacaral.gob.pe\/es\/#\/schema\/person\/beddb4d22f71a7230c5b90913270a0ee","name":"Zona Caral Administrador","image":{"@type":"ImageObject","inLanguage":"es-PE","@id":"https:\/\/secure.gravatar.com\/avatar\/e4be162918a696358376de6446614e0f0f4062bdc5d170d6d540ada3d8b58c12?s=96&d=mm&r=g","url":"https:\/\/secure.gravatar.com\/avatar\/e4be162918a696358376de6446614e0f0f4062bdc5d170d6d540ada3d8b58c12?s=96&d=mm&r=g","contentUrl":"https:\/\/secure.gravatar.com\/avatar\/e4be162918a696358376de6446614e0f0f4062bdc5d170d6d540ada3d8b58c12?s=96&d=mm&r=g","caption":"Zona Caral Administrador"},"sameAs":["https:\/\/zonacaral.gob.pe"],"url":"https:\/\/zonacaral.gob.pe\/es\/noticias\/author\/ad_zonacaral\/"}]}},"_links":{"self":[{"href":"https:\/\/zonacaral.gob.pe\/es\/wp-json\/wp\/v2\/posts\/8915","targetHints":{"allow":["GET"]}}],"collection":[{"href":"https:\/\/zonacaral.gob.pe\/es\/wp-json\/wp\/v2\/posts"}],"about":[{"href":"https:\/\/zonacaral.gob.pe\/es\/wp-json\/wp\/v2\/types\/post"}],"author":[{"embeddable":true,"href":"https:\/\/zonacaral.gob.pe\/es\/wp-json\/wp\/v2\/users\/1"}],"replies":[{"embeddable":true,"href":"https:\/\/zonacaral.gob.pe\/es\/wp-json\/wp\/v2\/comments?post=8915"}],"version-history":[{"count":0,"href":"https:\/\/zonacaral.gob.pe\/es\/wp-json\/wp\/v2\/posts\/8915\/revisions"}],"wp:featuredmedia":[{"embeddable":true,"href":"https:\/\/zonacaral.gob.pe\/es\/wp-json\/wp\/v2\/media\/8907"}],"wp:attachment":[{"href":"https:\/\/zonacaral.gob.pe\/es\/wp-json\/wp\/v2\/media?parent=8915"}],"wp:term":[{"taxonomy":"category","embeddable":true,"href":"https:\/\/zonacaral.gob.pe\/es\/wp-json\/wp\/v2\/categories?post=8915"},{"taxonomy":"post_tag","embeddable":true,"href":"https:\/\/zonacaral.gob.pe\/es\/wp-json\/wp\/v2\/tags?post=8915"}],"curies":[{"name":"wp","href":"https:\/\/api.w.org\/{rel}","templated":true}]}}