{"id":9059,"date":"2015-01-27T14:53:35","date_gmt":"2015-01-27T19:53:35","guid":{"rendered":"http:\/\/www.zonacaral.gob.pe\/?p=9059"},"modified":"2015-01-27T14:53:35","modified_gmt":"2015-01-27T19:53:35","slug":"first-sustainable-city-in-america-was-born-5000-years-ago","status":"publish","type":"post","link":"https:\/\/zonacaral.gob.pe\/es\/noticias\/first-sustainable-city-in-america-was-born-5000-years-ago\/","title":{"rendered":"First sustainable city in America was born 5,000 years ago"},"content":{"rendered":"<p style=\"text-align: justify;\">North of Lima, in Peru, a city known 5,000 years ago, how to reuse materials, harness energy from the wind and sun, and consciously use the water for no desperdiciarla.En these places caralinos applied a high knowledge in science and technology as well as in managing the economy and social organization that promoted its development.<\/p>\n<p style=\"text-align: justify;\">The Carales looked at his surroundings, understood and decided to build their buildings at the site would have less impact on the environment. Thus, the sacred city of Caral resolved how to be sustainable five thousand years ago. The revelation was made by archaeologist Ruth Shady and his team in the report The sacred city of Caral civilization. Sustainable model: environmental management and disaster risk.<\/p>\n<p style=\"text-align: justify;\">\u00abThere was a space prior knowledge of the settlement to make use of resources without depredarlos valley,\u00bb said archaeologist Marco Antonio Bezares to the Nation. \u00abI never settled in the valley. Took the concourses to provide buildings, always with respect to the valley and the coastal mountain \u00abhe added Bezares.<\/p>\n<p style=\"text-align: justify;\">Although Caral as an archaeological site known since 1940, Shady and his team began excavating in 1994.<\/p>\n<h3 style=\"color: #555555; text-align: justify;\">Think territory<\/h3>\n<address class=\"mceTemp\">\n<dl id=\"attachment_9040\" class=\"wp-caption alignnone\" style=\"width: 701px;\">\n<dt class=\"wp-caption-dt\"><img fetchpriority=\"high\" decoding=\"async\" class=\"wp-image-9040\" src=\"http:\/\/www.zonacaral.gob.pe\/wp-content\/uploads\/2015\/01\/nacion-25-01-2015-02.jpg\" alt=\"nacion-25-01-2015-02\" width=\"691\" height=\"386\" srcset=\"https:\/\/zonacaral.gob.pe\/wp-content\/uploads\/2015\/01\/nacion-25-01-2015-02.jpg 900w, https:\/\/zonacaral.gob.pe\/wp-content\/uploads\/2015\/01\/nacion-25-01-2015-02-300x168.jpg 300w, https:\/\/zonacaral.gob.pe\/wp-content\/uploads\/2015\/01\/nacion-25-01-2015-02-768x429.jpg 768w\" sizes=\"(max-width: 691px) 100vw, 691px\" \/><\/dt>\n<dd class=\"wp-caption-dd\"><em>The Carales managed Supe river basin as a unit to guarantee the supply of water resources.<\/em><\/dd>\n<\/dl>\n<\/address>\n<p style=\"text-align: justify;\">The Carales joined the oldest, Egypt and China contemporary civilization in America. They settled in the north-central area, in the valley of Supe River between 3000 and 1800 BC. C.<\/p>\n<p style=\"text-align: justify;\">They built 25 settlements where about 3,000 people were housed. The Carales raised their holy city in a high place surrounded by hills, which had an aquifer, good solar radiation during the year, little rainfall and moderate winds. Being located above the bed of the Supe River, they prevented flooding and to conserve the coastal forest, this worked like a retaining wall to the flooding.<\/p>\n<p style=\"text-align: justify;\">With regard to water resources, the Carales managed Supe river basin as a unit. The torrent was used to irrigate crops, while the springs were intended exclusively for human consumption. During the time when the river dried, these sources were used for irrigation. Furthermore, in the hills above converging point between roads that facilitated trade and cultural exchange between the settlements of the Midwest.<\/p>\n<p style=\"text-align: justify;\">\u00abThe roads were transverse, just had two kilometers, and his vision was to connect the valleys\u00bb Bezares said. This allowed them to diversify and thus not deplete the resource. As energy sources took advantage of the wind and sun. The first was powered by underground conduits within enclosures where there was a stove, which served to increase the temperature.<\/p>\n<p style=\"text-align: justify;\">\u00abBy the power of wind and fire managed combustion and rapid heating of stones to cook food with low emission of carbon dioxide,\u00bb reads the report. The sun was used to dry the fish, which previously and thus salted, stretched his time fit for consumption.<\/p>\n<h3 style=\"color: #555555; text-align: justify;\">Green city<\/h3>\n<p style=\"text-align: justify;\">The sacred city of Caral consists of 32 architectural ensembles. Of these housing seven, three sunken circular plazas, a central square and two squares. They used local materials for constructive purposes. The shicras bags were stuffed vegetable fibers of stones that were used in the foundations of buildings, while the technique-a woven thatch log frame, rods and fibers was coated with clay-was used on the walls.<\/p>\n<p style=\"text-align: justify;\">Villagers studied uneven ground or slopes and undulations. There leveling made from waste materials warehouse, previously dried.<\/p>\n<p style=\"text-align: justify;\">Being flexible structures materials, thatch shicras and helped disperse the seismic waves, thus preventing landslides.<\/p>\n<address class=\"mceTemp\">\n<dl id=\"attachment_9045\" class=\"wp-caption alignnone\" style=\"width: 701px;\">\n<dt class=\"wp-caption-dt\"><img decoding=\"async\" class=\"wp-image-9045\" src=\"http:\/\/www.zonacaral.gob.pe\/wp-content\/uploads\/2015\/01\/nacion-25-01-2015-03.jpg\" alt=\"nacion-25-01-2015-03\" width=\"691\" height=\"610\" srcset=\"https:\/\/zonacaral.gob.pe\/wp-content\/uploads\/2015\/01\/nacion-25-01-2015-03.jpg 900w, https:\/\/zonacaral.gob.pe\/wp-content\/uploads\/2015\/01\/nacion-25-01-2015-03-300x265.jpg 300w, https:\/\/zonacaral.gob.pe\/wp-content\/uploads\/2015\/01\/nacion-25-01-2015-03-768x678.jpg 768w\" sizes=\"(max-width: 691px) 100vw, 691px\" \/><\/dt>\n<dd class=\"wp-caption-dd\"><em>The architectural technique Carales included reuse and dry waste like the shells of shellfish and fish-bones by way of fillings platforms buildings. Thus, 32 buildings were erected. The huanca, rock placed in the middle of the main square was used as a sundial.<\/em><\/dd>\n<\/dl>\n<\/address>\n<p>Understanding the environmental conditions was essential for food security, so they built a laboratory where they had record of what they observed.<\/p>\n<p>\u00abThey paid attention to other indicators of changes in climate, in the presence or absence of certain species of animals, changes occurring in the sea with El Ni\u00f1o or La Ni\u00f1a, but also on the ground with the abnormal movement of birds , frogs, crickets and insects that currently play them in the valley as heralds of environmental changes, \u00abhighlighted in the study.<\/p>\n<h3 style=\"color: #555555; text-align: justify;\">Legacy<\/h3>\n<p>To Bezares, the Carales left a still valid lesson: the importance of knowing the landscape and maintain the green areas.<\/p>\n<p>\u00abThe importance of Caral will not only transcend time it is busy, but that knowledge generated and cultural features will transcend later civilizations,\u00bb said Bezares.<\/p>\n<p style=\"color: #555555; text-align: justify;\"><img decoding=\"async\" class=\"alignnone wp-image-9050\" src=\"http:\/\/www.zonacaral.gob.pe\/wp-content\/uploads\/2015\/01\/nacion-25-01-2015-05.jpg\" alt=\"nacion-25-01-2015-05\" width=\"691\" height=\"1084\" srcset=\"https:\/\/zonacaral.gob.pe\/wp-content\/uploads\/2015\/01\/nacion-25-01-2015-05.jpg 880w, https:\/\/zonacaral.gob.pe\/wp-content\/uploads\/2015\/01\/nacion-25-01-2015-05-191x300.jpg 191w, https:\/\/zonacaral.gob.pe\/wp-content\/uploads\/2015\/01\/nacion-25-01-2015-05-653x1024.jpg 653w, https:\/\/zonacaral.gob.pe\/wp-content\/uploads\/2015\/01\/nacion-25-01-2015-05-768x1204.jpg 768w\" sizes=\"(max-width: 691px) 100vw, 691px\" \/><\/p>\n<p style=\"color: #555555; text-align: justify;\">Fuente:\u00a0<span style=\"color: #800000;\">(<\/span><a href=\"http:\/\/www.nacion.com\/vivir\/ambiente\/Primera-ciudad-sostenible-America-nacio_0_1465653465.html\" target=\"_blank\">Dayli La Naci\u00f3n &#8211; Costa Rica<\/a><span style=\"color: #800000;\">)<\/span><\/p>\n<p style=\"color: #000000;\">Date Posted: 25\/01\/2015<\/p>\n","protected":false},"excerpt":{"rendered":"<p>North of Lima, in Peru, a city known 5,000 years ago, how to reuse materials, harness energy from the wind [&hellip;]<\/p>\n","protected":false},"author":1,"featured_media":9035,"comment_status":"closed","ping_status":"open","sticky":false,"template":"","format":"standard","meta":{"_acf_changed":false,"site-sidebar-layout":"default","site-content-layout":"","ast-site-content-layout":"default","site-content-style":"default","site-sidebar-style":"default","ast-global-header-display":"","ast-banner-title-visibility":"","ast-main-header-display":"","ast-hfb-above-header-display":"","ast-hfb-below-header-display":"","ast-hfb-mobile-header-display":"","site-post-title":"","ast-breadcrumbs-content":"","ast-featured-img":"","footer-sml-layout":"","ast-disable-related-posts":"","theme-transparent-header-meta":"","adv-header-id-meta":"","stick-header-meta":"","header-above-stick-meta":"","header-main-stick-meta":"","header-below-stick-meta":"","astra-migrate-meta-layouts":"default","ast-page-background-enabled":"default","ast-page-background-meta":{"desktop":{"background-color":"var(--ast-global-color-5)","background-image":"","background-repeat":"repeat","background-position":"center center","background-size":"auto","background-attachment":"scroll","background-type":"","background-media":"","overlay-type":"","overlay-color":"","overlay-opacity":"","overlay-gradient":""},"tablet":{"background-color":"","background-image":"","background-repeat":"repeat","background-position":"center center","background-size":"auto","background-attachment":"scroll","background-type":"","background-media":"","overlay-type":"","overlay-color":"","overlay-opacity":"","overlay-gradient":""},"mobile":{"background-color":"","background-image":"","background-repeat":"repeat","background-position":"center center","background-size":"auto","background-attachment":"scroll","background-type":"","background-media":"","overlay-type":"","overlay-color":"","overlay-opacity":"","overlay-gradient":""}},"ast-content-background-meta":{"desktop":{"background-color":"var(--ast-global-color-4)","background-image":"","background-repeat":"repeat","background-position":"center center","background-size":"auto","background-attachment":"scroll","background-type":"","background-media":"","overlay-type":"","overlay-color":"","overlay-opacity":"","overlay-gradient":""},"tablet":{"background-color":"var(--ast-global-color-4)","background-image":"","background-repeat":"repeat","background-position":"center center","background-size":"auto","background-attachment":"scroll","background-type":"","background-media":"","overlay-type":"","overlay-color":"","overlay-opacity":"","overlay-gradient":""},"mobile":{"background-color":"var(--ast-global-color-4)","background-image":"","background-repeat":"repeat","background-position":"center center","background-size":"auto","background-attachment":"scroll","background-type":"","background-media":"","overlay-type":"","overlay-color":"","overlay-opacity":"","overlay-gradient":""}},"footnotes":""},"categories":[209],"tags":[],"class_list":["post-9059","post","type-post","status-publish","format-standard","has-post-thumbnail","hentry","category-news-2"],"acf":[],"yoast_head":"<!-- This site is optimized with the Yoast SEO plugin v27.3 - https:\/\/yoast.com\/product\/yoast-seo-wordpress\/ -->\n<title>First sustainable city in America was born 5,000 years ago - Zona Caral<\/title>\n<meta name=\"robots\" content=\"index, follow, max-snippet:-1, max-image-preview:large, max-video-preview:-1\" \/>\n<link rel=\"canonical\" href=\"https:\/\/zonacaral.gob.pe\/es\/noticias\/first-sustainable-city-in-america-was-born-5000-years-ago\/\" \/>\n<meta property=\"og:locale\" content=\"es_ES\" \/>\n<meta property=\"og:type\" content=\"article\" \/>\n<meta property=\"og:title\" content=\"First sustainable city in America was born 5,000 years ago - Zona Caral\" \/>\n<meta property=\"og:description\" content=\"North of Lima, in Peru, a city known 5,000 years ago, how to reuse materials, harness energy from the wind [&hellip;]\" \/>\n<meta property=\"og:url\" content=\"https:\/\/zonacaral.gob.pe\/es\/noticias\/first-sustainable-city-in-america-was-born-5000-years-ago\/\" \/>\n<meta property=\"og:site_name\" content=\"Zona Caral\" \/>\n<meta property=\"article:published_time\" content=\"2015-01-27T19:53:35+00:00\" \/>\n<meta property=\"og:image\" content=\"https:\/\/zonacaral.gob.pe\/wp-content\/uploads\/2015\/01\/nacion-25-01-2015-04.jpg\" \/>\n\t<meta property=\"og:image:width\" content=\"2200\" \/>\n\t<meta property=\"og:image:height\" content=\"1465\" \/>\n\t<meta property=\"og:image:type\" content=\"image\/jpeg\" \/>\n<meta name=\"author\" content=\"Zona Caral Administrador\" \/>\n<meta name=\"twitter:card\" content=\"summary_large_image\" \/>\n<meta name=\"twitter:label1\" content=\"Written by\" \/>\n\t<meta name=\"twitter:data1\" content=\"Zona Caral Administrador\" \/>\n\t<meta name=\"twitter:label2\" content=\"Est. reading time\" \/>\n\t<meta name=\"twitter:data2\" content=\"4 minutos\" \/>\n<script type=\"application\/ld+json\" class=\"yoast-schema-graph\">{\"@context\":\"https:\\\/\\\/schema.org\",\"@graph\":[{\"@type\":\"Article\",\"@id\":\"https:\\\/\\\/zonacaral.gob.pe\\\/en\\\/noticias\\\/first-sustainable-city-in-america-was-born-5000-years-ago\\\/#article\",\"isPartOf\":{\"@id\":\"https:\\\/\\\/zonacaral.gob.pe\\\/en\\\/noticias\\\/first-sustainable-city-in-america-was-born-5000-years-ago\\\/\"},\"author\":{\"name\":\"Zona Caral Administrador\",\"@id\":\"https:\\\/\\\/zonacaral.gob.pe\\\/es\\\/#\\\/schema\\\/person\\\/beddb4d22f71a7230c5b90913270a0ee\"},\"headline\":\"First sustainable city in America was born 5,000 years ago\",\"datePublished\":\"2015-01-27T19:53:35+00:00\",\"mainEntityOfPage\":{\"@id\":\"https:\\\/\\\/zonacaral.gob.pe\\\/en\\\/noticias\\\/first-sustainable-city-in-america-was-born-5000-years-ago\\\/\"},\"wordCount\":754,\"image\":{\"@id\":\"https:\\\/\\\/zonacaral.gob.pe\\\/en\\\/noticias\\\/first-sustainable-city-in-america-was-born-5000-years-ago\\\/#primaryimage\"},\"thumbnailUrl\":\"https:\\\/\\\/zonacaral.gob.pe\\\/wp-content\\\/uploads\\\/2015\\\/01\\\/nacion-25-01-2015-04.jpg\",\"articleSection\":[\"news\"],\"inLanguage\":\"es-PE\"},{\"@type\":\"WebPage\",\"@id\":\"https:\\\/\\\/zonacaral.gob.pe\\\/en\\\/noticias\\\/first-sustainable-city-in-america-was-born-5000-years-ago\\\/\",\"url\":\"https:\\\/\\\/zonacaral.gob.pe\\\/en\\\/noticias\\\/first-sustainable-city-in-america-was-born-5000-years-ago\\\/\",\"name\":\"First sustainable city in America was born 5,000 years ago - Zona Caral\",\"isPartOf\":{\"@id\":\"https:\\\/\\\/zonacaral.gob.pe\\\/es\\\/#website\"},\"primaryImageOfPage\":{\"@id\":\"https:\\\/\\\/zonacaral.gob.pe\\\/en\\\/noticias\\\/first-sustainable-city-in-america-was-born-5000-years-ago\\\/#primaryimage\"},\"image\":{\"@id\":\"https:\\\/\\\/zonacaral.gob.pe\\\/en\\\/noticias\\\/first-sustainable-city-in-america-was-born-5000-years-ago\\\/#primaryimage\"},\"thumbnailUrl\":\"https:\\\/\\\/zonacaral.gob.pe\\\/wp-content\\\/uploads\\\/2015\\\/01\\\/nacion-25-01-2015-04.jpg\",\"datePublished\":\"2015-01-27T19:53:35+00:00\",\"author\":{\"@id\":\"https:\\\/\\\/zonacaral.gob.pe\\\/es\\\/#\\\/schema\\\/person\\\/beddb4d22f71a7230c5b90913270a0ee\"},\"breadcrumb\":{\"@id\":\"https:\\\/\\\/zonacaral.gob.pe\\\/en\\\/noticias\\\/first-sustainable-city-in-america-was-born-5000-years-ago\\\/#breadcrumb\"},\"inLanguage\":\"es-PE\",\"potentialAction\":[{\"@type\":\"ReadAction\",\"target\":[\"https:\\\/\\\/zonacaral.gob.pe\\\/en\\\/noticias\\\/first-sustainable-city-in-america-was-born-5000-years-ago\\\/\"]}]},{\"@type\":\"ImageObject\",\"inLanguage\":\"es-PE\",\"@id\":\"https:\\\/\\\/zonacaral.gob.pe\\\/en\\\/noticias\\\/first-sustainable-city-in-america-was-born-5000-years-ago\\\/#primaryimage\",\"url\":\"https:\\\/\\\/zonacaral.gob.pe\\\/wp-content\\\/uploads\\\/2015\\\/01\\\/nacion-25-01-2015-04.jpg\",\"contentUrl\":\"https:\\\/\\\/zonacaral.gob.pe\\\/wp-content\\\/uploads\\\/2015\\\/01\\\/nacion-25-01-2015-04.jpg\",\"width\":2200,\"height\":1465},{\"@type\":\"BreadcrumbList\",\"@id\":\"https:\\\/\\\/zonacaral.gob.pe\\\/en\\\/noticias\\\/first-sustainable-city-in-america-was-born-5000-years-ago\\\/#breadcrumb\",\"itemListElement\":[{\"@type\":\"ListItem\",\"position\":1,\"name\":\"Portada\",\"item\":\"https:\\\/\\\/zonacaral.gob.pe\\\/\"},{\"@type\":\"ListItem\",\"position\":2,\"name\":\"First sustainable city in America was born 5,000 years ago\"}]},{\"@type\":\"WebSite\",\"@id\":\"https:\\\/\\\/zonacaral.gob.pe\\\/es\\\/#website\",\"url\":\"https:\\\/\\\/zonacaral.gob.pe\\\/es\\\/\",\"name\":\"Zona Caral\",\"description\":\"Investigamos, conservamos y difundimos el patrimonio cultural de la Civilizaci\u00f3n Caral, la m\u00e1s antigua de Am\u00e9rica.\",\"potentialAction\":[{\"@type\":\"SearchAction\",\"target\":{\"@type\":\"EntryPoint\",\"urlTemplate\":\"https:\\\/\\\/zonacaral.gob.pe\\\/es\\\/?s={search_term_string}\"},\"query-input\":{\"@type\":\"PropertyValueSpecification\",\"valueRequired\":true,\"valueName\":\"search_term_string\"}}],\"inLanguage\":\"es-PE\"},{\"@type\":\"Person\",\"@id\":\"https:\\\/\\\/zonacaral.gob.pe\\\/es\\\/#\\\/schema\\\/person\\\/beddb4d22f71a7230c5b90913270a0ee\",\"name\":\"Zona Caral Administrador\",\"image\":{\"@type\":\"ImageObject\",\"inLanguage\":\"es-PE\",\"@id\":\"https:\\\/\\\/secure.gravatar.com\\\/avatar\\\/e4be162918a696358376de6446614e0f0f4062bdc5d170d6d540ada3d8b58c12?s=96&d=mm&r=g\",\"url\":\"https:\\\/\\\/secure.gravatar.com\\\/avatar\\\/e4be162918a696358376de6446614e0f0f4062bdc5d170d6d540ada3d8b58c12?s=96&d=mm&r=g\",\"contentUrl\":\"https:\\\/\\\/secure.gravatar.com\\\/avatar\\\/e4be162918a696358376de6446614e0f0f4062bdc5d170d6d540ada3d8b58c12?s=96&d=mm&r=g\",\"caption\":\"Zona Caral Administrador\"},\"sameAs\":[\"https:\\\/\\\/zonacaral.gob.pe\"],\"url\":\"https:\\\/\\\/zonacaral.gob.pe\\\/es\\\/noticias\\\/author\\\/ad_zonacaral\\\/\"}]}<\/script>\n<!-- \/ Yoast SEO plugin. -->","yoast_head_json":{"title":"First sustainable city in America was born 5,000 years ago - Zona Caral","robots":{"index":"index","follow":"follow","max-snippet":"max-snippet:-1","max-image-preview":"max-image-preview:large","max-video-preview":"max-video-preview:-1"},"canonical":"https:\/\/zonacaral.gob.pe\/es\/noticias\/first-sustainable-city-in-america-was-born-5000-years-ago\/","og_locale":"es_ES","og_type":"article","og_title":"First sustainable city in America was born 5,000 years ago - Zona Caral","og_description":"North of Lima, in Peru, a city known 5,000 years ago, how to reuse materials, harness energy from the wind [&hellip;]","og_url":"https:\/\/zonacaral.gob.pe\/es\/noticias\/first-sustainable-city-in-america-was-born-5000-years-ago\/","og_site_name":"Zona Caral","article_published_time":"2015-01-27T19:53:35+00:00","og_image":[{"width":2200,"height":1465,"url":"https:\/\/zonacaral.gob.pe\/wp-content\/uploads\/2015\/01\/nacion-25-01-2015-04.jpg","type":"image\/jpeg"}],"author":"Zona Caral Administrador","twitter_card":"summary_large_image","twitter_misc":{"Written by":"Zona Caral Administrador","Est. reading time":"4 minutos"},"schema":{"@context":"https:\/\/schema.org","@graph":[{"@type":"Article","@id":"https:\/\/zonacaral.gob.pe\/en\/noticias\/first-sustainable-city-in-america-was-born-5000-years-ago\/#article","isPartOf":{"@id":"https:\/\/zonacaral.gob.pe\/en\/noticias\/first-sustainable-city-in-america-was-born-5000-years-ago\/"},"author":{"name":"Zona Caral Administrador","@id":"https:\/\/zonacaral.gob.pe\/es\/#\/schema\/person\/beddb4d22f71a7230c5b90913270a0ee"},"headline":"First sustainable city in America was born 5,000 years ago","datePublished":"2015-01-27T19:53:35+00:00","mainEntityOfPage":{"@id":"https:\/\/zonacaral.gob.pe\/en\/noticias\/first-sustainable-city-in-america-was-born-5000-years-ago\/"},"wordCount":754,"image":{"@id":"https:\/\/zonacaral.gob.pe\/en\/noticias\/first-sustainable-city-in-america-was-born-5000-years-ago\/#primaryimage"},"thumbnailUrl":"https:\/\/zonacaral.gob.pe\/wp-content\/uploads\/2015\/01\/nacion-25-01-2015-04.jpg","articleSection":["news"],"inLanguage":"es-PE"},{"@type":"WebPage","@id":"https:\/\/zonacaral.gob.pe\/en\/noticias\/first-sustainable-city-in-america-was-born-5000-years-ago\/","url":"https:\/\/zonacaral.gob.pe\/en\/noticias\/first-sustainable-city-in-america-was-born-5000-years-ago\/","name":"First sustainable city in America was born 5,000 years ago - Zona Caral","isPartOf":{"@id":"https:\/\/zonacaral.gob.pe\/es\/#website"},"primaryImageOfPage":{"@id":"https:\/\/zonacaral.gob.pe\/en\/noticias\/first-sustainable-city-in-america-was-born-5000-years-ago\/#primaryimage"},"image":{"@id":"https:\/\/zonacaral.gob.pe\/en\/noticias\/first-sustainable-city-in-america-was-born-5000-years-ago\/#primaryimage"},"thumbnailUrl":"https:\/\/zonacaral.gob.pe\/wp-content\/uploads\/2015\/01\/nacion-25-01-2015-04.jpg","datePublished":"2015-01-27T19:53:35+00:00","author":{"@id":"https:\/\/zonacaral.gob.pe\/es\/#\/schema\/person\/beddb4d22f71a7230c5b90913270a0ee"},"breadcrumb":{"@id":"https:\/\/zonacaral.gob.pe\/en\/noticias\/first-sustainable-city-in-america-was-born-5000-years-ago\/#breadcrumb"},"inLanguage":"es-PE","potentialAction":[{"@type":"ReadAction","target":["https:\/\/zonacaral.gob.pe\/en\/noticias\/first-sustainable-city-in-america-was-born-5000-years-ago\/"]}]},{"@type":"ImageObject","inLanguage":"es-PE","@id":"https:\/\/zonacaral.gob.pe\/en\/noticias\/first-sustainable-city-in-america-was-born-5000-years-ago\/#primaryimage","url":"https:\/\/zonacaral.gob.pe\/wp-content\/uploads\/2015\/01\/nacion-25-01-2015-04.jpg","contentUrl":"https:\/\/zonacaral.gob.pe\/wp-content\/uploads\/2015\/01\/nacion-25-01-2015-04.jpg","width":2200,"height":1465},{"@type":"BreadcrumbList","@id":"https:\/\/zonacaral.gob.pe\/en\/noticias\/first-sustainable-city-in-america-was-born-5000-years-ago\/#breadcrumb","itemListElement":[{"@type":"ListItem","position":1,"name":"Portada","item":"https:\/\/zonacaral.gob.pe\/"},{"@type":"ListItem","position":2,"name":"First sustainable city in America was born 5,000 years ago"}]},{"@type":"WebSite","@id":"https:\/\/zonacaral.gob.pe\/es\/#website","url":"https:\/\/zonacaral.gob.pe\/es\/","name":"Zona Caral","description":"Investigamos, conservamos y difundimos el patrimonio cultural de la Civilizaci\u00f3n Caral, la m\u00e1s antigua de Am\u00e9rica.","potentialAction":[{"@type":"SearchAction","target":{"@type":"EntryPoint","urlTemplate":"https:\/\/zonacaral.gob.pe\/es\/?s={search_term_string}"},"query-input":{"@type":"PropertyValueSpecification","valueRequired":true,"valueName":"search_term_string"}}],"inLanguage":"es-PE"},{"@type":"Person","@id":"https:\/\/zonacaral.gob.pe\/es\/#\/schema\/person\/beddb4d22f71a7230c5b90913270a0ee","name":"Zona Caral Administrador","image":{"@type":"ImageObject","inLanguage":"es-PE","@id":"https:\/\/secure.gravatar.com\/avatar\/e4be162918a696358376de6446614e0f0f4062bdc5d170d6d540ada3d8b58c12?s=96&d=mm&r=g","url":"https:\/\/secure.gravatar.com\/avatar\/e4be162918a696358376de6446614e0f0f4062bdc5d170d6d540ada3d8b58c12?s=96&d=mm&r=g","contentUrl":"https:\/\/secure.gravatar.com\/avatar\/e4be162918a696358376de6446614e0f0f4062bdc5d170d6d540ada3d8b58c12?s=96&d=mm&r=g","caption":"Zona Caral Administrador"},"sameAs":["https:\/\/zonacaral.gob.pe"],"url":"https:\/\/zonacaral.gob.pe\/es\/noticias\/author\/ad_zonacaral\/"}]}},"_links":{"self":[{"href":"https:\/\/zonacaral.gob.pe\/es\/wp-json\/wp\/v2\/posts\/9059","targetHints":{"allow":["GET"]}}],"collection":[{"href":"https:\/\/zonacaral.gob.pe\/es\/wp-json\/wp\/v2\/posts"}],"about":[{"href":"https:\/\/zonacaral.gob.pe\/es\/wp-json\/wp\/v2\/types\/post"}],"author":[{"embeddable":true,"href":"https:\/\/zonacaral.gob.pe\/es\/wp-json\/wp\/v2\/users\/1"}],"replies":[{"embeddable":true,"href":"https:\/\/zonacaral.gob.pe\/es\/wp-json\/wp\/v2\/comments?post=9059"}],"version-history":[{"count":0,"href":"https:\/\/zonacaral.gob.pe\/es\/wp-json\/wp\/v2\/posts\/9059\/revisions"}],"wp:featuredmedia":[{"embeddable":true,"href":"https:\/\/zonacaral.gob.pe\/es\/wp-json\/wp\/v2\/media\/9035"}],"wp:attachment":[{"href":"https:\/\/zonacaral.gob.pe\/es\/wp-json\/wp\/v2\/media?parent=9059"}],"wp:term":[{"taxonomy":"category","embeddable":true,"href":"https:\/\/zonacaral.gob.pe\/es\/wp-json\/wp\/v2\/categories?post=9059"},{"taxonomy":"post_tag","embeddable":true,"href":"https:\/\/zonacaral.gob.pe\/es\/wp-json\/wp\/v2\/tags?post=9059"}],"curies":[{"name":"wp","href":"https:\/\/api.w.org\/{rel}","templated":true}]}}