{"id":9240,"date":"2015-02-17T10:03:25","date_gmt":"2015-02-17T15:03:25","guid":{"rendered":"http:\/\/www.zonacaral.gob.pe\/?p=9240"},"modified":"2015-02-17T10:03:25","modified_gmt":"2015-02-17T15:03:25","slug":"docentes-de-atalaya-con-indumentaria-tradicional-visitan-caral","status":"publish","type":"post","link":"https:\/\/zonacaral.gob.pe\/es\/noticias\/docentes-de-atalaya-con-indumentaria-tradicional-visitan-caral\/","title":{"rendered":"Docentes de Atalaya con Indumentaria Tradicional Visitan Caral"},"content":{"rendered":"<p style=\"color: #444444; text-align: justify;\">Docentes egresados del Programa de Formaci\u00f3n Magiterial Intercultural Biling\u00fce UCSS \u2013 Sede Atalaya, en el recorrido realizado el d\u00eda s\u00e1bado 14 de febrero al Centro Arqueol\u00f3gico de Caral, lugar representativo de la Historia del Per\u00fa, donde lucieron la indumentaria\u00a0tradicional de sus Comunidades en muestra de respeto al recinto arqueol\u00f3gico ubicado en el distrito de Supe, provincia de Barranca.<\/p>\n<p style=\"color: #444444; text-align: justify;\">La jornada cultural result\u00f3 muy interesante para los recientes Egresados de la Universidad Cat\u00f3lica Sedes Sapientiae, quienes expresaron su motivaci\u00f3n por dar a conocer su Cultura y destacaron que su primera visita a Lima les ha permitido\u00a0conocer lugares importantes, modelos de gesti\u00f3n cultural y disfrutar del uso educativo-social de los sitios hist\u00f3ricos.<\/p>\n<p style=\"color: #555555; text-align: justify;\"><img fetchpriority=\"high\" decoding=\"async\" class=\"alignnone wp-image-9241\" src=\"http:\/\/www.zonacaral.gob.pe\/wp-content\/uploads\/2015\/02\/ucss-15-02-2015.jpg\" alt=\"ucss-15-02-2015\" width=\"340\" height=\"191\" srcset=\"https:\/\/zonacaral.gob.pe\/wp-content\/uploads\/2015\/02\/ucss-15-02-2015.jpg 960w, https:\/\/zonacaral.gob.pe\/wp-content\/uploads\/2015\/02\/ucss-15-02-2015-300x169.jpg 300w, https:\/\/zonacaral.gob.pe\/wp-content\/uploads\/2015\/02\/ucss-15-02-2015-768x432.jpg 768w\" sizes=\"(max-width: 340px) 100vw, 340px\" \/><img decoding=\"async\" class=\"alignnone wp-image-9242\" src=\"http:\/\/www.zonacaral.gob.pe\/wp-content\/uploads\/2015\/02\/ucss-15-02-2015-03.jpg\" alt=\"ucss-15-02-2015-03\" width=\"340\" height=\"191\" srcset=\"https:\/\/zonacaral.gob.pe\/wp-content\/uploads\/2015\/02\/ucss-15-02-2015-03.jpg 960w, https:\/\/zonacaral.gob.pe\/wp-content\/uploads\/2015\/02\/ucss-15-02-2015-03-300x169.jpg 300w, https:\/\/zonacaral.gob.pe\/wp-content\/uploads\/2015\/02\/ucss-15-02-2015-03-768x432.jpg 768w\" sizes=\"(max-width: 340px) 100vw, 340px\" \/><\/p>\n<p style=\"color: #555555; text-align: justify;\">Fuente:\u00a0<span style=\"color: #800000;\">(<a href=\"http:\/\/cepac.com.pe\/docentes-de-atalaya-con-indumentaria-tradicional-visitan-caral\/\">cepac.com.pe<\/a>)<\/span><\/p>\n<p style=\"color: #000000;\">Fecha de publicaci\u00f3n: 15\/02\/2015<\/p>\n","protected":false},"excerpt":{"rendered":"<p>Docentes egresados del Programa de Formaci\u00f3n Magiterial Intercultural Biling\u00fce UCSS \u2013 Sede Atalaya, en el recorrido realizado el d\u00eda s\u00e1bado [&hellip;]<\/p>\n","protected":false},"author":1,"featured_media":9255,"comment_status":"closed","ping_status":"open","sticky":false,"template":"","format":"standard","meta":{"_acf_changed":false,"site-sidebar-layout":"default","site-content-layout":"","ast-site-content-layout":"default","site-content-style":"default","site-sidebar-style":"default","ast-global-header-display":"","ast-banner-title-visibility":"","ast-main-header-display":"","ast-hfb-above-header-display":"","ast-hfb-below-header-display":"","ast-hfb-mobile-header-display":"","site-post-title":"","ast-breadcrumbs-content":"","ast-featured-img":"","footer-sml-layout":"","ast-disable-related-posts":"","theme-transparent-header-meta":"","adv-header-id-meta":"","stick-header-meta":"","header-above-stick-meta":"","header-main-stick-meta":"","header-below-stick-meta":"","astra-migrate-meta-layouts":"default","ast-page-background-enabled":"default","ast-page-background-meta":{"desktop":{"background-color":"var(--ast-global-color-5)","background-image":"","background-repeat":"repeat","background-position":"center center","background-size":"auto","background-attachment":"scroll","background-type":"","background-media":"","overlay-type":"","overlay-color":"","overlay-opacity":"","overlay-gradient":""},"tablet":{"background-color":"","background-image":"","background-repeat":"repeat","background-position":"center center","background-size":"auto","background-attachment":"scroll","background-type":"","background-media":"","overlay-type":"","overlay-color":"","overlay-opacity":"","overlay-gradient":""},"mobile":{"background-color":"","background-image":"","background-repeat":"repeat","background-position":"center center","background-size":"auto","background-attachment":"scroll","background-type":"","background-media":"","overlay-type":"","overlay-color":"","overlay-opacity":"","overlay-gradient":""}},"ast-content-background-meta":{"desktop":{"background-color":"var(--ast-global-color-4)","background-image":"","background-repeat":"repeat","background-position":"center center","background-size":"auto","background-attachment":"scroll","background-type":"","background-media":"","overlay-type":"","overlay-color":"","overlay-opacity":"","overlay-gradient":""},"tablet":{"background-color":"var(--ast-global-color-4)","background-image":"","background-repeat":"repeat","background-position":"center center","background-size":"auto","background-attachment":"scroll","background-type":"","background-media":"","overlay-type":"","overlay-color":"","overlay-opacity":"","overlay-gradient":""},"mobile":{"background-color":"var(--ast-global-color-4)","background-image":"","background-repeat":"repeat","background-position":"center center","background-size":"auto","background-attachment":"scroll","background-type":"","background-media":"","overlay-type":"","overlay-color":"","overlay-opacity":"","overlay-gradient":""}},"footnotes":""},"categories":[208],"tags":[55],"class_list":["post-9240","post","type-post","status-publish","format-standard","has-post-thumbnail","hentry","category-noticias","tag-caral"],"acf":[],"yoast_head":"<!-- This site is optimized with the Yoast SEO plugin v27.3 - https:\/\/yoast.com\/product\/yoast-seo-wordpress\/ -->\n<title>Docentes de Atalaya con Indumentaria Tradicional Visitan Caral - Zona Caral<\/title>\n<meta name=\"robots\" content=\"index, follow, max-snippet:-1, max-image-preview:large, max-video-preview:-1\" \/>\n<link rel=\"canonical\" href=\"https:\/\/zonacaral.gob.pe\/es\/noticias\/docentes-de-atalaya-con-indumentaria-tradicional-visitan-caral\/\" \/>\n<meta property=\"og:locale\" content=\"es_ES\" \/>\n<meta property=\"og:type\" content=\"article\" \/>\n<meta property=\"og:title\" content=\"Docentes de Atalaya con Indumentaria Tradicional Visitan Caral - Zona Caral\" \/>\n<meta property=\"og:description\" content=\"Docentes egresados del Programa de Formaci\u00f3n Magiterial Intercultural Biling\u00fce UCSS \u2013 Sede Atalaya, en el recorrido realizado el d\u00eda s\u00e1bado [&hellip;]\" \/>\n<meta property=\"og:url\" content=\"https:\/\/zonacaral.gob.pe\/es\/noticias\/docentes-de-atalaya-con-indumentaria-tradicional-visitan-caral\/\" \/>\n<meta property=\"og:site_name\" content=\"Zona Caral\" \/>\n<meta property=\"article:published_time\" content=\"2015-02-17T15:03:25+00:00\" \/>\n<meta property=\"og:image\" content=\"https:\/\/zonacaral.gob.pe\/wp-content\/uploads\/2015\/02\/ucss-15-02-2015-02.jpg\" \/>\n\t<meta property=\"og:image:width\" content=\"960\" \/>\n\t<meta property=\"og:image:height\" content=\"540\" \/>\n\t<meta property=\"og:image:type\" content=\"image\/jpeg\" \/>\n<meta name=\"author\" content=\"Zona Caral Administrador\" \/>\n<meta name=\"twitter:card\" content=\"summary_large_image\" \/>\n<meta name=\"twitter:label1\" content=\"Written by\" \/>\n\t<meta name=\"twitter:data1\" content=\"Zona Caral Administrador\" \/>\n\t<meta name=\"twitter:label2\" content=\"Est. reading time\" \/>\n\t<meta name=\"twitter:data2\" content=\"1 minuto\" \/>\n<script type=\"application\/ld+json\" class=\"yoast-schema-graph\">{\"@context\":\"https:\\\/\\\/schema.org\",\"@graph\":[{\"@type\":\"Article\",\"@id\":\"https:\\\/\\\/zonacaral.gob.pe\\\/es\\\/noticias\\\/docentes-de-atalaya-con-indumentaria-tradicional-visitan-caral\\\/#article\",\"isPartOf\":{\"@id\":\"https:\\\/\\\/zonacaral.gob.pe\\\/es\\\/noticias\\\/docentes-de-atalaya-con-indumentaria-tradicional-visitan-caral\\\/\"},\"author\":{\"name\":\"Zona Caral Administrador\",\"@id\":\"https:\\\/\\\/zonacaral.gob.pe\\\/es\\\/#\\\/schema\\\/person\\\/beddb4d22f71a7230c5b90913270a0ee\"},\"headline\":\"Docentes de Atalaya con Indumentaria Tradicional Visitan Caral\",\"datePublished\":\"2015-02-17T15:03:25+00:00\",\"mainEntityOfPage\":{\"@id\":\"https:\\\/\\\/zonacaral.gob.pe\\\/es\\\/noticias\\\/docentes-de-atalaya-con-indumentaria-tradicional-visitan-caral\\\/\"},\"wordCount\":136,\"image\":{\"@id\":\"https:\\\/\\\/zonacaral.gob.pe\\\/es\\\/noticias\\\/docentes-de-atalaya-con-indumentaria-tradicional-visitan-caral\\\/#primaryimage\"},\"thumbnailUrl\":\"https:\\\/\\\/zonacaral.gob.pe\\\/wp-content\\\/uploads\\\/2015\\\/02\\\/ucss-15-02-2015-02.jpg\",\"keywords\":[\"caral\"],\"articleSection\":[\"noticias\"],\"inLanguage\":\"es-PE\"},{\"@type\":\"WebPage\",\"@id\":\"https:\\\/\\\/zonacaral.gob.pe\\\/es\\\/noticias\\\/docentes-de-atalaya-con-indumentaria-tradicional-visitan-caral\\\/\",\"url\":\"https:\\\/\\\/zonacaral.gob.pe\\\/es\\\/noticias\\\/docentes-de-atalaya-con-indumentaria-tradicional-visitan-caral\\\/\",\"name\":\"Docentes de Atalaya con Indumentaria Tradicional Visitan Caral - Zona Caral\",\"isPartOf\":{\"@id\":\"https:\\\/\\\/zonacaral.gob.pe\\\/es\\\/#website\"},\"primaryImageOfPage\":{\"@id\":\"https:\\\/\\\/zonacaral.gob.pe\\\/es\\\/noticias\\\/docentes-de-atalaya-con-indumentaria-tradicional-visitan-caral\\\/#primaryimage\"},\"image\":{\"@id\":\"https:\\\/\\\/zonacaral.gob.pe\\\/es\\\/noticias\\\/docentes-de-atalaya-con-indumentaria-tradicional-visitan-caral\\\/#primaryimage\"},\"thumbnailUrl\":\"https:\\\/\\\/zonacaral.gob.pe\\\/wp-content\\\/uploads\\\/2015\\\/02\\\/ucss-15-02-2015-02.jpg\",\"datePublished\":\"2015-02-17T15:03:25+00:00\",\"author\":{\"@id\":\"https:\\\/\\\/zonacaral.gob.pe\\\/es\\\/#\\\/schema\\\/person\\\/beddb4d22f71a7230c5b90913270a0ee\"},\"breadcrumb\":{\"@id\":\"https:\\\/\\\/zonacaral.gob.pe\\\/es\\\/noticias\\\/docentes-de-atalaya-con-indumentaria-tradicional-visitan-caral\\\/#breadcrumb\"},\"inLanguage\":\"es-PE\",\"potentialAction\":[{\"@type\":\"ReadAction\",\"target\":[\"https:\\\/\\\/zonacaral.gob.pe\\\/es\\\/noticias\\\/docentes-de-atalaya-con-indumentaria-tradicional-visitan-caral\\\/\"]}]},{\"@type\":\"ImageObject\",\"inLanguage\":\"es-PE\",\"@id\":\"https:\\\/\\\/zonacaral.gob.pe\\\/es\\\/noticias\\\/docentes-de-atalaya-con-indumentaria-tradicional-visitan-caral\\\/#primaryimage\",\"url\":\"https:\\\/\\\/zonacaral.gob.pe\\\/wp-content\\\/uploads\\\/2015\\\/02\\\/ucss-15-02-2015-02.jpg\",\"contentUrl\":\"https:\\\/\\\/zonacaral.gob.pe\\\/wp-content\\\/uploads\\\/2015\\\/02\\\/ucss-15-02-2015-02.jpg\",\"width\":960,\"height\":540},{\"@type\":\"BreadcrumbList\",\"@id\":\"https:\\\/\\\/zonacaral.gob.pe\\\/es\\\/noticias\\\/docentes-de-atalaya-con-indumentaria-tradicional-visitan-caral\\\/#breadcrumb\",\"itemListElement\":[{\"@type\":\"ListItem\",\"position\":1,\"name\":\"Portada\",\"item\":\"https:\\\/\\\/zonacaral.gob.pe\\\/\"},{\"@type\":\"ListItem\",\"position\":2,\"name\":\"Docentes de Atalaya con Indumentaria Tradicional Visitan Caral\"}]},{\"@type\":\"WebSite\",\"@id\":\"https:\\\/\\\/zonacaral.gob.pe\\\/es\\\/#website\",\"url\":\"https:\\\/\\\/zonacaral.gob.pe\\\/es\\\/\",\"name\":\"Zona Caral\",\"description\":\"Investigamos, conservamos y difundimos el patrimonio cultural de la Civilizaci\u00f3n Caral, la m\u00e1s antigua de Am\u00e9rica.\",\"potentialAction\":[{\"@type\":\"SearchAction\",\"target\":{\"@type\":\"EntryPoint\",\"urlTemplate\":\"https:\\\/\\\/zonacaral.gob.pe\\\/es\\\/?s={search_term_string}\"},\"query-input\":{\"@type\":\"PropertyValueSpecification\",\"valueRequired\":true,\"valueName\":\"search_term_string\"}}],\"inLanguage\":\"es-PE\"},{\"@type\":\"Person\",\"@id\":\"https:\\\/\\\/zonacaral.gob.pe\\\/es\\\/#\\\/schema\\\/person\\\/beddb4d22f71a7230c5b90913270a0ee\",\"name\":\"Zona Caral Administrador\",\"image\":{\"@type\":\"ImageObject\",\"inLanguage\":\"es-PE\",\"@id\":\"https:\\\/\\\/secure.gravatar.com\\\/avatar\\\/e4be162918a696358376de6446614e0f0f4062bdc5d170d6d540ada3d8b58c12?s=96&d=mm&r=g\",\"url\":\"https:\\\/\\\/secure.gravatar.com\\\/avatar\\\/e4be162918a696358376de6446614e0f0f4062bdc5d170d6d540ada3d8b58c12?s=96&d=mm&r=g\",\"contentUrl\":\"https:\\\/\\\/secure.gravatar.com\\\/avatar\\\/e4be162918a696358376de6446614e0f0f4062bdc5d170d6d540ada3d8b58c12?s=96&d=mm&r=g\",\"caption\":\"Zona Caral Administrador\"},\"sameAs\":[\"https:\\\/\\\/zonacaral.gob.pe\"],\"url\":\"https:\\\/\\\/zonacaral.gob.pe\\\/es\\\/noticias\\\/author\\\/ad_zonacaral\\\/\"}]}<\/script>\n<!-- \/ Yoast SEO plugin. -->","yoast_head_json":{"title":"Docentes de Atalaya con Indumentaria Tradicional Visitan Caral - Zona Caral","robots":{"index":"index","follow":"follow","max-snippet":"max-snippet:-1","max-image-preview":"max-image-preview:large","max-video-preview":"max-video-preview:-1"},"canonical":"https:\/\/zonacaral.gob.pe\/es\/noticias\/docentes-de-atalaya-con-indumentaria-tradicional-visitan-caral\/","og_locale":"es_ES","og_type":"article","og_title":"Docentes de Atalaya con Indumentaria Tradicional Visitan Caral - Zona Caral","og_description":"Docentes egresados del Programa de Formaci\u00f3n Magiterial Intercultural Biling\u00fce UCSS \u2013 Sede Atalaya, en el recorrido realizado el d\u00eda s\u00e1bado [&hellip;]","og_url":"https:\/\/zonacaral.gob.pe\/es\/noticias\/docentes-de-atalaya-con-indumentaria-tradicional-visitan-caral\/","og_site_name":"Zona Caral","article_published_time":"2015-02-17T15:03:25+00:00","og_image":[{"width":960,"height":540,"url":"https:\/\/zonacaral.gob.pe\/wp-content\/uploads\/2015\/02\/ucss-15-02-2015-02.jpg","type":"image\/jpeg"}],"author":"Zona Caral Administrador","twitter_card":"summary_large_image","twitter_misc":{"Written by":"Zona Caral Administrador","Est. reading time":"1 minuto"},"schema":{"@context":"https:\/\/schema.org","@graph":[{"@type":"Article","@id":"https:\/\/zonacaral.gob.pe\/es\/noticias\/docentes-de-atalaya-con-indumentaria-tradicional-visitan-caral\/#article","isPartOf":{"@id":"https:\/\/zonacaral.gob.pe\/es\/noticias\/docentes-de-atalaya-con-indumentaria-tradicional-visitan-caral\/"},"author":{"name":"Zona Caral Administrador","@id":"https:\/\/zonacaral.gob.pe\/es\/#\/schema\/person\/beddb4d22f71a7230c5b90913270a0ee"},"headline":"Docentes de Atalaya con Indumentaria Tradicional Visitan Caral","datePublished":"2015-02-17T15:03:25+00:00","mainEntityOfPage":{"@id":"https:\/\/zonacaral.gob.pe\/es\/noticias\/docentes-de-atalaya-con-indumentaria-tradicional-visitan-caral\/"},"wordCount":136,"image":{"@id":"https:\/\/zonacaral.gob.pe\/es\/noticias\/docentes-de-atalaya-con-indumentaria-tradicional-visitan-caral\/#primaryimage"},"thumbnailUrl":"https:\/\/zonacaral.gob.pe\/wp-content\/uploads\/2015\/02\/ucss-15-02-2015-02.jpg","keywords":["caral"],"articleSection":["noticias"],"inLanguage":"es-PE"},{"@type":"WebPage","@id":"https:\/\/zonacaral.gob.pe\/es\/noticias\/docentes-de-atalaya-con-indumentaria-tradicional-visitan-caral\/","url":"https:\/\/zonacaral.gob.pe\/es\/noticias\/docentes-de-atalaya-con-indumentaria-tradicional-visitan-caral\/","name":"Docentes de Atalaya con Indumentaria Tradicional Visitan Caral - Zona Caral","isPartOf":{"@id":"https:\/\/zonacaral.gob.pe\/es\/#website"},"primaryImageOfPage":{"@id":"https:\/\/zonacaral.gob.pe\/es\/noticias\/docentes-de-atalaya-con-indumentaria-tradicional-visitan-caral\/#primaryimage"},"image":{"@id":"https:\/\/zonacaral.gob.pe\/es\/noticias\/docentes-de-atalaya-con-indumentaria-tradicional-visitan-caral\/#primaryimage"},"thumbnailUrl":"https:\/\/zonacaral.gob.pe\/wp-content\/uploads\/2015\/02\/ucss-15-02-2015-02.jpg","datePublished":"2015-02-17T15:03:25+00:00","author":{"@id":"https:\/\/zonacaral.gob.pe\/es\/#\/schema\/person\/beddb4d22f71a7230c5b90913270a0ee"},"breadcrumb":{"@id":"https:\/\/zonacaral.gob.pe\/es\/noticias\/docentes-de-atalaya-con-indumentaria-tradicional-visitan-caral\/#breadcrumb"},"inLanguage":"es-PE","potentialAction":[{"@type":"ReadAction","target":["https:\/\/zonacaral.gob.pe\/es\/noticias\/docentes-de-atalaya-con-indumentaria-tradicional-visitan-caral\/"]}]},{"@type":"ImageObject","inLanguage":"es-PE","@id":"https:\/\/zonacaral.gob.pe\/es\/noticias\/docentes-de-atalaya-con-indumentaria-tradicional-visitan-caral\/#primaryimage","url":"https:\/\/zonacaral.gob.pe\/wp-content\/uploads\/2015\/02\/ucss-15-02-2015-02.jpg","contentUrl":"https:\/\/zonacaral.gob.pe\/wp-content\/uploads\/2015\/02\/ucss-15-02-2015-02.jpg","width":960,"height":540},{"@type":"BreadcrumbList","@id":"https:\/\/zonacaral.gob.pe\/es\/noticias\/docentes-de-atalaya-con-indumentaria-tradicional-visitan-caral\/#breadcrumb","itemListElement":[{"@type":"ListItem","position":1,"name":"Portada","item":"https:\/\/zonacaral.gob.pe\/"},{"@type":"ListItem","position":2,"name":"Docentes de Atalaya con Indumentaria Tradicional Visitan Caral"}]},{"@type":"WebSite","@id":"https:\/\/zonacaral.gob.pe\/es\/#website","url":"https:\/\/zonacaral.gob.pe\/es\/","name":"Zona Caral","description":"Investigamos, conservamos y difundimos el patrimonio cultural de la Civilizaci\u00f3n Caral, la m\u00e1s antigua de Am\u00e9rica.","potentialAction":[{"@type":"SearchAction","target":{"@type":"EntryPoint","urlTemplate":"https:\/\/zonacaral.gob.pe\/es\/?s={search_term_string}"},"query-input":{"@type":"PropertyValueSpecification","valueRequired":true,"valueName":"search_term_string"}}],"inLanguage":"es-PE"},{"@type":"Person","@id":"https:\/\/zonacaral.gob.pe\/es\/#\/schema\/person\/beddb4d22f71a7230c5b90913270a0ee","name":"Zona Caral Administrador","image":{"@type":"ImageObject","inLanguage":"es-PE","@id":"https:\/\/secure.gravatar.com\/avatar\/e4be162918a696358376de6446614e0f0f4062bdc5d170d6d540ada3d8b58c12?s=96&d=mm&r=g","url":"https:\/\/secure.gravatar.com\/avatar\/e4be162918a696358376de6446614e0f0f4062bdc5d170d6d540ada3d8b58c12?s=96&d=mm&r=g","contentUrl":"https:\/\/secure.gravatar.com\/avatar\/e4be162918a696358376de6446614e0f0f4062bdc5d170d6d540ada3d8b58c12?s=96&d=mm&r=g","caption":"Zona Caral Administrador"},"sameAs":["https:\/\/zonacaral.gob.pe"],"url":"https:\/\/zonacaral.gob.pe\/es\/noticias\/author\/ad_zonacaral\/"}]}},"_links":{"self":[{"href":"https:\/\/zonacaral.gob.pe\/es\/wp-json\/wp\/v2\/posts\/9240","targetHints":{"allow":["GET"]}}],"collection":[{"href":"https:\/\/zonacaral.gob.pe\/es\/wp-json\/wp\/v2\/posts"}],"about":[{"href":"https:\/\/zonacaral.gob.pe\/es\/wp-json\/wp\/v2\/types\/post"}],"author":[{"embeddable":true,"href":"https:\/\/zonacaral.gob.pe\/es\/wp-json\/wp\/v2\/users\/1"}],"replies":[{"embeddable":true,"href":"https:\/\/zonacaral.gob.pe\/es\/wp-json\/wp\/v2\/comments?post=9240"}],"version-history":[{"count":0,"href":"https:\/\/zonacaral.gob.pe\/es\/wp-json\/wp\/v2\/posts\/9240\/revisions"}],"wp:featuredmedia":[{"embeddable":true,"href":"https:\/\/zonacaral.gob.pe\/es\/wp-json\/wp\/v2\/media\/9255"}],"wp:attachment":[{"href":"https:\/\/zonacaral.gob.pe\/es\/wp-json\/wp\/v2\/media?parent=9240"}],"wp:term":[{"taxonomy":"category","embeddable":true,"href":"https:\/\/zonacaral.gob.pe\/es\/wp-json\/wp\/v2\/categories?post=9240"},{"taxonomy":"post_tag","embeddable":true,"href":"https:\/\/zonacaral.gob.pe\/es\/wp-json\/wp\/v2\/tags?post=9240"}],"curies":[{"name":"wp","href":"https:\/\/api.w.org\/{rel}","templated":true}]}}