{"id":9343,"date":"2015-03-21T12:51:25","date_gmt":"2015-03-21T17:51:25","guid":{"rendered":"http:\/\/www.zonacaral.gob.pe\/?p=9343"},"modified":"2015-03-21T12:51:25","modified_gmt":"2015-03-21T17:51:25","slug":"aspero-celebra-diez-anos-de-puesta-en-valor-en-supe-puerto","status":"publish","type":"post","link":"https:\/\/zonacaral.gob.pe\/es\/noticias\/aspero-celebra-diez-anos-de-puesta-en-valor-en-supe-puerto\/","title":{"rendered":"\u00c1spero celebra diez a\u00f1os de puesta en valor en Supe Puerto"},"content":{"rendered":"<blockquote>\n<p style=\"text-align: justify;\">\u00c1spero, la ciudad Pesquera de la Civilizaci\u00f3n Caral cumple 10 a\u00f1os de puesta en valor, actividades ser\u00e1n el 26 y 27 de marzo con la presencia de actores Reynaldo Arenas y Haydee C\u00e1ceres.<\/p>\n<\/blockquote>\n<p style=\"text-align: justify;\">La arque\u00f3loga Ruth Sahdy solis, en conferencia de prensa dio a conocer a la poblaci\u00f3n de Barranca y el pa\u00eds entero, las actividades a realizarse en el marco de la celebraci\u00f3n del d\u00e9cimo aniversario y puesta en valor de \u00c1spero, la cuidad pesquera de la civilizaci\u00f3n Caral.<\/p>\n<p style=\"text-align: justify;\">El viernes 27 de marzo, las actividades comenzaran a las 6 de la tarde en la plaza Grau de Supe Puerto, donde se congregaran y desplazaran posteriormente hasta el sitio arqueol\u00f3gico de \u00c1spero, en este lugar se llevara a cabo la tradicional ceremonia del pago a la Cochamama, escenificaci\u00f3n que contara con la participaci\u00f3n de los primeros actores nacionales Reynaldo Arenas y Haydee C\u00e1ceres.<\/p>\n<p style=\"text-align: justify;\">El s\u00e1bado 28 de marzo, a partir de las 10 de la ma\u00f1ana se dar\u00e1 inicio al \u201cAspero Raymi\u201d, donde los visitantes podr\u00e1n visitar el renovado Centro de Interpretaci\u00f3n de \u00c1spero y recorrer el sitio arqueol\u00f3gico para entender la milenaria importancia de la pesca en el desarrollo de la civilizaci\u00f3n Caral. Adem\u00e1s desde el mediod\u00eda se desarrollara el \u201cRuna Raymi\u201d, con la presentaci\u00f3n de elencos de danza as\u00ed como agrupaciones musicales y otras expresiones culturales de la zona.<\/p>\n<p style=\"text-align: justify;\">La doctora Sahdy, durante su participaci\u00f3n se\u00f1al\u00f3 la importancia de la riqueza cultural que posee la provincia de Barranca como base del desarrollo integral de la poblaci\u00f3n, aspecto por la que se tiene que trabajr en conjunto autoridades y poblaci\u00f3n.<br \/>\n\u201cLa cultura significa desarrollo, no lo digo yo, sino economistas y organismo internacionales, por eso los peruanos debemos sentirnos orgullosos y valorar lo nuestro\u201d, reflexion\u00f3.<\/p>\n<p style=\"text-align: justify;\">En las actividades por el d\u00e9cimo aniversario, los visitantes tambi\u00e9n podr\u00e1n ser testigos de los nuevos descubrimientos hechos en este sitio arqueol\u00f3gico, adem\u00e1s de los avances de puesta en valor en los diferentes lugares que integran \u00c1spero como son Huaca Alta, Hauca de los \u00cddolos, Huaca de los sacrificios, edificio piramidal Spandeylus, edificio piramidal de las flautas, conjuntos residenciales, entre otros.<\/p>\n<p style=\"color: #444444;\"><strong>Fuente:\u00a0<span style=\"color: #800000;\">(<a href=\"http:\/\/etc.pe\/index.php\/distritales\/item\/471-aspero-celebra-diez-anos-de-puesta-en-valor-en-supe-puerto\">ETC\u00c9TERA.PE<\/a><\/span><span style=\"color: #800000;\">)<\/span><\/strong><\/p>\n<p style=\"color: #000000;\">Fecha de publicaci\u00f3n: 20\/03\/2015<\/p>\n","protected":false},"excerpt":{"rendered":"<p>\u00c1spero, la ciudad Pesquera de la Civilizaci\u00f3n Caral cumple 10 a\u00f1os de puesta en valor, actividades ser\u00e1n el 26 y [&hellip;]<\/p>\n","protected":false},"author":1,"featured_media":9345,"comment_status":"closed","ping_status":"open","sticky":false,"template":"","format":"standard","meta":{"_acf_changed":false,"site-sidebar-layout":"default","site-content-layout":"","ast-site-content-layout":"default","site-content-style":"default","site-sidebar-style":"default","ast-global-header-display":"","ast-banner-title-visibility":"","ast-main-header-display":"","ast-hfb-above-header-display":"","ast-hfb-below-header-display":"","ast-hfb-mobile-header-display":"","site-post-title":"","ast-breadcrumbs-content":"","ast-featured-img":"","footer-sml-layout":"","ast-disable-related-posts":"","theme-transparent-header-meta":"","adv-header-id-meta":"","stick-header-meta":"","header-above-stick-meta":"","header-main-stick-meta":"","header-below-stick-meta":"","astra-migrate-meta-layouts":"default","ast-page-background-enabled":"default","ast-page-background-meta":{"desktop":{"background-color":"var(--ast-global-color-5)","background-image":"","background-repeat":"repeat","background-position":"center center","background-size":"auto","background-attachment":"scroll","background-type":"","background-media":"","overlay-type":"","overlay-color":"","overlay-opacity":"","overlay-gradient":""},"tablet":{"background-color":"","background-image":"","background-repeat":"repeat","background-position":"center center","background-size":"auto","background-attachment":"scroll","background-type":"","background-media":"","overlay-type":"","overlay-color":"","overlay-opacity":"","overlay-gradient":""},"mobile":{"background-color":"","background-image":"","background-repeat":"repeat","background-position":"center center","background-size":"auto","background-attachment":"scroll","background-type":"","background-media":"","overlay-type":"","overlay-color":"","overlay-opacity":"","overlay-gradient":""}},"ast-content-background-meta":{"desktop":{"background-color":"var(--ast-global-color-4)","background-image":"","background-repeat":"repeat","background-position":"center center","background-size":"auto","background-attachment":"scroll","background-type":"","background-media":"","overlay-type":"","overlay-color":"","overlay-opacity":"","overlay-gradient":""},"tablet":{"background-color":"var(--ast-global-color-4)","background-image":"","background-repeat":"repeat","background-position":"center center","background-size":"auto","background-attachment":"scroll","background-type":"","background-media":"","overlay-type":"","overlay-color":"","overlay-opacity":"","overlay-gradient":""},"mobile":{"background-color":"var(--ast-global-color-4)","background-image":"","background-repeat":"repeat","background-position":"center center","background-size":"auto","background-attachment":"scroll","background-type":"","background-media":"","overlay-type":"","overlay-color":"","overlay-opacity":"","overlay-gradient":""}},"footnotes":""},"categories":[208],"tags":[78,63,55],"class_list":["post-9343","post","type-post","status-publish","format-standard","has-post-thumbnail","hentry","category-noticias","tag-aniverario","tag-aspero","tag-caral"],"acf":[],"yoast_head":"<!-- This site is optimized with the Yoast SEO plugin v27.3 - https:\/\/yoast.com\/product\/yoast-seo-wordpress\/ -->\n<title>\u00c1spero celebra diez a\u00f1os de puesta en valor en Supe Puerto - Zona Caral<\/title>\n<meta name=\"robots\" content=\"index, follow, max-snippet:-1, max-image-preview:large, max-video-preview:-1\" \/>\n<link rel=\"canonical\" href=\"https:\/\/zonacaral.gob.pe\/es\/noticias\/aspero-celebra-diez-anos-de-puesta-en-valor-en-supe-puerto\/\" \/>\n<meta property=\"og:locale\" content=\"es_ES\" \/>\n<meta property=\"og:type\" content=\"article\" \/>\n<meta property=\"og:title\" content=\"\u00c1spero celebra diez a\u00f1os de puesta en valor en Supe Puerto - Zona Caral\" \/>\n<meta property=\"og:description\" content=\"\u00c1spero, la ciudad Pesquera de la Civilizaci\u00f3n Caral cumple 10 a\u00f1os de puesta en valor, actividades ser\u00e1n el 26 y [&hellip;]\" \/>\n<meta property=\"og:url\" content=\"https:\/\/zonacaral.gob.pe\/es\/noticias\/aspero-celebra-diez-anos-de-puesta-en-valor-en-supe-puerto\/\" \/>\n<meta property=\"og:site_name\" content=\"Zona Caral\" \/>\n<meta property=\"article:published_time\" content=\"2015-03-21T17:51:25+00:00\" \/>\n<meta property=\"og:image\" content=\"https:\/\/zonacaral.gob.pe\/wp-content\/uploads\/2015\/03\/conferencia-prensa-aspero-20-03-2015.jpg\" \/>\n\t<meta property=\"og:image:width\" content=\"918\" \/>\n\t<meta property=\"og:image:height\" content=\"518\" \/>\n\t<meta property=\"og:image:type\" content=\"image\/jpeg\" \/>\n<meta name=\"author\" content=\"Zona Caral Administrador\" \/>\n<meta name=\"twitter:card\" content=\"summary_large_image\" \/>\n<meta name=\"twitter:label1\" content=\"Written by\" \/>\n\t<meta name=\"twitter:data1\" content=\"Zona Caral Administrador\" \/>\n\t<meta name=\"twitter:label2\" content=\"Est. reading time\" \/>\n\t<meta name=\"twitter:data2\" content=\"2 minutos\" \/>\n<script type=\"application\/ld+json\" class=\"yoast-schema-graph\">{\"@context\":\"https:\\\/\\\/schema.org\",\"@graph\":[{\"@type\":\"Article\",\"@id\":\"https:\\\/\\\/zonacaral.gob.pe\\\/es\\\/noticias\\\/aspero-celebra-diez-anos-de-puesta-en-valor-en-supe-puerto\\\/#article\",\"isPartOf\":{\"@id\":\"https:\\\/\\\/zonacaral.gob.pe\\\/es\\\/noticias\\\/aspero-celebra-diez-anos-de-puesta-en-valor-en-supe-puerto\\\/\"},\"author\":{\"name\":\"Zona Caral Administrador\",\"@id\":\"https:\\\/\\\/zonacaral.gob.pe\\\/es\\\/#\\\/schema\\\/person\\\/beddb4d22f71a7230c5b90913270a0ee\"},\"headline\":\"\u00c1spero celebra diez a\u00f1os de puesta en valor en Supe Puerto\",\"datePublished\":\"2015-03-21T17:51:25+00:00\",\"mainEntityOfPage\":{\"@id\":\"https:\\\/\\\/zonacaral.gob.pe\\\/es\\\/noticias\\\/aspero-celebra-diez-anos-de-puesta-en-valor-en-supe-puerto\\\/\"},\"wordCount\":393,\"image\":{\"@id\":\"https:\\\/\\\/zonacaral.gob.pe\\\/es\\\/noticias\\\/aspero-celebra-diez-anos-de-puesta-en-valor-en-supe-puerto\\\/#primaryimage\"},\"thumbnailUrl\":\"https:\\\/\\\/zonacaral.gob.pe\\\/wp-content\\\/uploads\\\/2015\\\/03\\\/conferencia-prensa-aspero-20-03-2015.jpg\",\"keywords\":[\"aniverario\",\"Aspero\",\"caral\"],\"articleSection\":[\"noticias\"],\"inLanguage\":\"es-PE\"},{\"@type\":\"WebPage\",\"@id\":\"https:\\\/\\\/zonacaral.gob.pe\\\/es\\\/noticias\\\/aspero-celebra-diez-anos-de-puesta-en-valor-en-supe-puerto\\\/\",\"url\":\"https:\\\/\\\/zonacaral.gob.pe\\\/es\\\/noticias\\\/aspero-celebra-diez-anos-de-puesta-en-valor-en-supe-puerto\\\/\",\"name\":\"\u00c1spero celebra diez a\u00f1os de puesta en valor en Supe Puerto - Zona Caral\",\"isPartOf\":{\"@id\":\"https:\\\/\\\/zonacaral.gob.pe\\\/es\\\/#website\"},\"primaryImageOfPage\":{\"@id\":\"https:\\\/\\\/zonacaral.gob.pe\\\/es\\\/noticias\\\/aspero-celebra-diez-anos-de-puesta-en-valor-en-supe-puerto\\\/#primaryimage\"},\"image\":{\"@id\":\"https:\\\/\\\/zonacaral.gob.pe\\\/es\\\/noticias\\\/aspero-celebra-diez-anos-de-puesta-en-valor-en-supe-puerto\\\/#primaryimage\"},\"thumbnailUrl\":\"https:\\\/\\\/zonacaral.gob.pe\\\/wp-content\\\/uploads\\\/2015\\\/03\\\/conferencia-prensa-aspero-20-03-2015.jpg\",\"datePublished\":\"2015-03-21T17:51:25+00:00\",\"author\":{\"@id\":\"https:\\\/\\\/zonacaral.gob.pe\\\/es\\\/#\\\/schema\\\/person\\\/beddb4d22f71a7230c5b90913270a0ee\"},\"breadcrumb\":{\"@id\":\"https:\\\/\\\/zonacaral.gob.pe\\\/es\\\/noticias\\\/aspero-celebra-diez-anos-de-puesta-en-valor-en-supe-puerto\\\/#breadcrumb\"},\"inLanguage\":\"es-PE\",\"potentialAction\":[{\"@type\":\"ReadAction\",\"target\":[\"https:\\\/\\\/zonacaral.gob.pe\\\/es\\\/noticias\\\/aspero-celebra-diez-anos-de-puesta-en-valor-en-supe-puerto\\\/\"]}]},{\"@type\":\"ImageObject\",\"inLanguage\":\"es-PE\",\"@id\":\"https:\\\/\\\/zonacaral.gob.pe\\\/es\\\/noticias\\\/aspero-celebra-diez-anos-de-puesta-en-valor-en-supe-puerto\\\/#primaryimage\",\"url\":\"https:\\\/\\\/zonacaral.gob.pe\\\/wp-content\\\/uploads\\\/2015\\\/03\\\/conferencia-prensa-aspero-20-03-2015.jpg\",\"contentUrl\":\"https:\\\/\\\/zonacaral.gob.pe\\\/wp-content\\\/uploads\\\/2015\\\/03\\\/conferencia-prensa-aspero-20-03-2015.jpg\",\"width\":918,\"height\":518,\"caption\":\"Aspero Ciudad pesquera de la Civilizaci\u00f3n Caral, 10 Aniversario.\"},{\"@type\":\"BreadcrumbList\",\"@id\":\"https:\\\/\\\/zonacaral.gob.pe\\\/es\\\/noticias\\\/aspero-celebra-diez-anos-de-puesta-en-valor-en-supe-puerto\\\/#breadcrumb\",\"itemListElement\":[{\"@type\":\"ListItem\",\"position\":1,\"name\":\"Portada\",\"item\":\"https:\\\/\\\/zonacaral.gob.pe\\\/\"},{\"@type\":\"ListItem\",\"position\":2,\"name\":\"\u00c1spero celebra diez a\u00f1os de puesta en valor en Supe Puerto\"}]},{\"@type\":\"WebSite\",\"@id\":\"https:\\\/\\\/zonacaral.gob.pe\\\/es\\\/#website\",\"url\":\"https:\\\/\\\/zonacaral.gob.pe\\\/es\\\/\",\"name\":\"Zona Caral\",\"description\":\"Investigamos, conservamos y difundimos el patrimonio cultural de la Civilizaci\u00f3n Caral, la m\u00e1s antigua de Am\u00e9rica.\",\"potentialAction\":[{\"@type\":\"SearchAction\",\"target\":{\"@type\":\"EntryPoint\",\"urlTemplate\":\"https:\\\/\\\/zonacaral.gob.pe\\\/es\\\/?s={search_term_string}\"},\"query-input\":{\"@type\":\"PropertyValueSpecification\",\"valueRequired\":true,\"valueName\":\"search_term_string\"}}],\"inLanguage\":\"es-PE\"},{\"@type\":\"Person\",\"@id\":\"https:\\\/\\\/zonacaral.gob.pe\\\/es\\\/#\\\/schema\\\/person\\\/beddb4d22f71a7230c5b90913270a0ee\",\"name\":\"Zona Caral Administrador\",\"image\":{\"@type\":\"ImageObject\",\"inLanguage\":\"es-PE\",\"@id\":\"https:\\\/\\\/secure.gravatar.com\\\/avatar\\\/e4be162918a696358376de6446614e0f0f4062bdc5d170d6d540ada3d8b58c12?s=96&d=mm&r=g\",\"url\":\"https:\\\/\\\/secure.gravatar.com\\\/avatar\\\/e4be162918a696358376de6446614e0f0f4062bdc5d170d6d540ada3d8b58c12?s=96&d=mm&r=g\",\"contentUrl\":\"https:\\\/\\\/secure.gravatar.com\\\/avatar\\\/e4be162918a696358376de6446614e0f0f4062bdc5d170d6d540ada3d8b58c12?s=96&d=mm&r=g\",\"caption\":\"Zona Caral Administrador\"},\"sameAs\":[\"https:\\\/\\\/zonacaral.gob.pe\"],\"url\":\"https:\\\/\\\/zonacaral.gob.pe\\\/es\\\/noticias\\\/author\\\/ad_zonacaral\\\/\"}]}<\/script>\n<!-- \/ Yoast SEO plugin. -->","yoast_head_json":{"title":"\u00c1spero celebra diez a\u00f1os de puesta en valor en Supe Puerto - Zona Caral","robots":{"index":"index","follow":"follow","max-snippet":"max-snippet:-1","max-image-preview":"max-image-preview:large","max-video-preview":"max-video-preview:-1"},"canonical":"https:\/\/zonacaral.gob.pe\/es\/noticias\/aspero-celebra-diez-anos-de-puesta-en-valor-en-supe-puerto\/","og_locale":"es_ES","og_type":"article","og_title":"\u00c1spero celebra diez a\u00f1os de puesta en valor en Supe Puerto - Zona Caral","og_description":"\u00c1spero, la ciudad Pesquera de la Civilizaci\u00f3n Caral cumple 10 a\u00f1os de puesta en valor, actividades ser\u00e1n el 26 y [&hellip;]","og_url":"https:\/\/zonacaral.gob.pe\/es\/noticias\/aspero-celebra-diez-anos-de-puesta-en-valor-en-supe-puerto\/","og_site_name":"Zona Caral","article_published_time":"2015-03-21T17:51:25+00:00","og_image":[{"width":918,"height":518,"url":"https:\/\/zonacaral.gob.pe\/wp-content\/uploads\/2015\/03\/conferencia-prensa-aspero-20-03-2015.jpg","type":"image\/jpeg"}],"author":"Zona Caral Administrador","twitter_card":"summary_large_image","twitter_misc":{"Written by":"Zona Caral Administrador","Est. reading time":"2 minutos"},"schema":{"@context":"https:\/\/schema.org","@graph":[{"@type":"Article","@id":"https:\/\/zonacaral.gob.pe\/es\/noticias\/aspero-celebra-diez-anos-de-puesta-en-valor-en-supe-puerto\/#article","isPartOf":{"@id":"https:\/\/zonacaral.gob.pe\/es\/noticias\/aspero-celebra-diez-anos-de-puesta-en-valor-en-supe-puerto\/"},"author":{"name":"Zona Caral Administrador","@id":"https:\/\/zonacaral.gob.pe\/es\/#\/schema\/person\/beddb4d22f71a7230c5b90913270a0ee"},"headline":"\u00c1spero celebra diez a\u00f1os de puesta en valor en Supe Puerto","datePublished":"2015-03-21T17:51:25+00:00","mainEntityOfPage":{"@id":"https:\/\/zonacaral.gob.pe\/es\/noticias\/aspero-celebra-diez-anos-de-puesta-en-valor-en-supe-puerto\/"},"wordCount":393,"image":{"@id":"https:\/\/zonacaral.gob.pe\/es\/noticias\/aspero-celebra-diez-anos-de-puesta-en-valor-en-supe-puerto\/#primaryimage"},"thumbnailUrl":"https:\/\/zonacaral.gob.pe\/wp-content\/uploads\/2015\/03\/conferencia-prensa-aspero-20-03-2015.jpg","keywords":["aniverario","Aspero","caral"],"articleSection":["noticias"],"inLanguage":"es-PE"},{"@type":"WebPage","@id":"https:\/\/zonacaral.gob.pe\/es\/noticias\/aspero-celebra-diez-anos-de-puesta-en-valor-en-supe-puerto\/","url":"https:\/\/zonacaral.gob.pe\/es\/noticias\/aspero-celebra-diez-anos-de-puesta-en-valor-en-supe-puerto\/","name":"\u00c1spero celebra diez a\u00f1os de puesta en valor en Supe Puerto - Zona Caral","isPartOf":{"@id":"https:\/\/zonacaral.gob.pe\/es\/#website"},"primaryImageOfPage":{"@id":"https:\/\/zonacaral.gob.pe\/es\/noticias\/aspero-celebra-diez-anos-de-puesta-en-valor-en-supe-puerto\/#primaryimage"},"image":{"@id":"https:\/\/zonacaral.gob.pe\/es\/noticias\/aspero-celebra-diez-anos-de-puesta-en-valor-en-supe-puerto\/#primaryimage"},"thumbnailUrl":"https:\/\/zonacaral.gob.pe\/wp-content\/uploads\/2015\/03\/conferencia-prensa-aspero-20-03-2015.jpg","datePublished":"2015-03-21T17:51:25+00:00","author":{"@id":"https:\/\/zonacaral.gob.pe\/es\/#\/schema\/person\/beddb4d22f71a7230c5b90913270a0ee"},"breadcrumb":{"@id":"https:\/\/zonacaral.gob.pe\/es\/noticias\/aspero-celebra-diez-anos-de-puesta-en-valor-en-supe-puerto\/#breadcrumb"},"inLanguage":"es-PE","potentialAction":[{"@type":"ReadAction","target":["https:\/\/zonacaral.gob.pe\/es\/noticias\/aspero-celebra-diez-anos-de-puesta-en-valor-en-supe-puerto\/"]}]},{"@type":"ImageObject","inLanguage":"es-PE","@id":"https:\/\/zonacaral.gob.pe\/es\/noticias\/aspero-celebra-diez-anos-de-puesta-en-valor-en-supe-puerto\/#primaryimage","url":"https:\/\/zonacaral.gob.pe\/wp-content\/uploads\/2015\/03\/conferencia-prensa-aspero-20-03-2015.jpg","contentUrl":"https:\/\/zonacaral.gob.pe\/wp-content\/uploads\/2015\/03\/conferencia-prensa-aspero-20-03-2015.jpg","width":918,"height":518,"caption":"Aspero Ciudad pesquera de la Civilizaci\u00f3n Caral, 10 Aniversario."},{"@type":"BreadcrumbList","@id":"https:\/\/zonacaral.gob.pe\/es\/noticias\/aspero-celebra-diez-anos-de-puesta-en-valor-en-supe-puerto\/#breadcrumb","itemListElement":[{"@type":"ListItem","position":1,"name":"Portada","item":"https:\/\/zonacaral.gob.pe\/"},{"@type":"ListItem","position":2,"name":"\u00c1spero celebra diez a\u00f1os de puesta en valor en Supe Puerto"}]},{"@type":"WebSite","@id":"https:\/\/zonacaral.gob.pe\/es\/#website","url":"https:\/\/zonacaral.gob.pe\/es\/","name":"Zona Caral","description":"Investigamos, conservamos y difundimos el patrimonio cultural de la Civilizaci\u00f3n Caral, la m\u00e1s antigua de Am\u00e9rica.","potentialAction":[{"@type":"SearchAction","target":{"@type":"EntryPoint","urlTemplate":"https:\/\/zonacaral.gob.pe\/es\/?s={search_term_string}"},"query-input":{"@type":"PropertyValueSpecification","valueRequired":true,"valueName":"search_term_string"}}],"inLanguage":"es-PE"},{"@type":"Person","@id":"https:\/\/zonacaral.gob.pe\/es\/#\/schema\/person\/beddb4d22f71a7230c5b90913270a0ee","name":"Zona Caral Administrador","image":{"@type":"ImageObject","inLanguage":"es-PE","@id":"https:\/\/secure.gravatar.com\/avatar\/e4be162918a696358376de6446614e0f0f4062bdc5d170d6d540ada3d8b58c12?s=96&d=mm&r=g","url":"https:\/\/secure.gravatar.com\/avatar\/e4be162918a696358376de6446614e0f0f4062bdc5d170d6d540ada3d8b58c12?s=96&d=mm&r=g","contentUrl":"https:\/\/secure.gravatar.com\/avatar\/e4be162918a696358376de6446614e0f0f4062bdc5d170d6d540ada3d8b58c12?s=96&d=mm&r=g","caption":"Zona Caral Administrador"},"sameAs":["https:\/\/zonacaral.gob.pe"],"url":"https:\/\/zonacaral.gob.pe\/es\/noticias\/author\/ad_zonacaral\/"}]}},"_links":{"self":[{"href":"https:\/\/zonacaral.gob.pe\/es\/wp-json\/wp\/v2\/posts\/9343","targetHints":{"allow":["GET"]}}],"collection":[{"href":"https:\/\/zonacaral.gob.pe\/es\/wp-json\/wp\/v2\/posts"}],"about":[{"href":"https:\/\/zonacaral.gob.pe\/es\/wp-json\/wp\/v2\/types\/post"}],"author":[{"embeddable":true,"href":"https:\/\/zonacaral.gob.pe\/es\/wp-json\/wp\/v2\/users\/1"}],"replies":[{"embeddable":true,"href":"https:\/\/zonacaral.gob.pe\/es\/wp-json\/wp\/v2\/comments?post=9343"}],"version-history":[{"count":0,"href":"https:\/\/zonacaral.gob.pe\/es\/wp-json\/wp\/v2\/posts\/9343\/revisions"}],"wp:featuredmedia":[{"embeddable":true,"href":"https:\/\/zonacaral.gob.pe\/es\/wp-json\/wp\/v2\/media\/9345"}],"wp:attachment":[{"href":"https:\/\/zonacaral.gob.pe\/es\/wp-json\/wp\/v2\/media?parent=9343"}],"wp:term":[{"taxonomy":"category","embeddable":true,"href":"https:\/\/zonacaral.gob.pe\/es\/wp-json\/wp\/v2\/categories?post=9343"},{"taxonomy":"post_tag","embeddable":true,"href":"https:\/\/zonacaral.gob.pe\/es\/wp-json\/wp\/v2\/tags?post=9343"}],"curies":[{"name":"wp","href":"https:\/\/api.w.org\/{rel}","templated":true}]}}