{"id":9354,"date":"2015-03-30T12:55:02","date_gmt":"2015-03-30T17:55:02","guid":{"rendered":"http:\/\/www.zonacaral.gob.pe\/?p=9354"},"modified":"2015-03-30T12:55:02","modified_gmt":"2015-03-30T17:55:02","slug":"ministerio-de-cultura-recupera-zona-invadida-de-caral","status":"publish","type":"post","link":"https:\/\/zonacaral.gob.pe\/es\/noticias\/ministerio-de-cultura-recupera-zona-invadida-de-caral\/","title":{"rendered":"Ministerio de Cultura recupera zona invadida de Caral"},"content":{"rendered":"<blockquote><p><span style=\"color: #1b1b1b;\">Desalojo se desarroll\u00f3 en cumplimiento de la Ley 30230 para preservar el Patrimonio Cultural de la Naci\u00f3n.<\/span><\/p><\/blockquote>\n<p>Representantes de la Procuradur\u00eda del Ministerio de Cultura y la Divisi\u00f3n Policial Lima Norte \u2013 Huacho y Supe, retiraron el pasado 24 de marzo a un grupo de invasores, la mayor\u00eda agricultores de palta, que se hab\u00edan posesionado de casi 2 hect\u00e1reas del sitio arqueol\u00f3gico de Caral, en Supe, Barranca.<\/p>\n<p>Aprovechando la crecida del R\u00edo Supe, los efectivos se movilizaron por el distrito de Vegueta, en Huacho, realizando el ingreso al Sitio Arqueol\u00f3gico por la parte trasera, para finalmente tomar posesi\u00f3n de la zona.<\/p>\n<p>Al ingresar al espacio invadido, los representantes del Ministerio exhortaron a los invasores a que se retiraran, indic\u00e1ndoles que era un desalojo extrajudicial en aplicaci\u00f3n a la ley 30230, pero estos respondieron con amenazas y agresiones, llegando a utilizar palos y piedras.<\/p>\n<p>Al finalizar el operativo, habiendo tomado posesi\u00f3n de las aproximadamente dos hect\u00e1reas, se firm\u00f3 el Acta fiscal de conformidad, contando con la participaci\u00f3n de los invasores.<\/p>\n<p>Caral es considerada la civilizaci\u00f3n m\u00e1s antigua de Am\u00e9rica al tener aproximadamente 5000 a\u00f1os de existencia. Su sitio arqueol\u00f3gico fue reconocido en el 2009 como Patrimonio Cultural de la Humanidad por la UNESCO.<\/p>\n<p>De esta manera el Ministerio de Cultura reafirma su decisi\u00f3n de combatir y defender con todas las herramientas legales las afectaciones al patrimonio arqueol\u00f3gico. Asimismo, recuerda que la invasi\u00f3n de \u00e1reas intangibles es un delito que implica multas y sanci\u00f3n penal.<\/p>\n<p><strong style=\"color: #444444;\">Fuente:\u00a0<span style=\"color: #800000;\">(<a href=\"http:\/\/www.cultura.gob.pe\/es\/comunicacion\/noticia\/ministerio-de-cultura-recupera-zona-invadida-de-caral\"><span style=\"color: #800000;\">www.cultura.gob.pe<\/span><\/a><a href=\"http:\/\/www.andina.com.pe\/agencia\/noticia-google-street-view-registra-monumentos-arqueologicos-peruanos-548912.aspx\"><span style=\"color: #800000;\">)<\/span><\/a><\/span><\/strong><\/p>\n<p style=\"color: #000000;\">Fecha de publicaci\u00f3n: 27\/03\/2015<\/p>\n","protected":false},"excerpt":{"rendered":"<p>Desalojo se desarroll\u00f3 en cumplimiento de la Ley 30230 para preservar el Patrimonio Cultural de la Naci\u00f3n. Representantes de la [&hellip;]<\/p>\n","protected":false},"author":1,"featured_media":9356,"comment_status":"closed","ping_status":"open","sticky":false,"template":"","format":"standard","meta":{"_acf_changed":false,"site-sidebar-layout":"default","site-content-layout":"","ast-site-content-layout":"default","site-content-style":"default","site-sidebar-style":"default","ast-global-header-display":"","ast-banner-title-visibility":"","ast-main-header-display":"","ast-hfb-above-header-display":"","ast-hfb-below-header-display":"","ast-hfb-mobile-header-display":"","site-post-title":"","ast-breadcrumbs-content":"","ast-featured-img":"","footer-sml-layout":"","ast-disable-related-posts":"","theme-transparent-header-meta":"","adv-header-id-meta":"","stick-header-meta":"","header-above-stick-meta":"","header-main-stick-meta":"","header-below-stick-meta":"","astra-migrate-meta-layouts":"default","ast-page-background-enabled":"default","ast-page-background-meta":{"desktop":{"background-color":"var(--ast-global-color-5)","background-image":"","background-repeat":"repeat","background-position":"center center","background-size":"auto","background-attachment":"scroll","background-type":"","background-media":"","overlay-type":"","overlay-color":"","overlay-opacity":"","overlay-gradient":""},"tablet":{"background-color":"","background-image":"","background-repeat":"repeat","background-position":"center center","background-size":"auto","background-attachment":"scroll","background-type":"","background-media":"","overlay-type":"","overlay-color":"","overlay-opacity":"","overlay-gradient":""},"mobile":{"background-color":"","background-image":"","background-repeat":"repeat","background-position":"center center","background-size":"auto","background-attachment":"scroll","background-type":"","background-media":"","overlay-type":"","overlay-color":"","overlay-opacity":"","overlay-gradient":""}},"ast-content-background-meta":{"desktop":{"background-color":"var(--ast-global-color-4)","background-image":"","background-repeat":"repeat","background-position":"center center","background-size":"auto","background-attachment":"scroll","background-type":"","background-media":"","overlay-type":"","overlay-color":"","overlay-opacity":"","overlay-gradient":""},"tablet":{"background-color":"var(--ast-global-color-4)","background-image":"","background-repeat":"repeat","background-position":"center center","background-size":"auto","background-attachment":"scroll","background-type":"","background-media":"","overlay-type":"","overlay-color":"","overlay-opacity":"","overlay-gradient":""},"mobile":{"background-color":"var(--ast-global-color-4)","background-image":"","background-repeat":"repeat","background-position":"center center","background-size":"auto","background-attachment":"scroll","background-type":"","background-media":"","overlay-type":"","overlay-color":"","overlay-opacity":"","overlay-gradient":""}},"footnotes":""},"categories":[208],"tags":[55,80],"class_list":["post-9354","post","type-post","status-publish","format-standard","has-post-thumbnail","hentry","category-noticias","tag-caral","tag-patrimonio-cultural"],"acf":[],"yoast_head":"<!-- This site is optimized with the Yoast SEO plugin v27.3 - https:\/\/yoast.com\/product\/yoast-seo-wordpress\/ -->\n<title>Ministerio de Cultura recupera zona invadida de Caral - Zona Caral<\/title>\n<meta name=\"robots\" content=\"index, follow, max-snippet:-1, max-image-preview:large, max-video-preview:-1\" \/>\n<link rel=\"canonical\" href=\"https:\/\/zonacaral.gob.pe\/es\/noticias\/ministerio-de-cultura-recupera-zona-invadida-de-caral\/\" \/>\n<meta property=\"og:locale\" content=\"es_ES\" \/>\n<meta property=\"og:type\" content=\"article\" \/>\n<meta property=\"og:title\" content=\"Ministerio de Cultura recupera zona invadida de Caral - Zona Caral\" \/>\n<meta property=\"og:description\" content=\"Desalojo se desarroll\u00f3 en cumplimiento de la Ley 30230 para preservar el Patrimonio Cultural de la Naci\u00f3n. Representantes de la [&hellip;]\" \/>\n<meta property=\"og:url\" content=\"https:\/\/zonacaral.gob.pe\/es\/noticias\/ministerio-de-cultura-recupera-zona-invadida-de-caral\/\" \/>\n<meta property=\"og:site_name\" content=\"Zona Caral\" \/>\n<meta property=\"article:published_time\" content=\"2015-03-30T17:55:02+00:00\" \/>\n<meta property=\"og:image\" content=\"https:\/\/zonacaral.gob.pe\/wp-content\/uploads\/2015\/03\/cultura-pe-27-03-2015.jpg\" \/>\n\t<meta property=\"og:image:width\" content=\"960\" \/>\n\t<meta property=\"og:image:height\" content=\"960\" \/>\n\t<meta property=\"og:image:type\" content=\"image\/jpeg\" \/>\n<meta name=\"author\" content=\"Zona Caral Administrador\" \/>\n<meta name=\"twitter:card\" content=\"summary_large_image\" \/>\n<meta name=\"twitter:label1\" content=\"Written by\" \/>\n\t<meta name=\"twitter:data1\" content=\"Zona Caral Administrador\" \/>\n\t<meta name=\"twitter:label2\" content=\"Est. reading time\" \/>\n\t<meta name=\"twitter:data2\" content=\"1 minuto\" \/>\n<script type=\"application\/ld+json\" class=\"yoast-schema-graph\">{\"@context\":\"https:\\\/\\\/schema.org\",\"@graph\":[{\"@type\":\"Article\",\"@id\":\"https:\\\/\\\/zonacaral.gob.pe\\\/es\\\/noticias\\\/ministerio-de-cultura-recupera-zona-invadida-de-caral\\\/#article\",\"isPartOf\":{\"@id\":\"https:\\\/\\\/zonacaral.gob.pe\\\/es\\\/noticias\\\/ministerio-de-cultura-recupera-zona-invadida-de-caral\\\/\"},\"author\":{\"name\":\"Zona Caral Administrador\",\"@id\":\"https:\\\/\\\/zonacaral.gob.pe\\\/es\\\/#\\\/schema\\\/person\\\/beddb4d22f71a7230c5b90913270a0ee\"},\"headline\":\"Ministerio de Cultura recupera zona invadida de Caral\",\"datePublished\":\"2015-03-30T17:55:02+00:00\",\"mainEntityOfPage\":{\"@id\":\"https:\\\/\\\/zonacaral.gob.pe\\\/es\\\/noticias\\\/ministerio-de-cultura-recupera-zona-invadida-de-caral\\\/\"},\"wordCount\":277,\"image\":{\"@id\":\"https:\\\/\\\/zonacaral.gob.pe\\\/es\\\/noticias\\\/ministerio-de-cultura-recupera-zona-invadida-de-caral\\\/#primaryimage\"},\"thumbnailUrl\":\"https:\\\/\\\/zonacaral.gob.pe\\\/wp-content\\\/uploads\\\/2015\\\/03\\\/cultura-pe-27-03-2015.jpg\",\"keywords\":[\"caral\",\"patrimonio cultural\"],\"articleSection\":[\"noticias\"],\"inLanguage\":\"es-PE\"},{\"@type\":\"WebPage\",\"@id\":\"https:\\\/\\\/zonacaral.gob.pe\\\/es\\\/noticias\\\/ministerio-de-cultura-recupera-zona-invadida-de-caral\\\/\",\"url\":\"https:\\\/\\\/zonacaral.gob.pe\\\/es\\\/noticias\\\/ministerio-de-cultura-recupera-zona-invadida-de-caral\\\/\",\"name\":\"Ministerio de Cultura recupera zona invadida de Caral - Zona Caral\",\"isPartOf\":{\"@id\":\"https:\\\/\\\/zonacaral.gob.pe\\\/es\\\/#website\"},\"primaryImageOfPage\":{\"@id\":\"https:\\\/\\\/zonacaral.gob.pe\\\/es\\\/noticias\\\/ministerio-de-cultura-recupera-zona-invadida-de-caral\\\/#primaryimage\"},\"image\":{\"@id\":\"https:\\\/\\\/zonacaral.gob.pe\\\/es\\\/noticias\\\/ministerio-de-cultura-recupera-zona-invadida-de-caral\\\/#primaryimage\"},\"thumbnailUrl\":\"https:\\\/\\\/zonacaral.gob.pe\\\/wp-content\\\/uploads\\\/2015\\\/03\\\/cultura-pe-27-03-2015.jpg\",\"datePublished\":\"2015-03-30T17:55:02+00:00\",\"author\":{\"@id\":\"https:\\\/\\\/zonacaral.gob.pe\\\/es\\\/#\\\/schema\\\/person\\\/beddb4d22f71a7230c5b90913270a0ee\"},\"breadcrumb\":{\"@id\":\"https:\\\/\\\/zonacaral.gob.pe\\\/es\\\/noticias\\\/ministerio-de-cultura-recupera-zona-invadida-de-caral\\\/#breadcrumb\"},\"inLanguage\":\"es-PE\",\"potentialAction\":[{\"@type\":\"ReadAction\",\"target\":[\"https:\\\/\\\/zonacaral.gob.pe\\\/es\\\/noticias\\\/ministerio-de-cultura-recupera-zona-invadida-de-caral\\\/\"]}]},{\"@type\":\"ImageObject\",\"inLanguage\":\"es-PE\",\"@id\":\"https:\\\/\\\/zonacaral.gob.pe\\\/es\\\/noticias\\\/ministerio-de-cultura-recupera-zona-invadida-de-caral\\\/#primaryimage\",\"url\":\"https:\\\/\\\/zonacaral.gob.pe\\\/wp-content\\\/uploads\\\/2015\\\/03\\\/cultura-pe-27-03-2015.jpg\",\"contentUrl\":\"https:\\\/\\\/zonacaral.gob.pe\\\/wp-content\\\/uploads\\\/2015\\\/03\\\/cultura-pe-27-03-2015.jpg\",\"width\":960,\"height\":960},{\"@type\":\"BreadcrumbList\",\"@id\":\"https:\\\/\\\/zonacaral.gob.pe\\\/es\\\/noticias\\\/ministerio-de-cultura-recupera-zona-invadida-de-caral\\\/#breadcrumb\",\"itemListElement\":[{\"@type\":\"ListItem\",\"position\":1,\"name\":\"Portada\",\"item\":\"https:\\\/\\\/zonacaral.gob.pe\\\/\"},{\"@type\":\"ListItem\",\"position\":2,\"name\":\"Ministerio de Cultura recupera zona invadida de Caral\"}]},{\"@type\":\"WebSite\",\"@id\":\"https:\\\/\\\/zonacaral.gob.pe\\\/es\\\/#website\",\"url\":\"https:\\\/\\\/zonacaral.gob.pe\\\/es\\\/\",\"name\":\"Zona Caral\",\"description\":\"Investigamos, conservamos y difundimos el patrimonio cultural de la Civilizaci\u00f3n Caral, la m\u00e1s antigua de Am\u00e9rica.\",\"potentialAction\":[{\"@type\":\"SearchAction\",\"target\":{\"@type\":\"EntryPoint\",\"urlTemplate\":\"https:\\\/\\\/zonacaral.gob.pe\\\/es\\\/?s={search_term_string}\"},\"query-input\":{\"@type\":\"PropertyValueSpecification\",\"valueRequired\":true,\"valueName\":\"search_term_string\"}}],\"inLanguage\":\"es-PE\"},{\"@type\":\"Person\",\"@id\":\"https:\\\/\\\/zonacaral.gob.pe\\\/es\\\/#\\\/schema\\\/person\\\/beddb4d22f71a7230c5b90913270a0ee\",\"name\":\"Zona Caral Administrador\",\"image\":{\"@type\":\"ImageObject\",\"inLanguage\":\"es-PE\",\"@id\":\"https:\\\/\\\/secure.gravatar.com\\\/avatar\\\/e4be162918a696358376de6446614e0f0f4062bdc5d170d6d540ada3d8b58c12?s=96&d=mm&r=g\",\"url\":\"https:\\\/\\\/secure.gravatar.com\\\/avatar\\\/e4be162918a696358376de6446614e0f0f4062bdc5d170d6d540ada3d8b58c12?s=96&d=mm&r=g\",\"contentUrl\":\"https:\\\/\\\/secure.gravatar.com\\\/avatar\\\/e4be162918a696358376de6446614e0f0f4062bdc5d170d6d540ada3d8b58c12?s=96&d=mm&r=g\",\"caption\":\"Zona Caral Administrador\"},\"sameAs\":[\"https:\\\/\\\/zonacaral.gob.pe\"],\"url\":\"https:\\\/\\\/zonacaral.gob.pe\\\/es\\\/noticias\\\/author\\\/ad_zonacaral\\\/\"}]}<\/script>\n<!-- \/ Yoast SEO plugin. -->","yoast_head_json":{"title":"Ministerio de Cultura recupera zona invadida de Caral - Zona Caral","robots":{"index":"index","follow":"follow","max-snippet":"max-snippet:-1","max-image-preview":"max-image-preview:large","max-video-preview":"max-video-preview:-1"},"canonical":"https:\/\/zonacaral.gob.pe\/es\/noticias\/ministerio-de-cultura-recupera-zona-invadida-de-caral\/","og_locale":"es_ES","og_type":"article","og_title":"Ministerio de Cultura recupera zona invadida de Caral - Zona Caral","og_description":"Desalojo se desarroll\u00f3 en cumplimiento de la Ley 30230 para preservar el Patrimonio Cultural de la Naci\u00f3n. Representantes de la [&hellip;]","og_url":"https:\/\/zonacaral.gob.pe\/es\/noticias\/ministerio-de-cultura-recupera-zona-invadida-de-caral\/","og_site_name":"Zona Caral","article_published_time":"2015-03-30T17:55:02+00:00","og_image":[{"width":960,"height":960,"url":"https:\/\/zonacaral.gob.pe\/wp-content\/uploads\/2015\/03\/cultura-pe-27-03-2015.jpg","type":"image\/jpeg"}],"author":"Zona Caral Administrador","twitter_card":"summary_large_image","twitter_misc":{"Written by":"Zona Caral Administrador","Est. reading time":"1 minuto"},"schema":{"@context":"https:\/\/schema.org","@graph":[{"@type":"Article","@id":"https:\/\/zonacaral.gob.pe\/es\/noticias\/ministerio-de-cultura-recupera-zona-invadida-de-caral\/#article","isPartOf":{"@id":"https:\/\/zonacaral.gob.pe\/es\/noticias\/ministerio-de-cultura-recupera-zona-invadida-de-caral\/"},"author":{"name":"Zona Caral Administrador","@id":"https:\/\/zonacaral.gob.pe\/es\/#\/schema\/person\/beddb4d22f71a7230c5b90913270a0ee"},"headline":"Ministerio de Cultura recupera zona invadida de Caral","datePublished":"2015-03-30T17:55:02+00:00","mainEntityOfPage":{"@id":"https:\/\/zonacaral.gob.pe\/es\/noticias\/ministerio-de-cultura-recupera-zona-invadida-de-caral\/"},"wordCount":277,"image":{"@id":"https:\/\/zonacaral.gob.pe\/es\/noticias\/ministerio-de-cultura-recupera-zona-invadida-de-caral\/#primaryimage"},"thumbnailUrl":"https:\/\/zonacaral.gob.pe\/wp-content\/uploads\/2015\/03\/cultura-pe-27-03-2015.jpg","keywords":["caral","patrimonio cultural"],"articleSection":["noticias"],"inLanguage":"es-PE"},{"@type":"WebPage","@id":"https:\/\/zonacaral.gob.pe\/es\/noticias\/ministerio-de-cultura-recupera-zona-invadida-de-caral\/","url":"https:\/\/zonacaral.gob.pe\/es\/noticias\/ministerio-de-cultura-recupera-zona-invadida-de-caral\/","name":"Ministerio de Cultura recupera zona invadida de Caral - Zona Caral","isPartOf":{"@id":"https:\/\/zonacaral.gob.pe\/es\/#website"},"primaryImageOfPage":{"@id":"https:\/\/zonacaral.gob.pe\/es\/noticias\/ministerio-de-cultura-recupera-zona-invadida-de-caral\/#primaryimage"},"image":{"@id":"https:\/\/zonacaral.gob.pe\/es\/noticias\/ministerio-de-cultura-recupera-zona-invadida-de-caral\/#primaryimage"},"thumbnailUrl":"https:\/\/zonacaral.gob.pe\/wp-content\/uploads\/2015\/03\/cultura-pe-27-03-2015.jpg","datePublished":"2015-03-30T17:55:02+00:00","author":{"@id":"https:\/\/zonacaral.gob.pe\/es\/#\/schema\/person\/beddb4d22f71a7230c5b90913270a0ee"},"breadcrumb":{"@id":"https:\/\/zonacaral.gob.pe\/es\/noticias\/ministerio-de-cultura-recupera-zona-invadida-de-caral\/#breadcrumb"},"inLanguage":"es-PE","potentialAction":[{"@type":"ReadAction","target":["https:\/\/zonacaral.gob.pe\/es\/noticias\/ministerio-de-cultura-recupera-zona-invadida-de-caral\/"]}]},{"@type":"ImageObject","inLanguage":"es-PE","@id":"https:\/\/zonacaral.gob.pe\/es\/noticias\/ministerio-de-cultura-recupera-zona-invadida-de-caral\/#primaryimage","url":"https:\/\/zonacaral.gob.pe\/wp-content\/uploads\/2015\/03\/cultura-pe-27-03-2015.jpg","contentUrl":"https:\/\/zonacaral.gob.pe\/wp-content\/uploads\/2015\/03\/cultura-pe-27-03-2015.jpg","width":960,"height":960},{"@type":"BreadcrumbList","@id":"https:\/\/zonacaral.gob.pe\/es\/noticias\/ministerio-de-cultura-recupera-zona-invadida-de-caral\/#breadcrumb","itemListElement":[{"@type":"ListItem","position":1,"name":"Portada","item":"https:\/\/zonacaral.gob.pe\/"},{"@type":"ListItem","position":2,"name":"Ministerio de Cultura recupera zona invadida de Caral"}]},{"@type":"WebSite","@id":"https:\/\/zonacaral.gob.pe\/es\/#website","url":"https:\/\/zonacaral.gob.pe\/es\/","name":"Zona Caral","description":"Investigamos, conservamos y difundimos el patrimonio cultural de la Civilizaci\u00f3n Caral, la m\u00e1s antigua de Am\u00e9rica.","potentialAction":[{"@type":"SearchAction","target":{"@type":"EntryPoint","urlTemplate":"https:\/\/zonacaral.gob.pe\/es\/?s={search_term_string}"},"query-input":{"@type":"PropertyValueSpecification","valueRequired":true,"valueName":"search_term_string"}}],"inLanguage":"es-PE"},{"@type":"Person","@id":"https:\/\/zonacaral.gob.pe\/es\/#\/schema\/person\/beddb4d22f71a7230c5b90913270a0ee","name":"Zona Caral Administrador","image":{"@type":"ImageObject","inLanguage":"es-PE","@id":"https:\/\/secure.gravatar.com\/avatar\/e4be162918a696358376de6446614e0f0f4062bdc5d170d6d540ada3d8b58c12?s=96&d=mm&r=g","url":"https:\/\/secure.gravatar.com\/avatar\/e4be162918a696358376de6446614e0f0f4062bdc5d170d6d540ada3d8b58c12?s=96&d=mm&r=g","contentUrl":"https:\/\/secure.gravatar.com\/avatar\/e4be162918a696358376de6446614e0f0f4062bdc5d170d6d540ada3d8b58c12?s=96&d=mm&r=g","caption":"Zona Caral Administrador"},"sameAs":["https:\/\/zonacaral.gob.pe"],"url":"https:\/\/zonacaral.gob.pe\/es\/noticias\/author\/ad_zonacaral\/"}]}},"_links":{"self":[{"href":"https:\/\/zonacaral.gob.pe\/es\/wp-json\/wp\/v2\/posts\/9354","targetHints":{"allow":["GET"]}}],"collection":[{"href":"https:\/\/zonacaral.gob.pe\/es\/wp-json\/wp\/v2\/posts"}],"about":[{"href":"https:\/\/zonacaral.gob.pe\/es\/wp-json\/wp\/v2\/types\/post"}],"author":[{"embeddable":true,"href":"https:\/\/zonacaral.gob.pe\/es\/wp-json\/wp\/v2\/users\/1"}],"replies":[{"embeddable":true,"href":"https:\/\/zonacaral.gob.pe\/es\/wp-json\/wp\/v2\/comments?post=9354"}],"version-history":[{"count":0,"href":"https:\/\/zonacaral.gob.pe\/es\/wp-json\/wp\/v2\/posts\/9354\/revisions"}],"wp:featuredmedia":[{"embeddable":true,"href":"https:\/\/zonacaral.gob.pe\/es\/wp-json\/wp\/v2\/media\/9356"}],"wp:attachment":[{"href":"https:\/\/zonacaral.gob.pe\/es\/wp-json\/wp\/v2\/media?parent=9354"}],"wp:term":[{"taxonomy":"category","embeddable":true,"href":"https:\/\/zonacaral.gob.pe\/es\/wp-json\/wp\/v2\/categories?post=9354"},{"taxonomy":"post_tag","embeddable":true,"href":"https:\/\/zonacaral.gob.pe\/es\/wp-json\/wp\/v2\/tags?post=9354"}],"curies":[{"name":"wp","href":"https:\/\/api.w.org\/{rel}","templated":true}]}}