{"id":9701,"date":"2015-06-09T15:23:59","date_gmt":"2015-06-09T20:23:59","guid":{"rendered":"http:\/\/www.zonacaral.gob.pe\/?p=9701"},"modified":"2015-06-09T15:23:59","modified_gmt":"2015-06-09T20:23:59","slug":"descubren-en-vichama-estatuilla-de-sacerdotisa-y-otras-4-piezas-milenarias","status":"publish","type":"post","link":"https:\/\/zonacaral.gob.pe\/es\/noticias\/descubren-en-vichama-estatuilla-de-sacerdotisa-y-otras-4-piezas-milenarias\/","title":{"rendered":"Descubren en Vichama estatuilla de sacerdotisa y otras 4 piezas milenarias"},"content":{"rendered":"<blockquote>\n<p style=\"text-align: justify;\">Las cinco figuras de barro no cocido, de entre 20 cm y 30 cm de altura, tienen m\u00e1s de 3.800 a\u00f1os de antigu\u0308edad y corresponden a ofrendas de la civilizaci\u00f3n Caral.<\/p>\n<\/blockquote>\n<p style=\"text-align: justify;\">Los secretos de la civilizaci\u00f3n Caral siguen saliendo a la luz. D\u00edas atr\u00e1s, arque\u00f3logos de la Unidad Ejecutora 003 hallaron tres estatuillas y dos cabezas de otras figuras, de m\u00e1s de 3.800 a\u00f1os de antigu\u0308edad. Este tesoro se present\u00f3 ayer en la capital.<\/p>\n<p style=\"text-align: justify;\">Cinco figuras de m\u00e1s de 3.800 a\u00f1os de antigu\u0308edad, que ayudar\u00edan a descifrar los rituales de la civilizaci\u00f3n de Caral, fueron halladas en el sitio arqueol\u00f3gico de Vichama, ubicado en el distrito de V\u00e9gueta (Huaura, Lima).<\/p>\n<p><img fetchpriority=\"high\" decoding=\"async\" class=\"alignleft wp-image-9704\" src=\"http:\/\/www.zonacaral.gob.pe\/wp-content\/uploads\/2015\/06\/el-comercio-09-06-2015-01.jpg\" alt=\"\" width=\"240\" height=\"359\" srcset=\"https:\/\/zonacaral.gob.pe\/wp-content\/uploads\/2015\/06\/el-comercio-09-06-2015-01.jpg 375w, https:\/\/zonacaral.gob.pe\/wp-content\/uploads\/2015\/06\/el-comercio-09-06-2015-01-201x300.jpg 201w\" sizes=\"(max-width: 240px) 100vw, 240px\" \/><\/p>\n<p style=\"text-align: justify;\">El descubrimiento lo realizaron arque\u00f3logos de la Unidad Ejecutora 003 de la Zona Arqueol\u00f3gica de Caral (ZAC). Ruth Shady, directora de la ZAC, explic\u00f3 que las piezas fueron halladas en dos grupos. Tres de ellas, de unos 30 cent\u00edmetros de altura, estaban atadas en una cesta y depositadas entre arena, ceniza y material org\u00e1nico en el edificio denominado Las Hornacinas.<\/p>\n<p style=\"text-align: justify;\">Las otras dos corresponden a las cabezas de unas estatuillas femeninas de mayor tama\u00f1o, halladas en el edificio conocido como Los Dep\u00f3sitos. Seg\u00fan Shady, las piezas habr\u00edan sido dejadas como ofrendas, como parte de un ritual realizado antes de la construcci\u00f3n de nuevos recintos.<\/p>\n<p style=\"text-align: justify;\">Las tres im\u00e1genes descubiertas en el recinto de Las Hornacinas se encuentran en perfecto estado de conservaci\u00f3n. La de mayor tama\u00f1o, de unos 30 cm, corresponder\u00eda a una sacerdotisa o chamana. La figura se encuentra desnuda y tiene en total, entre manos y pies, 28 dedos. Su rostro est\u00e1 decorado con puntos rojos y su cabellera es larga y negra.<\/p>\n<p style=\"text-align: justify;\">Las otras estatuillas, de 20 dedos cada una, tambi\u00e9n est\u00e1n desnudas y corresponder\u00edan a figuras de alto estatus pol\u00edtico de la civilizaci\u00f3n Caral.<\/p>\n<p style=\"text-align: justify;\">Una corresponde a un var\u00f3n de cabellera dorada y partes del cuerpo y la cara pintadas de blanco. Est\u00e1 sentado, con una pierna cruzada debajo de la otra. La \u00faltima, y de menor tama\u00f1o, es una mujer de cabellera roja y flequillo a los lados. Se encuentra en cuchillas y tiene los labios pintados de negro.<\/p>\n<p style=\"text-align: justify;\">\u201cEstas im\u00e1genes estaban enterradassobreunmuralque representalacrisisdehambruna que sufri\u00f3 Caral\u201d, detall\u00f3 Shady, durante la presentaci\u00f3n de las figuras en la Biblioteca Nacional, en San Borja.<\/p>\n<p style=\"text-align: justify;\">Interacci\u00f3n con la Amazon\u00eda Las dos cabezas halladas en Los Dep\u00f3sitos tienen unos 20 cm de altura. Habr\u00edan formado parte de estatuillas de aproximadamente medio metro, usadas tambi\u00e9n como ofrendas. Estaban envueltas en un tejido con aplicaciones de plumas de colores amarillo, azul y naranja. Seg\u00fan el jefe de la sede Vichama de la ZAC, Pedro Vargas, esto evidenciar\u00eda la fuerte interacci\u00f3n que exist\u00eda entre Caral y las sociedades amaz\u00f3nicas.<\/p>\n<p style=\"text-align: justify;\"><img decoding=\"async\" class=\"alignnone wp-image-9709\" src=\"http:\/\/www.zonacaral.gob.pe\/wp-content\/uploads\/2015\/06\/el-comercio-09-06-2015-02.jpg\" alt=\"el-comercio-09-06-2015-02\" width=\"450\" height=\"299\" srcset=\"https:\/\/zonacaral.gob.pe\/wp-content\/uploads\/2015\/06\/el-comercio-09-06-2015-02.jpg 750w, https:\/\/zonacaral.gob.pe\/wp-content\/uploads\/2015\/06\/el-comercio-09-06-2015-02-300x199.jpg 300w\" sizes=\"(max-width: 450px) 100vw, 450px\" \/><\/p>\n<div style=\"color: #000000;\">\n<div style=\"text-align: justify;\"><strong style=\"color: #444444;\">Fuente:\u00a0<a href=\"http:\/\/www.zonacaral.gob.pe\/downloads\/notas-prensa\/el-comercio-09-06-2015-descubren-estatuillas-en-vichama.pdf\" target=\"_blank\"><span style=\"color: #993300;\">(Diario El Comercio<span style=\"color: #993300;\">)<\/span><\/span><\/a><\/strong><\/div>\n<\/div>\n<p style=\"color: #000000;\">Fecha de publicaci\u00f3n: 09\/06\/2015<\/p>\n","protected":false},"excerpt":{"rendered":"<p>Las cinco figuras de barro no cocido, de entre 20 cm y 30 cm de altura, tienen m\u00e1s de 3.800 [&hellip;]<\/p>\n","protected":false},"author":1,"featured_media":9702,"comment_status":"closed","ping_status":"open","sticky":false,"template":"","format":"standard","meta":{"_acf_changed":false,"site-sidebar-layout":"default","site-content-layout":"","ast-site-content-layout":"default","site-content-style":"default","site-sidebar-style":"default","ast-global-header-display":"","ast-banner-title-visibility":"","ast-main-header-display":"","ast-hfb-above-header-display":"","ast-hfb-below-header-display":"","ast-hfb-mobile-header-display":"","site-post-title":"","ast-breadcrumbs-content":"","ast-featured-img":"","footer-sml-layout":"","ast-disable-related-posts":"","theme-transparent-header-meta":"","adv-header-id-meta":"","stick-header-meta":"","header-above-stick-meta":"","header-main-stick-meta":"","header-below-stick-meta":"","astra-migrate-meta-layouts":"default","ast-page-background-enabled":"default","ast-page-background-meta":{"desktop":{"background-color":"var(--ast-global-color-5)","background-image":"","background-repeat":"repeat","background-position":"center center","background-size":"auto","background-attachment":"scroll","background-type":"","background-media":"","overlay-type":"","overlay-color":"","overlay-opacity":"","overlay-gradient":""},"tablet":{"background-color":"","background-image":"","background-repeat":"repeat","background-position":"center center","background-size":"auto","background-attachment":"scroll","background-type":"","background-media":"","overlay-type":"","overlay-color":"","overlay-opacity":"","overlay-gradient":""},"mobile":{"background-color":"","background-image":"","background-repeat":"repeat","background-position":"center center","background-size":"auto","background-attachment":"scroll","background-type":"","background-media":"","overlay-type":"","overlay-color":"","overlay-opacity":"","overlay-gradient":""}},"ast-content-background-meta":{"desktop":{"background-color":"var(--ast-global-color-4)","background-image":"","background-repeat":"repeat","background-position":"center center","background-size":"auto","background-attachment":"scroll","background-type":"","background-media":"","overlay-type":"","overlay-color":"","overlay-opacity":"","overlay-gradient":""},"tablet":{"background-color":"var(--ast-global-color-4)","background-image":"","background-repeat":"repeat","background-position":"center center","background-size":"auto","background-attachment":"scroll","background-type":"","background-media":"","overlay-type":"","overlay-color":"","overlay-opacity":"","overlay-gradient":""},"mobile":{"background-color":"var(--ast-global-color-4)","background-image":"","background-repeat":"repeat","background-position":"center center","background-size":"auto","background-attachment":"scroll","background-type":"","background-media":"","overlay-type":"","overlay-color":"","overlay-opacity":"","overlay-gradient":""}},"footnotes":""},"categories":[208],"tags":[55,93,94],"class_list":["post-9701","post","type-post","status-publish","format-standard","has-post-thumbnail","hentry","category-noticias","tag-caral","tag-caral-en-la-escuela","tag-programa"],"acf":[],"yoast_head":"<!-- This site is optimized with the Yoast SEO plugin v27.3 - https:\/\/yoast.com\/product\/yoast-seo-wordpress\/ -->\n<title>Descubren en Vichama estatuilla de sacerdotisa y otras 4 piezas milenarias<\/title>\n<meta name=\"description\" content=\"Las cinco figuras de barro no cocido, de entre 20 cm y 30 cm de altura, tienen m\u00e1s de 3.800 a\u00f1os de antigu\u0308edad y corresponden a ofrendas de la civilizaci\u00f3n Caral.\" \/>\n<meta name=\"robots\" content=\"index, follow, max-snippet:-1, max-image-preview:large, max-video-preview:-1\" \/>\n<link rel=\"canonical\" href=\"https:\/\/zonacaral.gob.pe\/es\/noticias\/descubren-en-vichama-estatuilla-de-sacerdotisa-y-otras-4-piezas-milenarias\/\" \/>\n<meta property=\"og:locale\" content=\"es_ES\" \/>\n<meta property=\"og:type\" content=\"article\" \/>\n<meta property=\"og:title\" content=\"Descubren en Vichama estatuilla de sacerdotisa y otras 4 piezas milenarias\" \/>\n<meta property=\"og:description\" content=\"Las cinco figuras de barro no cocido, de entre 20 cm y 30 cm de altura, tienen m\u00e1s de 3.800 a\u00f1os de antigu\u0308edad y corresponden a ofrendas de la civilizaci\u00f3n Caral.\" \/>\n<meta property=\"og:url\" content=\"https:\/\/zonacaral.gob.pe\/es\/noticias\/descubren-en-vichama-estatuilla-de-sacerdotisa-y-otras-4-piezas-milenarias\/\" \/>\n<meta property=\"og:site_name\" content=\"Zona Caral\" \/>\n<meta property=\"article:published_time\" content=\"2015-06-09T20:23:59+00:00\" \/>\n<meta property=\"og:image\" content=\"https:\/\/zonacaral.gob.pe\/wp-content\/uploads\/2015\/06\/el-comercio-09-06-2015.jpg\" \/>\n\t<meta property=\"og:image:width\" content=\"750\" \/>\n\t<meta property=\"og:image:height\" content=\"523\" \/>\n\t<meta property=\"og:image:type\" content=\"image\/jpeg\" \/>\n<meta name=\"author\" content=\"Zona Caral Administrador\" \/>\n<meta name=\"twitter:card\" content=\"summary_large_image\" \/>\n<meta name=\"twitter:label1\" content=\"Written by\" \/>\n\t<meta name=\"twitter:data1\" content=\"Zona Caral Administrador\" \/>\n\t<meta name=\"twitter:label2\" content=\"Est. reading time\" \/>\n\t<meta name=\"twitter:data2\" content=\"2 minutos\" \/>\n<script type=\"application\/ld+json\" class=\"yoast-schema-graph\">{\"@context\":\"https:\\\/\\\/schema.org\",\"@graph\":[{\"@type\":\"Article\",\"@id\":\"https:\\\/\\\/zonacaral.gob.pe\\\/en\\\/noticias\\\/descubren-en-vichama-estatuilla-de-sacerdotisa-y-otras-4-piezas-milenarias\\\/#article\",\"isPartOf\":{\"@id\":\"https:\\\/\\\/zonacaral.gob.pe\\\/en\\\/noticias\\\/descubren-en-vichama-estatuilla-de-sacerdotisa-y-otras-4-piezas-milenarias\\\/\"},\"author\":{\"name\":\"Zona Caral Administrador\",\"@id\":\"https:\\\/\\\/zonacaral.gob.pe\\\/es\\\/#\\\/schema\\\/person\\\/beddb4d22f71a7230c5b90913270a0ee\"},\"headline\":\"Descubren en Vichama estatuilla de sacerdotisa y otras 4 piezas milenarias\",\"datePublished\":\"2015-06-09T20:23:59+00:00\",\"mainEntityOfPage\":{\"@id\":\"https:\\\/\\\/zonacaral.gob.pe\\\/en\\\/noticias\\\/descubren-en-vichama-estatuilla-de-sacerdotisa-y-otras-4-piezas-milenarias\\\/\"},\"wordCount\":502,\"image\":{\"@id\":\"https:\\\/\\\/zonacaral.gob.pe\\\/en\\\/noticias\\\/descubren-en-vichama-estatuilla-de-sacerdotisa-y-otras-4-piezas-milenarias\\\/#primaryimage\"},\"thumbnailUrl\":\"https:\\\/\\\/zonacaral.gob.pe\\\/wp-content\\\/uploads\\\/2015\\\/06\\\/el-comercio-09-06-2015.jpg\",\"keywords\":[\"caral\",\"caral en la escuela\",\"programa\"],\"articleSection\":[\"noticias\"],\"inLanguage\":\"es-PE\"},{\"@type\":\"WebPage\",\"@id\":\"https:\\\/\\\/zonacaral.gob.pe\\\/en\\\/noticias\\\/descubren-en-vichama-estatuilla-de-sacerdotisa-y-otras-4-piezas-milenarias\\\/\",\"url\":\"https:\\\/\\\/zonacaral.gob.pe\\\/en\\\/noticias\\\/descubren-en-vichama-estatuilla-de-sacerdotisa-y-otras-4-piezas-milenarias\\\/\",\"name\":\"Descubren en Vichama estatuilla de sacerdotisa y otras 4 piezas milenarias\",\"isPartOf\":{\"@id\":\"https:\\\/\\\/zonacaral.gob.pe\\\/es\\\/#website\"},\"primaryImageOfPage\":{\"@id\":\"https:\\\/\\\/zonacaral.gob.pe\\\/en\\\/noticias\\\/descubren-en-vichama-estatuilla-de-sacerdotisa-y-otras-4-piezas-milenarias\\\/#primaryimage\"},\"image\":{\"@id\":\"https:\\\/\\\/zonacaral.gob.pe\\\/en\\\/noticias\\\/descubren-en-vichama-estatuilla-de-sacerdotisa-y-otras-4-piezas-milenarias\\\/#primaryimage\"},\"thumbnailUrl\":\"https:\\\/\\\/zonacaral.gob.pe\\\/wp-content\\\/uploads\\\/2015\\\/06\\\/el-comercio-09-06-2015.jpg\",\"datePublished\":\"2015-06-09T20:23:59+00:00\",\"author\":{\"@id\":\"https:\\\/\\\/zonacaral.gob.pe\\\/es\\\/#\\\/schema\\\/person\\\/beddb4d22f71a7230c5b90913270a0ee\"},\"description\":\"Las cinco figuras de barro no cocido, de entre 20 cm y 30 cm de altura, tienen m\u00e1s de 3.800 a\u00f1os de antigu\u0308edad y corresponden a ofrendas de la civilizaci\u00f3n Caral.\",\"breadcrumb\":{\"@id\":\"https:\\\/\\\/zonacaral.gob.pe\\\/en\\\/noticias\\\/descubren-en-vichama-estatuilla-de-sacerdotisa-y-otras-4-piezas-milenarias\\\/#breadcrumb\"},\"inLanguage\":\"es-PE\",\"potentialAction\":[{\"@type\":\"ReadAction\",\"target\":[\"https:\\\/\\\/zonacaral.gob.pe\\\/en\\\/noticias\\\/descubren-en-vichama-estatuilla-de-sacerdotisa-y-otras-4-piezas-milenarias\\\/\"]}]},{\"@type\":\"ImageObject\",\"inLanguage\":\"es-PE\",\"@id\":\"https:\\\/\\\/zonacaral.gob.pe\\\/en\\\/noticias\\\/descubren-en-vichama-estatuilla-de-sacerdotisa-y-otras-4-piezas-milenarias\\\/#primaryimage\",\"url\":\"https:\\\/\\\/zonacaral.gob.pe\\\/wp-content\\\/uploads\\\/2015\\\/06\\\/el-comercio-09-06-2015.jpg\",\"contentUrl\":\"https:\\\/\\\/zonacaral.gob.pe\\\/wp-content\\\/uploads\\\/2015\\\/06\\\/el-comercio-09-06-2015.jpg\",\"width\":750,\"height\":523},{\"@type\":\"BreadcrumbList\",\"@id\":\"https:\\\/\\\/zonacaral.gob.pe\\\/en\\\/noticias\\\/descubren-en-vichama-estatuilla-de-sacerdotisa-y-otras-4-piezas-milenarias\\\/#breadcrumb\",\"itemListElement\":[{\"@type\":\"ListItem\",\"position\":1,\"name\":\"Portada\",\"item\":\"https:\\\/\\\/zonacaral.gob.pe\\\/\"},{\"@type\":\"ListItem\",\"position\":2,\"name\":\"Descubren en Vichama estatuilla de sacerdotisa y otras 4 piezas milenarias\"}]},{\"@type\":\"WebSite\",\"@id\":\"https:\\\/\\\/zonacaral.gob.pe\\\/es\\\/#website\",\"url\":\"https:\\\/\\\/zonacaral.gob.pe\\\/es\\\/\",\"name\":\"Zona Caral\",\"description\":\"Investigamos, conservamos y difundimos el patrimonio cultural de la Civilizaci\u00f3n Caral, la m\u00e1s antigua de Am\u00e9rica.\",\"potentialAction\":[{\"@type\":\"SearchAction\",\"target\":{\"@type\":\"EntryPoint\",\"urlTemplate\":\"https:\\\/\\\/zonacaral.gob.pe\\\/es\\\/?s={search_term_string}\"},\"query-input\":{\"@type\":\"PropertyValueSpecification\",\"valueRequired\":true,\"valueName\":\"search_term_string\"}}],\"inLanguage\":\"es-PE\"},{\"@type\":\"Person\",\"@id\":\"https:\\\/\\\/zonacaral.gob.pe\\\/es\\\/#\\\/schema\\\/person\\\/beddb4d22f71a7230c5b90913270a0ee\",\"name\":\"Zona Caral Administrador\",\"image\":{\"@type\":\"ImageObject\",\"inLanguage\":\"es-PE\",\"@id\":\"https:\\\/\\\/secure.gravatar.com\\\/avatar\\\/e4be162918a696358376de6446614e0f0f4062bdc5d170d6d540ada3d8b58c12?s=96&d=mm&r=g\",\"url\":\"https:\\\/\\\/secure.gravatar.com\\\/avatar\\\/e4be162918a696358376de6446614e0f0f4062bdc5d170d6d540ada3d8b58c12?s=96&d=mm&r=g\",\"contentUrl\":\"https:\\\/\\\/secure.gravatar.com\\\/avatar\\\/e4be162918a696358376de6446614e0f0f4062bdc5d170d6d540ada3d8b58c12?s=96&d=mm&r=g\",\"caption\":\"Zona Caral Administrador\"},\"sameAs\":[\"https:\\\/\\\/zonacaral.gob.pe\"],\"url\":\"https:\\\/\\\/zonacaral.gob.pe\\\/es\\\/noticias\\\/author\\\/ad_zonacaral\\\/\"}]}<\/script>\n<!-- \/ Yoast SEO plugin. -->","yoast_head_json":{"title":"Descubren en Vichama estatuilla de sacerdotisa y otras 4 piezas milenarias","description":"Las cinco figuras de barro no cocido, de entre 20 cm y 30 cm de altura, tienen m\u00e1s de 3.800 a\u00f1os de antigu\u0308edad y corresponden a ofrendas de la civilizaci\u00f3n Caral.","robots":{"index":"index","follow":"follow","max-snippet":"max-snippet:-1","max-image-preview":"max-image-preview:large","max-video-preview":"max-video-preview:-1"},"canonical":"https:\/\/zonacaral.gob.pe\/es\/noticias\/descubren-en-vichama-estatuilla-de-sacerdotisa-y-otras-4-piezas-milenarias\/","og_locale":"es_ES","og_type":"article","og_title":"Descubren en Vichama estatuilla de sacerdotisa y otras 4 piezas milenarias","og_description":"Las cinco figuras de barro no cocido, de entre 20 cm y 30 cm de altura, tienen m\u00e1s de 3.800 a\u00f1os de antigu\u0308edad y corresponden a ofrendas de la civilizaci\u00f3n Caral.","og_url":"https:\/\/zonacaral.gob.pe\/es\/noticias\/descubren-en-vichama-estatuilla-de-sacerdotisa-y-otras-4-piezas-milenarias\/","og_site_name":"Zona Caral","article_published_time":"2015-06-09T20:23:59+00:00","og_image":[{"width":750,"height":523,"url":"https:\/\/zonacaral.gob.pe\/wp-content\/uploads\/2015\/06\/el-comercio-09-06-2015.jpg","type":"image\/jpeg"}],"author":"Zona Caral Administrador","twitter_card":"summary_large_image","twitter_misc":{"Written by":"Zona Caral Administrador","Est. reading time":"2 minutos"},"schema":{"@context":"https:\/\/schema.org","@graph":[{"@type":"Article","@id":"https:\/\/zonacaral.gob.pe\/en\/noticias\/descubren-en-vichama-estatuilla-de-sacerdotisa-y-otras-4-piezas-milenarias\/#article","isPartOf":{"@id":"https:\/\/zonacaral.gob.pe\/en\/noticias\/descubren-en-vichama-estatuilla-de-sacerdotisa-y-otras-4-piezas-milenarias\/"},"author":{"name":"Zona Caral Administrador","@id":"https:\/\/zonacaral.gob.pe\/es\/#\/schema\/person\/beddb4d22f71a7230c5b90913270a0ee"},"headline":"Descubren en Vichama estatuilla de sacerdotisa y otras 4 piezas milenarias","datePublished":"2015-06-09T20:23:59+00:00","mainEntityOfPage":{"@id":"https:\/\/zonacaral.gob.pe\/en\/noticias\/descubren-en-vichama-estatuilla-de-sacerdotisa-y-otras-4-piezas-milenarias\/"},"wordCount":502,"image":{"@id":"https:\/\/zonacaral.gob.pe\/en\/noticias\/descubren-en-vichama-estatuilla-de-sacerdotisa-y-otras-4-piezas-milenarias\/#primaryimage"},"thumbnailUrl":"https:\/\/zonacaral.gob.pe\/wp-content\/uploads\/2015\/06\/el-comercio-09-06-2015.jpg","keywords":["caral","caral en la escuela","programa"],"articleSection":["noticias"],"inLanguage":"es-PE"},{"@type":"WebPage","@id":"https:\/\/zonacaral.gob.pe\/en\/noticias\/descubren-en-vichama-estatuilla-de-sacerdotisa-y-otras-4-piezas-milenarias\/","url":"https:\/\/zonacaral.gob.pe\/en\/noticias\/descubren-en-vichama-estatuilla-de-sacerdotisa-y-otras-4-piezas-milenarias\/","name":"Descubren en Vichama estatuilla de sacerdotisa y otras 4 piezas milenarias","isPartOf":{"@id":"https:\/\/zonacaral.gob.pe\/es\/#website"},"primaryImageOfPage":{"@id":"https:\/\/zonacaral.gob.pe\/en\/noticias\/descubren-en-vichama-estatuilla-de-sacerdotisa-y-otras-4-piezas-milenarias\/#primaryimage"},"image":{"@id":"https:\/\/zonacaral.gob.pe\/en\/noticias\/descubren-en-vichama-estatuilla-de-sacerdotisa-y-otras-4-piezas-milenarias\/#primaryimage"},"thumbnailUrl":"https:\/\/zonacaral.gob.pe\/wp-content\/uploads\/2015\/06\/el-comercio-09-06-2015.jpg","datePublished":"2015-06-09T20:23:59+00:00","author":{"@id":"https:\/\/zonacaral.gob.pe\/es\/#\/schema\/person\/beddb4d22f71a7230c5b90913270a0ee"},"description":"Las cinco figuras de barro no cocido, de entre 20 cm y 30 cm de altura, tienen m\u00e1s de 3.800 a\u00f1os de antigu\u0308edad y corresponden a ofrendas de la civilizaci\u00f3n Caral.","breadcrumb":{"@id":"https:\/\/zonacaral.gob.pe\/en\/noticias\/descubren-en-vichama-estatuilla-de-sacerdotisa-y-otras-4-piezas-milenarias\/#breadcrumb"},"inLanguage":"es-PE","potentialAction":[{"@type":"ReadAction","target":["https:\/\/zonacaral.gob.pe\/en\/noticias\/descubren-en-vichama-estatuilla-de-sacerdotisa-y-otras-4-piezas-milenarias\/"]}]},{"@type":"ImageObject","inLanguage":"es-PE","@id":"https:\/\/zonacaral.gob.pe\/en\/noticias\/descubren-en-vichama-estatuilla-de-sacerdotisa-y-otras-4-piezas-milenarias\/#primaryimage","url":"https:\/\/zonacaral.gob.pe\/wp-content\/uploads\/2015\/06\/el-comercio-09-06-2015.jpg","contentUrl":"https:\/\/zonacaral.gob.pe\/wp-content\/uploads\/2015\/06\/el-comercio-09-06-2015.jpg","width":750,"height":523},{"@type":"BreadcrumbList","@id":"https:\/\/zonacaral.gob.pe\/en\/noticias\/descubren-en-vichama-estatuilla-de-sacerdotisa-y-otras-4-piezas-milenarias\/#breadcrumb","itemListElement":[{"@type":"ListItem","position":1,"name":"Portada","item":"https:\/\/zonacaral.gob.pe\/"},{"@type":"ListItem","position":2,"name":"Descubren en Vichama estatuilla de sacerdotisa y otras 4 piezas milenarias"}]},{"@type":"WebSite","@id":"https:\/\/zonacaral.gob.pe\/es\/#website","url":"https:\/\/zonacaral.gob.pe\/es\/","name":"Zona Caral","description":"Investigamos, conservamos y difundimos el patrimonio cultural de la Civilizaci\u00f3n Caral, la m\u00e1s antigua de Am\u00e9rica.","potentialAction":[{"@type":"SearchAction","target":{"@type":"EntryPoint","urlTemplate":"https:\/\/zonacaral.gob.pe\/es\/?s={search_term_string}"},"query-input":{"@type":"PropertyValueSpecification","valueRequired":true,"valueName":"search_term_string"}}],"inLanguage":"es-PE"},{"@type":"Person","@id":"https:\/\/zonacaral.gob.pe\/es\/#\/schema\/person\/beddb4d22f71a7230c5b90913270a0ee","name":"Zona Caral Administrador","image":{"@type":"ImageObject","inLanguage":"es-PE","@id":"https:\/\/secure.gravatar.com\/avatar\/e4be162918a696358376de6446614e0f0f4062bdc5d170d6d540ada3d8b58c12?s=96&d=mm&r=g","url":"https:\/\/secure.gravatar.com\/avatar\/e4be162918a696358376de6446614e0f0f4062bdc5d170d6d540ada3d8b58c12?s=96&d=mm&r=g","contentUrl":"https:\/\/secure.gravatar.com\/avatar\/e4be162918a696358376de6446614e0f0f4062bdc5d170d6d540ada3d8b58c12?s=96&d=mm&r=g","caption":"Zona Caral Administrador"},"sameAs":["https:\/\/zonacaral.gob.pe"],"url":"https:\/\/zonacaral.gob.pe\/es\/noticias\/author\/ad_zonacaral\/"}]}},"_links":{"self":[{"href":"https:\/\/zonacaral.gob.pe\/es\/wp-json\/wp\/v2\/posts\/9701","targetHints":{"allow":["GET"]}}],"collection":[{"href":"https:\/\/zonacaral.gob.pe\/es\/wp-json\/wp\/v2\/posts"}],"about":[{"href":"https:\/\/zonacaral.gob.pe\/es\/wp-json\/wp\/v2\/types\/post"}],"author":[{"embeddable":true,"href":"https:\/\/zonacaral.gob.pe\/es\/wp-json\/wp\/v2\/users\/1"}],"replies":[{"embeddable":true,"href":"https:\/\/zonacaral.gob.pe\/es\/wp-json\/wp\/v2\/comments?post=9701"}],"version-history":[{"count":0,"href":"https:\/\/zonacaral.gob.pe\/es\/wp-json\/wp\/v2\/posts\/9701\/revisions"}],"wp:featuredmedia":[{"embeddable":true,"href":"https:\/\/zonacaral.gob.pe\/es\/wp-json\/wp\/v2\/media\/9702"}],"wp:attachment":[{"href":"https:\/\/zonacaral.gob.pe\/es\/wp-json\/wp\/v2\/media?parent=9701"}],"wp:term":[{"taxonomy":"category","embeddable":true,"href":"https:\/\/zonacaral.gob.pe\/es\/wp-json\/wp\/v2\/categories?post=9701"},{"taxonomy":"post_tag","embeddable":true,"href":"https:\/\/zonacaral.gob.pe\/es\/wp-json\/wp\/v2\/tags?post=9701"}],"curies":[{"name":"wp","href":"https:\/\/api.w.org\/{rel}","templated":true}]}}