{"id":9769,"date":"2015-06-23T17:24:57","date_gmt":"2015-06-23T22:24:57","guid":{"rendered":"http:\/\/www.zonacaral.gob.pe\/?p=9769"},"modified":"2015-06-23T17:24:57","modified_gmt":"2015-06-23T22:24:57","slug":"la-ley-garantiza-la-propiedad-del-patrimonio","status":"publish","type":"post","link":"https:\/\/zonacaral.gob.pe\/es\/noticias\/la-ley-garantiza-la-propiedad-del-patrimonio\/","title":{"rendered":"La ley garantiza la propiedad del patrimonio"},"content":{"rendered":"<figure class=\"pic-autor\" style=\"color: #4d4d4d;\"><\/figure>\n<blockquote>\n<p class=\"p1\">An\u00e1lisis exhaustivo de la Constituci\u00f3n Pol\u00edtica del Per\u00fa quien\u00a0define que ning\u00fan poseedor tiene derecho sobre tierras arqueol\u00f3gicas<\/p>\n<\/blockquote>\n<div style=\"color: #282828; text-align: justify;\"><strong><span style=\"color: #000000; font-family: arial, helvetica, sans-serif;\">Art\u00edculo 21 de nuestra Constituci\u00f3n Pol\u00edtica del Estado:<\/span><\/strong><\/div>\n<div style=\"color: #282828; text-align: justify;\"><span style=\"color: #000000; font-family: arial, helvetica, sans-serif;\"><span lang=\"ES-TRAD\">\u201c<i>Los yacimientos y restos arqueol\u00f3gicos, construcciones, monumentos, lugares, documentos bibliogr\u00e1ficos y de archivo, objetos art\u00edsticos y testimonios de valor hist\u00f3rico, expresamente declarados bienes culturales, y provisionalmente los que se presumen como tales, son patrimonio cultural de la Naci\u00f3n, independientemente de su condici\u00f3n de propiedad privada o p\u00fablica. Est\u00e1n protegidos por el Estado. La ley garantiza la propiedad de dicho patrimonio. Fomenta conforme a ley, la participaci\u00f3n privada en la conservaci\u00f3n, restauraci\u00f3n, exhibici\u00f3n y difusi\u00f3n del mismo, as\u00ed como su restituci\u00f3n al pa\u00eds cuando hubiere sido ilegalmente trasladado fuera del territorio nacional<\/i>\u201d<\/span><br \/>\n<\/span><\/div>\n<div style=\"color: #282828;\">\n<div dir=\"ltr\">\n<div dir=\"ltr\">\n<div dir=\"ltr\">\n<div style=\"text-align: justify;\"><span style=\"color: #000000; font-family: arial, helvetica, sans-serif;\">\u00a0<\/span><\/div>\n<div style=\"text-align: justify;\"><span style=\"color: #000000; font-family: arial, helvetica, sans-serif;\"><strong>Art\u00edculo 73:<\/strong>\u00a0\u201c<i>Los bienes de dominio p\u00fablico son inalienables e imprescriptibles. Los bienes de uso p\u00fablico pueden ser concedidos a particulares conforme a ley, para su aprovechamiento econ\u00f3mico<\/i>\u201d<\/span><\/div>\n<div style=\"text-align: justify;\"><span style=\"color: #000000; font-family: arial, helvetica, sans-serif;\">\u00a0<\/span><\/div>\n<div style=\"text-align: justify;\"><span style=\"color: #000000; font-family: arial, helvetica, sans-serif;\"><strong>Al art\u00edculo 954 del C\u00f3digo Civil:<\/strong> \u201c<i>La propiedad del predio se extiende al subsuelo y al sobresuelo, comprendidos dentro de los planos verticales del per\u00edmetro superficial y hasta donde sea \u00fatil al propietario el ejercicio de su derecho. La propiedad del subsuelo no comprende los recursos naturales, los yacimientos y restos arqueol\u00f3gicos, ni otros bienes regidos por leyes especiales<\/i>\u201d<\/span><\/div>\n<div style=\"text-align: justify;\"><span style=\"color: #000000; font-family: arial, helvetica, sans-serif;\">\u00a0<\/span><\/div>\n<div style=\"text-align: justify;\"><span style=\"font-family: arial, helvetica, sans-serif;\"><span style=\"color: #000000;\"><strong>Ley N\u00b0 28296<\/strong>,\u00a0en el art\u00edculo VI, del T\u00edtulo Preliminar que: \u201c<i>Los derechos de la Naci\u00f3n sobre los bienes declarados Patrimonio Cultural de la Naci\u00f3n, son imprescriptibles<\/i>\u201d, as\u00ed tambi\u00e9n, el art\u00edculo 6.1: \u201c<i>Todo bien inmueble integrante del Patrimonio Cultural de la Naci\u00f3n de car\u00e1cter prehisp\u00e1nico es de propiedad del Estado, as\u00ed como sus partes integrantes y\/o accesorias y sus componentes descubiertos o por descubrir, independientemente de que se encuentre ubicado en predio de propiedad p\u00fablica o privada. Dicho bien inmueble integrante del Patrimonio Cultural de la Naci\u00f3n tiene la condici\u00f3n de intangible, inalienable e imprescriptible, siendo administrado \u00fanicamente por el Estado<\/i>\u201d<\/span><\/span><\/div>\n<\/div>\n<\/div>\n<\/div>\n<\/div>\n<p style=\"color: #000000;\">Fecha de publicaci\u00f3n: 23\/06\/2015<\/p>\n","protected":false},"excerpt":{"rendered":"<p>An\u00e1lisis exhaustivo de la Constituci\u00f3n Pol\u00edtica del Per\u00fa quien\u00a0define que ning\u00fan poseedor tiene derecho sobre tierras arqueol\u00f3gicas Art\u00edculo 21 de [&hellip;]<\/p>\n","protected":false},"author":1,"featured_media":9770,"comment_status":"closed","ping_status":"open","sticky":false,"template":"","format":"standard","meta":{"_acf_changed":false,"site-sidebar-layout":"default","site-content-layout":"","ast-site-content-layout":"default","site-content-style":"default","site-sidebar-style":"default","ast-global-header-display":"","ast-banner-title-visibility":"","ast-main-header-display":"","ast-hfb-above-header-display":"","ast-hfb-below-header-display":"","ast-hfb-mobile-header-display":"","site-post-title":"","ast-breadcrumbs-content":"","ast-featured-img":"","footer-sml-layout":"","ast-disable-related-posts":"","theme-transparent-header-meta":"","adv-header-id-meta":"","stick-header-meta":"","header-above-stick-meta":"","header-main-stick-meta":"","header-below-stick-meta":"","astra-migrate-meta-layouts":"default","ast-page-background-enabled":"default","ast-page-background-meta":{"desktop":{"background-color":"var(--ast-global-color-5)","background-image":"","background-repeat":"repeat","background-position":"center center","background-size":"auto","background-attachment":"scroll","background-type":"","background-media":"","overlay-type":"","overlay-color":"","overlay-opacity":"","overlay-gradient":""},"tablet":{"background-color":"","background-image":"","background-repeat":"repeat","background-position":"center center","background-size":"auto","background-attachment":"scroll","background-type":"","background-media":"","overlay-type":"","overlay-color":"","overlay-opacity":"","overlay-gradient":""},"mobile":{"background-color":"","background-image":"","background-repeat":"repeat","background-position":"center center","background-size":"auto","background-attachment":"scroll","background-type":"","background-media":"","overlay-type":"","overlay-color":"","overlay-opacity":"","overlay-gradient":""}},"ast-content-background-meta":{"desktop":{"background-color":"var(--ast-global-color-4)","background-image":"","background-repeat":"repeat","background-position":"center center","background-size":"auto","background-attachment":"scroll","background-type":"","background-media":"","overlay-type":"","overlay-color":"","overlay-opacity":"","overlay-gradient":""},"tablet":{"background-color":"var(--ast-global-color-4)","background-image":"","background-repeat":"repeat","background-position":"center center","background-size":"auto","background-attachment":"scroll","background-type":"","background-media":"","overlay-type":"","overlay-color":"","overlay-opacity":"","overlay-gradient":""},"mobile":{"background-color":"var(--ast-global-color-4)","background-image":"","background-repeat":"repeat","background-position":"center center","background-size":"auto","background-attachment":"scroll","background-type":"","background-media":"","overlay-type":"","overlay-color":"","overlay-opacity":"","overlay-gradient":""}},"footnotes":""},"categories":[208],"tags":[55,95,82],"class_list":["post-9769","post","type-post","status-publish","format-standard","has-post-thumbnail","hentry","category-noticias","tag-caral","tag-patrimonio","tag-ruth-shady"],"acf":[],"yoast_head":"<!-- This site is optimized with the Yoast SEO plugin v27.3 - https:\/\/yoast.com\/product\/yoast-seo-wordpress\/ -->\n<title>La ley garantiza la propiedad del patrimonio<\/title>\n<meta name=\"description\" content=\"An\u00e1lisis exhaustivo de la Constituci\u00f3n Pol\u00edtica del Per\u00fa quien define que ning\u00fan poseedor tiene derecho sobre tierras arqueol\u00f3gicas.\" \/>\n<meta name=\"robots\" content=\"index, follow, max-snippet:-1, max-image-preview:large, max-video-preview:-1\" \/>\n<link rel=\"canonical\" href=\"https:\/\/zonacaral.gob.pe\/es\/noticias\/la-ley-garantiza-la-propiedad-del-patrimonio\/\" \/>\n<meta property=\"og:locale\" content=\"es_ES\" \/>\n<meta property=\"og:type\" content=\"article\" \/>\n<meta property=\"og:title\" content=\"La ley garantiza la propiedad del patrimonio\" \/>\n<meta property=\"og:description\" content=\"An\u00e1lisis exhaustivo de la Constituci\u00f3n Pol\u00edtica del Per\u00fa quien define que ning\u00fan poseedor tiene derecho sobre tierras arqueol\u00f3gicas.\" \/>\n<meta property=\"og:url\" content=\"https:\/\/zonacaral.gob.pe\/es\/noticias\/la-ley-garantiza-la-propiedad-del-patrimonio\/\" \/>\n<meta property=\"og:site_name\" content=\"Zona Caral\" \/>\n<meta property=\"article:published_time\" content=\"2015-06-23T22:24:57+00:00\" \/>\n<meta property=\"og:image\" content=\"https:\/\/zonacaral.gob.pe\/wp-content\/uploads\/2015\/06\/ley-tierras-arqueologicas-16-06-2015.jpg\" \/>\n\t<meta property=\"og:image:width\" content=\"800\" \/>\n\t<meta property=\"og:image:height\" content=\"450\" \/>\n\t<meta property=\"og:image:type\" content=\"image\/jpeg\" \/>\n<meta name=\"author\" content=\"Zona Caral Administrador\" \/>\n<meta name=\"twitter:card\" content=\"summary_large_image\" \/>\n<meta name=\"twitter:label1\" content=\"Written by\" \/>\n\t<meta name=\"twitter:data1\" content=\"Zona Caral Administrador\" \/>\n\t<meta name=\"twitter:label2\" content=\"Est. reading time\" \/>\n\t<meta name=\"twitter:data2\" content=\"2 minutos\" \/>\n<script type=\"application\/ld+json\" class=\"yoast-schema-graph\">{\"@context\":\"https:\\\/\\\/schema.org\",\"@graph\":[{\"@type\":\"Article\",\"@id\":\"https:\\\/\\\/zonacaral.gob.pe\\\/en\\\/noticias\\\/la-ley-garantiza-la-propiedad-del-patrimonio\\\/#article\",\"isPartOf\":{\"@id\":\"https:\\\/\\\/zonacaral.gob.pe\\\/en\\\/noticias\\\/la-ley-garantiza-la-propiedad-del-patrimonio\\\/\"},\"author\":{\"name\":\"Zona Caral Administrador\",\"@id\":\"https:\\\/\\\/zonacaral.gob.pe\\\/es\\\/#\\\/schema\\\/person\\\/beddb4d22f71a7230c5b90913270a0ee\"},\"headline\":\"La ley garantiza la propiedad del patrimonio\",\"datePublished\":\"2015-06-23T22:24:57+00:00\",\"mainEntityOfPage\":{\"@id\":\"https:\\\/\\\/zonacaral.gob.pe\\\/en\\\/noticias\\\/la-ley-garantiza-la-propiedad-del-patrimonio\\\/\"},\"wordCount\":355,\"image\":{\"@id\":\"https:\\\/\\\/zonacaral.gob.pe\\\/en\\\/noticias\\\/la-ley-garantiza-la-propiedad-del-patrimonio\\\/#primaryimage\"},\"thumbnailUrl\":\"https:\\\/\\\/zonacaral.gob.pe\\\/wp-content\\\/uploads\\\/2015\\\/06\\\/ley-tierras-arqueologicas-16-06-2015.jpg\",\"keywords\":[\"caral\",\"patrimonio\",\"Ruth Shady\"],\"articleSection\":[\"noticias\"],\"inLanguage\":\"es-PE\"},{\"@type\":\"WebPage\",\"@id\":\"https:\\\/\\\/zonacaral.gob.pe\\\/en\\\/noticias\\\/la-ley-garantiza-la-propiedad-del-patrimonio\\\/\",\"url\":\"https:\\\/\\\/zonacaral.gob.pe\\\/en\\\/noticias\\\/la-ley-garantiza-la-propiedad-del-patrimonio\\\/\",\"name\":\"La ley garantiza la propiedad del patrimonio\",\"isPartOf\":{\"@id\":\"https:\\\/\\\/zonacaral.gob.pe\\\/es\\\/#website\"},\"primaryImageOfPage\":{\"@id\":\"https:\\\/\\\/zonacaral.gob.pe\\\/en\\\/noticias\\\/la-ley-garantiza-la-propiedad-del-patrimonio\\\/#primaryimage\"},\"image\":{\"@id\":\"https:\\\/\\\/zonacaral.gob.pe\\\/en\\\/noticias\\\/la-ley-garantiza-la-propiedad-del-patrimonio\\\/#primaryimage\"},\"thumbnailUrl\":\"https:\\\/\\\/zonacaral.gob.pe\\\/wp-content\\\/uploads\\\/2015\\\/06\\\/ley-tierras-arqueologicas-16-06-2015.jpg\",\"datePublished\":\"2015-06-23T22:24:57+00:00\",\"author\":{\"@id\":\"https:\\\/\\\/zonacaral.gob.pe\\\/es\\\/#\\\/schema\\\/person\\\/beddb4d22f71a7230c5b90913270a0ee\"},\"description\":\"An\u00e1lisis exhaustivo de la Constituci\u00f3n Pol\u00edtica del Per\u00fa quien define que ning\u00fan poseedor tiene derecho sobre tierras arqueol\u00f3gicas.\",\"breadcrumb\":{\"@id\":\"https:\\\/\\\/zonacaral.gob.pe\\\/en\\\/noticias\\\/la-ley-garantiza-la-propiedad-del-patrimonio\\\/#breadcrumb\"},\"inLanguage\":\"es-PE\",\"potentialAction\":[{\"@type\":\"ReadAction\",\"target\":[\"https:\\\/\\\/zonacaral.gob.pe\\\/en\\\/noticias\\\/la-ley-garantiza-la-propiedad-del-patrimonio\\\/\"]}]},{\"@type\":\"ImageObject\",\"inLanguage\":\"es-PE\",\"@id\":\"https:\\\/\\\/zonacaral.gob.pe\\\/en\\\/noticias\\\/la-ley-garantiza-la-propiedad-del-patrimonio\\\/#primaryimage\",\"url\":\"https:\\\/\\\/zonacaral.gob.pe\\\/wp-content\\\/uploads\\\/2015\\\/06\\\/ley-tierras-arqueologicas-16-06-2015.jpg\",\"contentUrl\":\"https:\\\/\\\/zonacaral.gob.pe\\\/wp-content\\\/uploads\\\/2015\\\/06\\\/ley-tierras-arqueologicas-16-06-2015.jpg\",\"width\":800,\"height\":450},{\"@type\":\"BreadcrumbList\",\"@id\":\"https:\\\/\\\/zonacaral.gob.pe\\\/en\\\/noticias\\\/la-ley-garantiza-la-propiedad-del-patrimonio\\\/#breadcrumb\",\"itemListElement\":[{\"@type\":\"ListItem\",\"position\":1,\"name\":\"Portada\",\"item\":\"https:\\\/\\\/zonacaral.gob.pe\\\/\"},{\"@type\":\"ListItem\",\"position\":2,\"name\":\"La ley garantiza la propiedad del patrimonio\"}]},{\"@type\":\"WebSite\",\"@id\":\"https:\\\/\\\/zonacaral.gob.pe\\\/es\\\/#website\",\"url\":\"https:\\\/\\\/zonacaral.gob.pe\\\/es\\\/\",\"name\":\"Zona Caral\",\"description\":\"Investigamos, conservamos y difundimos el patrimonio cultural de la Civilizaci\u00f3n Caral, la m\u00e1s antigua de Am\u00e9rica.\",\"potentialAction\":[{\"@type\":\"SearchAction\",\"target\":{\"@type\":\"EntryPoint\",\"urlTemplate\":\"https:\\\/\\\/zonacaral.gob.pe\\\/es\\\/?s={search_term_string}\"},\"query-input\":{\"@type\":\"PropertyValueSpecification\",\"valueRequired\":true,\"valueName\":\"search_term_string\"}}],\"inLanguage\":\"es-PE\"},{\"@type\":\"Person\",\"@id\":\"https:\\\/\\\/zonacaral.gob.pe\\\/es\\\/#\\\/schema\\\/person\\\/beddb4d22f71a7230c5b90913270a0ee\",\"name\":\"Zona Caral Administrador\",\"image\":{\"@type\":\"ImageObject\",\"inLanguage\":\"es-PE\",\"@id\":\"https:\\\/\\\/secure.gravatar.com\\\/avatar\\\/e4be162918a696358376de6446614e0f0f4062bdc5d170d6d540ada3d8b58c12?s=96&d=mm&r=g\",\"url\":\"https:\\\/\\\/secure.gravatar.com\\\/avatar\\\/e4be162918a696358376de6446614e0f0f4062bdc5d170d6d540ada3d8b58c12?s=96&d=mm&r=g\",\"contentUrl\":\"https:\\\/\\\/secure.gravatar.com\\\/avatar\\\/e4be162918a696358376de6446614e0f0f4062bdc5d170d6d540ada3d8b58c12?s=96&d=mm&r=g\",\"caption\":\"Zona Caral Administrador\"},\"sameAs\":[\"https:\\\/\\\/zonacaral.gob.pe\"],\"url\":\"https:\\\/\\\/zonacaral.gob.pe\\\/es\\\/noticias\\\/author\\\/ad_zonacaral\\\/\"}]}<\/script>\n<!-- \/ Yoast SEO plugin. -->","yoast_head_json":{"title":"La ley garantiza la propiedad del patrimonio","description":"An\u00e1lisis exhaustivo de la Constituci\u00f3n Pol\u00edtica del Per\u00fa quien define que ning\u00fan poseedor tiene derecho sobre tierras arqueol\u00f3gicas.","robots":{"index":"index","follow":"follow","max-snippet":"max-snippet:-1","max-image-preview":"max-image-preview:large","max-video-preview":"max-video-preview:-1"},"canonical":"https:\/\/zonacaral.gob.pe\/es\/noticias\/la-ley-garantiza-la-propiedad-del-patrimonio\/","og_locale":"es_ES","og_type":"article","og_title":"La ley garantiza la propiedad del patrimonio","og_description":"An\u00e1lisis exhaustivo de la Constituci\u00f3n Pol\u00edtica del Per\u00fa quien define que ning\u00fan poseedor tiene derecho sobre tierras arqueol\u00f3gicas.","og_url":"https:\/\/zonacaral.gob.pe\/es\/noticias\/la-ley-garantiza-la-propiedad-del-patrimonio\/","og_site_name":"Zona Caral","article_published_time":"2015-06-23T22:24:57+00:00","og_image":[{"width":800,"height":450,"url":"https:\/\/zonacaral.gob.pe\/wp-content\/uploads\/2015\/06\/ley-tierras-arqueologicas-16-06-2015.jpg","type":"image\/jpeg"}],"author":"Zona Caral Administrador","twitter_card":"summary_large_image","twitter_misc":{"Written by":"Zona Caral Administrador","Est. reading time":"2 minutos"},"schema":{"@context":"https:\/\/schema.org","@graph":[{"@type":"Article","@id":"https:\/\/zonacaral.gob.pe\/en\/noticias\/la-ley-garantiza-la-propiedad-del-patrimonio\/#article","isPartOf":{"@id":"https:\/\/zonacaral.gob.pe\/en\/noticias\/la-ley-garantiza-la-propiedad-del-patrimonio\/"},"author":{"name":"Zona Caral Administrador","@id":"https:\/\/zonacaral.gob.pe\/es\/#\/schema\/person\/beddb4d22f71a7230c5b90913270a0ee"},"headline":"La ley garantiza la propiedad del patrimonio","datePublished":"2015-06-23T22:24:57+00:00","mainEntityOfPage":{"@id":"https:\/\/zonacaral.gob.pe\/en\/noticias\/la-ley-garantiza-la-propiedad-del-patrimonio\/"},"wordCount":355,"image":{"@id":"https:\/\/zonacaral.gob.pe\/en\/noticias\/la-ley-garantiza-la-propiedad-del-patrimonio\/#primaryimage"},"thumbnailUrl":"https:\/\/zonacaral.gob.pe\/wp-content\/uploads\/2015\/06\/ley-tierras-arqueologicas-16-06-2015.jpg","keywords":["caral","patrimonio","Ruth Shady"],"articleSection":["noticias"],"inLanguage":"es-PE"},{"@type":"WebPage","@id":"https:\/\/zonacaral.gob.pe\/en\/noticias\/la-ley-garantiza-la-propiedad-del-patrimonio\/","url":"https:\/\/zonacaral.gob.pe\/en\/noticias\/la-ley-garantiza-la-propiedad-del-patrimonio\/","name":"La ley garantiza la propiedad del patrimonio","isPartOf":{"@id":"https:\/\/zonacaral.gob.pe\/es\/#website"},"primaryImageOfPage":{"@id":"https:\/\/zonacaral.gob.pe\/en\/noticias\/la-ley-garantiza-la-propiedad-del-patrimonio\/#primaryimage"},"image":{"@id":"https:\/\/zonacaral.gob.pe\/en\/noticias\/la-ley-garantiza-la-propiedad-del-patrimonio\/#primaryimage"},"thumbnailUrl":"https:\/\/zonacaral.gob.pe\/wp-content\/uploads\/2015\/06\/ley-tierras-arqueologicas-16-06-2015.jpg","datePublished":"2015-06-23T22:24:57+00:00","author":{"@id":"https:\/\/zonacaral.gob.pe\/es\/#\/schema\/person\/beddb4d22f71a7230c5b90913270a0ee"},"description":"An\u00e1lisis exhaustivo de la Constituci\u00f3n Pol\u00edtica del Per\u00fa quien define que ning\u00fan poseedor tiene derecho sobre tierras arqueol\u00f3gicas.","breadcrumb":{"@id":"https:\/\/zonacaral.gob.pe\/en\/noticias\/la-ley-garantiza-la-propiedad-del-patrimonio\/#breadcrumb"},"inLanguage":"es-PE","potentialAction":[{"@type":"ReadAction","target":["https:\/\/zonacaral.gob.pe\/en\/noticias\/la-ley-garantiza-la-propiedad-del-patrimonio\/"]}]},{"@type":"ImageObject","inLanguage":"es-PE","@id":"https:\/\/zonacaral.gob.pe\/en\/noticias\/la-ley-garantiza-la-propiedad-del-patrimonio\/#primaryimage","url":"https:\/\/zonacaral.gob.pe\/wp-content\/uploads\/2015\/06\/ley-tierras-arqueologicas-16-06-2015.jpg","contentUrl":"https:\/\/zonacaral.gob.pe\/wp-content\/uploads\/2015\/06\/ley-tierras-arqueologicas-16-06-2015.jpg","width":800,"height":450},{"@type":"BreadcrumbList","@id":"https:\/\/zonacaral.gob.pe\/en\/noticias\/la-ley-garantiza-la-propiedad-del-patrimonio\/#breadcrumb","itemListElement":[{"@type":"ListItem","position":1,"name":"Portada","item":"https:\/\/zonacaral.gob.pe\/"},{"@type":"ListItem","position":2,"name":"La ley garantiza la propiedad del patrimonio"}]},{"@type":"WebSite","@id":"https:\/\/zonacaral.gob.pe\/es\/#website","url":"https:\/\/zonacaral.gob.pe\/es\/","name":"Zona Caral","description":"Investigamos, conservamos y difundimos el patrimonio cultural de la Civilizaci\u00f3n Caral, la m\u00e1s antigua de Am\u00e9rica.","potentialAction":[{"@type":"SearchAction","target":{"@type":"EntryPoint","urlTemplate":"https:\/\/zonacaral.gob.pe\/es\/?s={search_term_string}"},"query-input":{"@type":"PropertyValueSpecification","valueRequired":true,"valueName":"search_term_string"}}],"inLanguage":"es-PE"},{"@type":"Person","@id":"https:\/\/zonacaral.gob.pe\/es\/#\/schema\/person\/beddb4d22f71a7230c5b90913270a0ee","name":"Zona Caral Administrador","image":{"@type":"ImageObject","inLanguage":"es-PE","@id":"https:\/\/secure.gravatar.com\/avatar\/e4be162918a696358376de6446614e0f0f4062bdc5d170d6d540ada3d8b58c12?s=96&d=mm&r=g","url":"https:\/\/secure.gravatar.com\/avatar\/e4be162918a696358376de6446614e0f0f4062bdc5d170d6d540ada3d8b58c12?s=96&d=mm&r=g","contentUrl":"https:\/\/secure.gravatar.com\/avatar\/e4be162918a696358376de6446614e0f0f4062bdc5d170d6d540ada3d8b58c12?s=96&d=mm&r=g","caption":"Zona Caral Administrador"},"sameAs":["https:\/\/zonacaral.gob.pe"],"url":"https:\/\/zonacaral.gob.pe\/es\/noticias\/author\/ad_zonacaral\/"}]}},"_links":{"self":[{"href":"https:\/\/zonacaral.gob.pe\/es\/wp-json\/wp\/v2\/posts\/9769","targetHints":{"allow":["GET"]}}],"collection":[{"href":"https:\/\/zonacaral.gob.pe\/es\/wp-json\/wp\/v2\/posts"}],"about":[{"href":"https:\/\/zonacaral.gob.pe\/es\/wp-json\/wp\/v2\/types\/post"}],"author":[{"embeddable":true,"href":"https:\/\/zonacaral.gob.pe\/es\/wp-json\/wp\/v2\/users\/1"}],"replies":[{"embeddable":true,"href":"https:\/\/zonacaral.gob.pe\/es\/wp-json\/wp\/v2\/comments?post=9769"}],"version-history":[{"count":0,"href":"https:\/\/zonacaral.gob.pe\/es\/wp-json\/wp\/v2\/posts\/9769\/revisions"}],"wp:featuredmedia":[{"embeddable":true,"href":"https:\/\/zonacaral.gob.pe\/es\/wp-json\/wp\/v2\/media\/9770"}],"wp:attachment":[{"href":"https:\/\/zonacaral.gob.pe\/es\/wp-json\/wp\/v2\/media?parent=9769"}],"wp:term":[{"taxonomy":"category","embeddable":true,"href":"https:\/\/zonacaral.gob.pe\/es\/wp-json\/wp\/v2\/categories?post=9769"},{"taxonomy":"post_tag","embeddable":true,"href":"https:\/\/zonacaral.gob.pe\/es\/wp-json\/wp\/v2\/tags?post=9769"}],"curies":[{"name":"wp","href":"https:\/\/api.w.org\/{rel}","templated":true}]}}