{"id":9774,"date":"2015-06-30T11:38:09","date_gmt":"2015-06-30T16:38:09","guid":{"rendered":"http:\/\/www.zonacaral.gob.pe\/?p=9774"},"modified":"2015-06-30T11:38:09","modified_gmt":"2015-06-30T16:38:09","slug":"vichama-el-milenario-pueblo-al-norte-de-lima-que-sobrevivio-a-la-hambruna","status":"publish","type":"post","link":"https:\/\/zonacaral.gob.pe\/es\/noticias\/vichama-el-milenario-pueblo-al-norte-de-lima-que-sobrevivio-a-la-hambruna\/","title":{"rendered":"Vichama, el milenario pueblo al norte de Lima que sobrevivi\u00f3 a la hambruna"},"content":{"rendered":"<figure class=\"pic-autor\" style=\"color: #4d4d4d;\"><\/figure>\n<blockquote>\n<p style=\"color: #373535;\">Relieves hallados en la milenaria ciudadela de Huaura evidencian c\u00f3mo el fen\u00f3meo de El Ni\u00f1o afect\u00f3 a esta civilizaci\u00f3n.<\/p>\n<\/blockquote>\n<p style=\"color: #4d4d4d;\">Cada vez hay m\u00e1s pruebas de que el milenario pueblo de\u00a0<a style=\"color: #4d4d4d;\" href=\"http:\/\/elcomercio.pe\/noticias\/vichama-349360?ref=nota_peru&amp;ft=contenido\">Vichama<\/a>padeci\u00f3 de hambre, por la llegada de un intenso fen\u00f3meno de\u00a0<a style=\"color: #4d4d4d;\" href=\"http:\/\/elcomercio.pe\/noticias\/fenomeno-nino-524725?ref=nota_peru&amp;ft=contenido\">El Ni\u00f1o<\/a>\u00a0ocurrido hace 3.800 a\u00f1os. El resultado fue que sus campos de cultivo dejaron de producir y sus pobladores comenzaron a morir.<\/p>\n<p style=\"color: #4d4d4d;\">La historia fue perennizada en uno de los murales del templo principal del sitio arqueol\u00f3gico de Vichama, en V\u00e9gueta, en\u00a0<a style=\"color: #4d4d4d;\" href=\"http:\/\/elcomercio.pe\/noticias\/huaura-39719?ref=nota_peru&amp;ft=contenido\">Huaura<\/a>. El sitio fue uno de los \u00faltimos pueblos habitados de Caral \u2013la civilizaci\u00f3n m\u00e1s antigua de Am\u00e9rica\u2013 y es el que mejor ilustra los efectos del cambio clim\u00e1tico de hace casi cuatro milenios.<\/p>\n<p style=\"color: #4d4d4d;\">Las excavaciones permitieron desenterrar 34 relieves. De ellos, el a\u00f1o pasado solo se hab\u00eda encontrado una hilera de ni\u00f1os fam\u00e9licos danzando con los est\u00f3magos vac\u00edos. Para los arque\u00f3logos, era una clara alusi\u00f3n a la escasez: no hab\u00eda qu\u00e9 comer.<\/p>\n<p style=\"color: #4d4d4d;\">Hoy se ha logrado desenterrar a otros personajes que aportan m\u00e1s pruebas. Esta vez se hallaron adultos en estado cadav\u00e9rico: aparec\u00edan con los ojos hundidos y las costillas expuestas. Se retrata a la muerte.<\/p>\n<p style=\"color: #4d4d4d;\">Para Ruth Shady, la directora de la Zona Arqueol\u00f3gica de Caral (ZAC), la representaci\u00f3n es \u201cun mensaje para el mundo\u201d de c\u00f3mo un pueblo enfrent\u00f3 y sobrevivi\u00f3 al cambio clim\u00e1tico.<\/p>\n<h2 style=\"color: #4d4d4d; text-align: justify;\">Mar Bendito<\/h2>\n<p style=\"color: #4d4d4d;\">A diferencia de Caral, Vichama supo sobreponerse a los tiempos dif\u00edciles. El arque\u00f3logo Pedro Vargas, responsable de las excavaciones, afirma que, seg\u00fan los estudios, este pueblo sigui\u00f3 siendo ocupado despu\u00e9s de que Caral quedara deshabitada. Lo lograron gracias a los recursos del mar. En las excavaciones se hallaron restos de peces y moluscos que los ayudaron a aplacar el hambre.<\/p>\n<p style=\"color: #4d4d4d;\">Para Vargas, la otra evidencia la encontraron en el \u00faltimo templo levantado sobre el edificio principal de Vichama. Se trata de un sapo con manos humanas y sobre este aparece un rayo. \u201cEn la ideolog\u00eda andina, el sapo simboliza la fertilidad, el agua, la humedad. Su presencia indica que lleg\u00f3 el tiempo de bonanza y que las lluvias volvieron\u201d, sostiene Vargas.<\/p>\n<p style=\"color: #4d4d4d;\">Hay otros indicios de que se intentaba aplacar la furia de la naturaleza. Con el tiempo, los templos nuevos que eran construidos sobre los antiguos cambiaron de direcci\u00f3n. Antes los hac\u00edan con sus fachadas mirando hacia el norte, es decir, hacia la capital de Caral. Despu\u00e9s, los construyeron mirando hacia el este, o sea, hacia el valle, hacia sus chacras. No est\u00e1 claro por qu\u00e9, pero parece ser una respuesta de los pobladores de Vichama para menguar los d\u00edas m\u00e1s dif\u00edciles que les toc\u00f3 vivir.<\/p>\n<h2 style=\"color: #4d4d4d;\">Entre el mar y el Valle<\/h2>\n<h3 class=\"p1\">Cerca de caral<\/h3>\n<p class=\"p2\">Vichama fue uno de los asentamientos que particip\u00f3 en la din\u00e1mica econ\u00f3mica y social de la civilizaci\u00f3nCaral. Se extendi\u00f3 a lo largo de 140 hect\u00e1reas.<\/p>\n<h3 class=\"p1\">Poder femenino<\/h3>\n<p>Las evidencias indican que la mujer cumpli\u00f3 importantes roles en la organizaci\u00f3n pol\u00edtica y social de Vichama, pues los arque\u00f3logos hallaron estatuillas que representar\u00edan a la divinidad femenina.<\/p>\n<h3 class=\"p1\">Cuidado.<\/h3>\n<p class=\"p1\">Al igual que en Caral, en Vichama se usaron shicras en la construcci\u00f3n de los templos para que fueran.<\/p>\n<h2 class=\"p1\">El origen mitol\u00f3gico del Se\u00f1or de Vichama<\/h2>\n<p class=\"p1\">\u00a0<img fetchpriority=\"high\" decoding=\"async\" class=\"alignright wp-image-9776 size-full\" src=\"http:\/\/www.zonacaral.gob.pe\/wp-content\/uploads\/2015\/06\/comercio-08-06-2015-02.jpg\" alt=\"comercio-08-06-2015-02\" width=\"378\" height=\"269\" srcset=\"https:\/\/zonacaral.gob.pe\/wp-content\/uploads\/2015\/06\/comercio-08-06-2015-02.jpg 378w, https:\/\/zonacaral.gob.pe\/wp-content\/uploads\/2015\/06\/comercio-08-06-2015-02-300x213.jpg 300w\" sizes=\"(max-width: 378px) 100vw, 378px\" \/>En el siglo XVII, Antonio Fray de la Calancha, un padre espa\u00f1ol de la orden de los agustinos, lleg\u00f3 hasta las tierras de Vichama y antes de predicar el catolicismo \u2013seg\u00fan se narra en sus cr\u00f3nicas\u2013 pregunt\u00f3 a los pobladores del valle en qu\u00e9 deidades cre\u00edan. La respuesta fue que en el mito de Vichama y el dios Pachac\u00e1mac.<\/p>\n<p class=\"p1\">La historia narra coincidentemente la crisis de hambre y sequ\u00eda por la que atravesaron todas las poblaciones de la zona y que, de la pareja real, solo la mujer logr\u00f3 sobrevivir. Ella, luego de tantas s\u00faplicas al dios Sol para que los rescatara de la crisis, tuvo un hijo al que llam\u00f3 Vichama.<\/p>\n<p class=\"p1\">Pachac\u00e1mac, otro de los m\u00e1s importantes gobernantes de la costa central del antiguo Per\u00fa, se opuso a que naciera y maldijo al pueblo. Luego de que Vichama lleg\u00f3 al mundo, los d\u00edas fueron aun m\u00e1s dif\u00edciles.<\/p>\n<p class=\"p1\">Debido a la escasez, el joven Vichama decidi\u00f3 viajar por el mundo y a su regreso supo que, durante su ausencia, el dios Pachac\u00e1mac hab\u00eda matado a su madre.<\/p>\n<p class=\"p1\">Vichama intent\u00f3 vengar la muerte de su madre, pero el gobernante ya se hab\u00eda sumergido en las profundidades del mar.<\/p>\n<p class=\"p1\">Este mito fue representado el viernes por un grupo de actores locales en el sitio arqueol\u00f3gico a prop\u00f3sito de cumplirse ocho a\u00f1os del inicio de las excavaciones.<\/p>\n<p class=\"p1\">Arque\u00f3logos, autoridades y pobladores de V\u00e9gueta \u2013la localidad m\u00e1s cercana a la zona arqueol\u00f3gica\u2013 participaron en las actividades por este aniversario.<\/p>\n<p><strong style=\"color: #444444;\">Fuente:\u00a0<span style=\"color: #800000;\"><a href=\"http:\/\/www.zonacaral.gob.pe\/downloads\/notas-prensa\/el-comercio-09-06-2015-descubren-estatuillas-en-vichama.pdf\" target=\"_blank\"><span style=\"color: #800000;\">(<\/span><\/a><a href=\"http:\/\/www.zonacaral.gob.pe\/downloads\/notas-prensa\/elcomercio_2015-06-28-Vichama-%20%20sobrevivio-a-la-hambruna.pdf\"><span style=\"color: #800000;\">Diario el Comercio<\/span><\/a><a href=\"http:\/\/www.zonacaral.gob.pe\/downloads\/notas-prensa\/el-comercio-09-06-2015-descubren-estatuillas-en-vichama.pdf\" target=\"_blank\"><span style=\"color: #800000;\"><span style=\"color: #993300;\">)<\/span><\/span><\/a><\/span><\/strong><\/p>\n<p style=\"color: #000000;\">Fecha de publicaci\u00f3n: 28\/06\/2015<\/p>\n","protected":false},"excerpt":{"rendered":"<p>Relieves hallados en la milenaria ciudadela de Huaura evidencian c\u00f3mo el fen\u00f3meo de El Ni\u00f1o afect\u00f3 a esta civilizaci\u00f3n. Cada [&hellip;]<\/p>\n","protected":false},"author":1,"featured_media":9775,"comment_status":"closed","ping_status":"open","sticky":false,"template":"","format":"standard","meta":{"_acf_changed":false,"site-sidebar-layout":"default","site-content-layout":"","ast-site-content-layout":"default","site-content-style":"default","site-sidebar-style":"default","ast-global-header-display":"","ast-banner-title-visibility":"","ast-main-header-display":"","ast-hfb-above-header-display":"","ast-hfb-below-header-display":"","ast-hfb-mobile-header-display":"","site-post-title":"","ast-breadcrumbs-content":"","ast-featured-img":"","footer-sml-layout":"","ast-disable-related-posts":"","theme-transparent-header-meta":"","adv-header-id-meta":"","stick-header-meta":"","header-above-stick-meta":"","header-main-stick-meta":"","header-below-stick-meta":"","astra-migrate-meta-layouts":"default","ast-page-background-enabled":"default","ast-page-background-meta":{"desktop":{"background-color":"var(--ast-global-color-5)","background-image":"","background-repeat":"repeat","background-position":"center center","background-size":"auto","background-attachment":"scroll","background-type":"","background-media":"","overlay-type":"","overlay-color":"","overlay-opacity":"","overlay-gradient":""},"tablet":{"background-color":"","background-image":"","background-repeat":"repeat","background-position":"center center","background-size":"auto","background-attachment":"scroll","background-type":"","background-media":"","overlay-type":"","overlay-color":"","overlay-opacity":"","overlay-gradient":""},"mobile":{"background-color":"","background-image":"","background-repeat":"repeat","background-position":"center center","background-size":"auto","background-attachment":"scroll","background-type":"","background-media":"","overlay-type":"","overlay-color":"","overlay-opacity":"","overlay-gradient":""}},"ast-content-background-meta":{"desktop":{"background-color":"var(--ast-global-color-4)","background-image":"","background-repeat":"repeat","background-position":"center center","background-size":"auto","background-attachment":"scroll","background-type":"","background-media":"","overlay-type":"","overlay-color":"","overlay-opacity":"","overlay-gradient":""},"tablet":{"background-color":"var(--ast-global-color-4)","background-image":"","background-repeat":"repeat","background-position":"center center","background-size":"auto","background-attachment":"scroll","background-type":"","background-media":"","overlay-type":"","overlay-color":"","overlay-opacity":"","overlay-gradient":""},"mobile":{"background-color":"var(--ast-global-color-4)","background-image":"","background-repeat":"repeat","background-position":"center center","background-size":"auto","background-attachment":"scroll","background-type":"","background-media":"","overlay-type":"","overlay-color":"","overlay-opacity":"","overlay-gradient":""}},"footnotes":""},"categories":[208],"tags":[55,82,61],"class_list":["post-9774","post","type-post","status-publish","format-standard","has-post-thumbnail","hentry","category-noticias","tag-caral","tag-ruth-shady","tag-vichama"],"acf":[],"yoast_head":"<!-- This site is optimized with the Yoast SEO plugin v27.3 - https:\/\/yoast.com\/product\/yoast-seo-wordpress\/ -->\n<title>Vichama: El pueblo que sobrevivi\u00f3 a la hambruna<\/title>\n<meta name=\"description\" content=\"Relieves hallados en la milenaria ciudadela de Huaura evidencian c\u00f3mo el fen\u00f3meo de El Ni\u00f1o afect\u00f3 a esta civilizaci\u00f3n.\" \/>\n<meta name=\"robots\" content=\"index, follow, max-snippet:-1, max-image-preview:large, max-video-preview:-1\" \/>\n<link rel=\"canonical\" href=\"https:\/\/zonacaral.gob.pe\/es\/noticias\/vichama-el-milenario-pueblo-al-norte-de-lima-que-sobrevivio-a-la-hambruna\/\" \/>\n<meta property=\"og:locale\" content=\"es_ES\" \/>\n<meta property=\"og:type\" content=\"article\" \/>\n<meta property=\"og:title\" content=\"Vichama: El pueblo que sobrevivi\u00f3 a la hambruna\" \/>\n<meta property=\"og:description\" content=\"Relieves hallados en la milenaria ciudadela de Huaura evidencian c\u00f3mo el fen\u00f3meo de El Ni\u00f1o afect\u00f3 a esta civilizaci\u00f3n.\" \/>\n<meta property=\"og:url\" content=\"https:\/\/zonacaral.gob.pe\/es\/noticias\/vichama-el-milenario-pueblo-al-norte-de-lima-que-sobrevivio-a-la-hambruna\/\" \/>\n<meta property=\"og:site_name\" content=\"Zona Caral\" \/>\n<meta property=\"article:published_time\" content=\"2015-06-30T16:38:09+00:00\" \/>\n<meta property=\"og:image\" content=\"https:\/\/zonacaral.gob.pe\/wp-content\/uploads\/2015\/06\/comercio-08-06-2015-01.jpg\" \/>\n\t<meta property=\"og:image:width\" content=\"962\" \/>\n\t<meta property=\"og:image:height\" content=\"595\" \/>\n\t<meta property=\"og:image:type\" content=\"image\/jpeg\" \/>\n<meta name=\"author\" content=\"Zona Caral Administrador\" \/>\n<meta name=\"twitter:card\" content=\"summary_large_image\" \/>\n<meta name=\"twitter:label1\" content=\"Written by\" \/>\n\t<meta name=\"twitter:data1\" content=\"Zona Caral Administrador\" \/>\n\t<meta name=\"twitter:label2\" content=\"Est. reading time\" \/>\n\t<meta name=\"twitter:data2\" content=\"4 minutos\" \/>\n<script type=\"application\/ld+json\" class=\"yoast-schema-graph\">{\"@context\":\"https:\\\/\\\/schema.org\",\"@graph\":[{\"@type\":\"Article\",\"@id\":\"https:\\\/\\\/zonacaral.gob.pe\\\/en\\\/noticias\\\/vichama-el-milenario-pueblo-al-norte-de-lima-que-sobrevivio-a-la-hambruna\\\/#article\",\"isPartOf\":{\"@id\":\"https:\\\/\\\/zonacaral.gob.pe\\\/en\\\/noticias\\\/vichama-el-milenario-pueblo-al-norte-de-lima-que-sobrevivio-a-la-hambruna\\\/\"},\"author\":{\"name\":\"Zona Caral Administrador\",\"@id\":\"https:\\\/\\\/zonacaral.gob.pe\\\/es\\\/#\\\/schema\\\/person\\\/beddb4d22f71a7230c5b90913270a0ee\"},\"headline\":\"Vichama, el milenario pueblo al norte de Lima que sobrevivi\u00f3 a la hambruna\",\"datePublished\":\"2015-06-30T16:38:09+00:00\",\"mainEntityOfPage\":{\"@id\":\"https:\\\/\\\/zonacaral.gob.pe\\\/en\\\/noticias\\\/vichama-el-milenario-pueblo-al-norte-de-lima-que-sobrevivio-a-la-hambruna\\\/\"},\"wordCount\":857,\"image\":{\"@id\":\"https:\\\/\\\/zonacaral.gob.pe\\\/en\\\/noticias\\\/vichama-el-milenario-pueblo-al-norte-de-lima-que-sobrevivio-a-la-hambruna\\\/#primaryimage\"},\"thumbnailUrl\":\"https:\\\/\\\/zonacaral.gob.pe\\\/wp-content\\\/uploads\\\/2015\\\/06\\\/comercio-08-06-2015-01.jpg\",\"keywords\":[\"caral\",\"Ruth Shady\",\"vichama\"],\"articleSection\":[\"noticias\"],\"inLanguage\":\"es-PE\"},{\"@type\":\"WebPage\",\"@id\":\"https:\\\/\\\/zonacaral.gob.pe\\\/en\\\/noticias\\\/vichama-el-milenario-pueblo-al-norte-de-lima-que-sobrevivio-a-la-hambruna\\\/\",\"url\":\"https:\\\/\\\/zonacaral.gob.pe\\\/en\\\/noticias\\\/vichama-el-milenario-pueblo-al-norte-de-lima-que-sobrevivio-a-la-hambruna\\\/\",\"name\":\"Vichama: El pueblo que sobrevivi\u00f3 a la hambruna\",\"isPartOf\":{\"@id\":\"https:\\\/\\\/zonacaral.gob.pe\\\/es\\\/#website\"},\"primaryImageOfPage\":{\"@id\":\"https:\\\/\\\/zonacaral.gob.pe\\\/en\\\/noticias\\\/vichama-el-milenario-pueblo-al-norte-de-lima-que-sobrevivio-a-la-hambruna\\\/#primaryimage\"},\"image\":{\"@id\":\"https:\\\/\\\/zonacaral.gob.pe\\\/en\\\/noticias\\\/vichama-el-milenario-pueblo-al-norte-de-lima-que-sobrevivio-a-la-hambruna\\\/#primaryimage\"},\"thumbnailUrl\":\"https:\\\/\\\/zonacaral.gob.pe\\\/wp-content\\\/uploads\\\/2015\\\/06\\\/comercio-08-06-2015-01.jpg\",\"datePublished\":\"2015-06-30T16:38:09+00:00\",\"author\":{\"@id\":\"https:\\\/\\\/zonacaral.gob.pe\\\/es\\\/#\\\/schema\\\/person\\\/beddb4d22f71a7230c5b90913270a0ee\"},\"description\":\"Relieves hallados en la milenaria ciudadela de Huaura evidencian c\u00f3mo el fen\u00f3meo de El Ni\u00f1o afect\u00f3 a esta civilizaci\u00f3n.\",\"breadcrumb\":{\"@id\":\"https:\\\/\\\/zonacaral.gob.pe\\\/en\\\/noticias\\\/vichama-el-milenario-pueblo-al-norte-de-lima-que-sobrevivio-a-la-hambruna\\\/#breadcrumb\"},\"inLanguage\":\"es-PE\",\"potentialAction\":[{\"@type\":\"ReadAction\",\"target\":[\"https:\\\/\\\/zonacaral.gob.pe\\\/en\\\/noticias\\\/vichama-el-milenario-pueblo-al-norte-de-lima-que-sobrevivio-a-la-hambruna\\\/\"]}]},{\"@type\":\"ImageObject\",\"inLanguage\":\"es-PE\",\"@id\":\"https:\\\/\\\/zonacaral.gob.pe\\\/en\\\/noticias\\\/vichama-el-milenario-pueblo-al-norte-de-lima-que-sobrevivio-a-la-hambruna\\\/#primaryimage\",\"url\":\"https:\\\/\\\/zonacaral.gob.pe\\\/wp-content\\\/uploads\\\/2015\\\/06\\\/comercio-08-06-2015-01.jpg\",\"contentUrl\":\"https:\\\/\\\/zonacaral.gob.pe\\\/wp-content\\\/uploads\\\/2015\\\/06\\\/comercio-08-06-2015-01.jpg\",\"width\":962,\"height\":595},{\"@type\":\"BreadcrumbList\",\"@id\":\"https:\\\/\\\/zonacaral.gob.pe\\\/en\\\/noticias\\\/vichama-el-milenario-pueblo-al-norte-de-lima-que-sobrevivio-a-la-hambruna\\\/#breadcrumb\",\"itemListElement\":[{\"@type\":\"ListItem\",\"position\":1,\"name\":\"Portada\",\"item\":\"https:\\\/\\\/zonacaral.gob.pe\\\/\"},{\"@type\":\"ListItem\",\"position\":2,\"name\":\"Vichama, el milenario pueblo al norte de Lima que sobrevivi\u00f3 a la hambruna\"}]},{\"@type\":\"WebSite\",\"@id\":\"https:\\\/\\\/zonacaral.gob.pe\\\/es\\\/#website\",\"url\":\"https:\\\/\\\/zonacaral.gob.pe\\\/es\\\/\",\"name\":\"Zona Caral\",\"description\":\"Investigamos, conservamos y difundimos el patrimonio cultural de la Civilizaci\u00f3n Caral, la m\u00e1s antigua de Am\u00e9rica.\",\"potentialAction\":[{\"@type\":\"SearchAction\",\"target\":{\"@type\":\"EntryPoint\",\"urlTemplate\":\"https:\\\/\\\/zonacaral.gob.pe\\\/es\\\/?s={search_term_string}\"},\"query-input\":{\"@type\":\"PropertyValueSpecification\",\"valueRequired\":true,\"valueName\":\"search_term_string\"}}],\"inLanguage\":\"es-PE\"},{\"@type\":\"Person\",\"@id\":\"https:\\\/\\\/zonacaral.gob.pe\\\/es\\\/#\\\/schema\\\/person\\\/beddb4d22f71a7230c5b90913270a0ee\",\"name\":\"Zona Caral Administrador\",\"image\":{\"@type\":\"ImageObject\",\"inLanguage\":\"es-PE\",\"@id\":\"https:\\\/\\\/secure.gravatar.com\\\/avatar\\\/e4be162918a696358376de6446614e0f0f4062bdc5d170d6d540ada3d8b58c12?s=96&d=mm&r=g\",\"url\":\"https:\\\/\\\/secure.gravatar.com\\\/avatar\\\/e4be162918a696358376de6446614e0f0f4062bdc5d170d6d540ada3d8b58c12?s=96&d=mm&r=g\",\"contentUrl\":\"https:\\\/\\\/secure.gravatar.com\\\/avatar\\\/e4be162918a696358376de6446614e0f0f4062bdc5d170d6d540ada3d8b58c12?s=96&d=mm&r=g\",\"caption\":\"Zona Caral Administrador\"},\"sameAs\":[\"https:\\\/\\\/zonacaral.gob.pe\"],\"url\":\"https:\\\/\\\/zonacaral.gob.pe\\\/es\\\/noticias\\\/author\\\/ad_zonacaral\\\/\"}]}<\/script>\n<!-- \/ Yoast SEO plugin. -->","yoast_head_json":{"title":"Vichama: El pueblo que sobrevivi\u00f3 a la hambruna","description":"Relieves hallados en la milenaria ciudadela de Huaura evidencian c\u00f3mo el fen\u00f3meo de El Ni\u00f1o afect\u00f3 a esta civilizaci\u00f3n.","robots":{"index":"index","follow":"follow","max-snippet":"max-snippet:-1","max-image-preview":"max-image-preview:large","max-video-preview":"max-video-preview:-1"},"canonical":"https:\/\/zonacaral.gob.pe\/es\/noticias\/vichama-el-milenario-pueblo-al-norte-de-lima-que-sobrevivio-a-la-hambruna\/","og_locale":"es_ES","og_type":"article","og_title":"Vichama: El pueblo que sobrevivi\u00f3 a la hambruna","og_description":"Relieves hallados en la milenaria ciudadela de Huaura evidencian c\u00f3mo el fen\u00f3meo de El Ni\u00f1o afect\u00f3 a esta civilizaci\u00f3n.","og_url":"https:\/\/zonacaral.gob.pe\/es\/noticias\/vichama-el-milenario-pueblo-al-norte-de-lima-que-sobrevivio-a-la-hambruna\/","og_site_name":"Zona Caral","article_published_time":"2015-06-30T16:38:09+00:00","og_image":[{"width":962,"height":595,"url":"https:\/\/zonacaral.gob.pe\/wp-content\/uploads\/2015\/06\/comercio-08-06-2015-01.jpg","type":"image\/jpeg"}],"author":"Zona Caral Administrador","twitter_card":"summary_large_image","twitter_misc":{"Written by":"Zona Caral Administrador","Est. reading time":"4 minutos"},"schema":{"@context":"https:\/\/schema.org","@graph":[{"@type":"Article","@id":"https:\/\/zonacaral.gob.pe\/en\/noticias\/vichama-el-milenario-pueblo-al-norte-de-lima-que-sobrevivio-a-la-hambruna\/#article","isPartOf":{"@id":"https:\/\/zonacaral.gob.pe\/en\/noticias\/vichama-el-milenario-pueblo-al-norte-de-lima-que-sobrevivio-a-la-hambruna\/"},"author":{"name":"Zona Caral Administrador","@id":"https:\/\/zonacaral.gob.pe\/es\/#\/schema\/person\/beddb4d22f71a7230c5b90913270a0ee"},"headline":"Vichama, el milenario pueblo al norte de Lima que sobrevivi\u00f3 a la hambruna","datePublished":"2015-06-30T16:38:09+00:00","mainEntityOfPage":{"@id":"https:\/\/zonacaral.gob.pe\/en\/noticias\/vichama-el-milenario-pueblo-al-norte-de-lima-que-sobrevivio-a-la-hambruna\/"},"wordCount":857,"image":{"@id":"https:\/\/zonacaral.gob.pe\/en\/noticias\/vichama-el-milenario-pueblo-al-norte-de-lima-que-sobrevivio-a-la-hambruna\/#primaryimage"},"thumbnailUrl":"https:\/\/zonacaral.gob.pe\/wp-content\/uploads\/2015\/06\/comercio-08-06-2015-01.jpg","keywords":["caral","Ruth Shady","vichama"],"articleSection":["noticias"],"inLanguage":"es-PE"},{"@type":"WebPage","@id":"https:\/\/zonacaral.gob.pe\/en\/noticias\/vichama-el-milenario-pueblo-al-norte-de-lima-que-sobrevivio-a-la-hambruna\/","url":"https:\/\/zonacaral.gob.pe\/en\/noticias\/vichama-el-milenario-pueblo-al-norte-de-lima-que-sobrevivio-a-la-hambruna\/","name":"Vichama: El pueblo que sobrevivi\u00f3 a la hambruna","isPartOf":{"@id":"https:\/\/zonacaral.gob.pe\/es\/#website"},"primaryImageOfPage":{"@id":"https:\/\/zonacaral.gob.pe\/en\/noticias\/vichama-el-milenario-pueblo-al-norte-de-lima-que-sobrevivio-a-la-hambruna\/#primaryimage"},"image":{"@id":"https:\/\/zonacaral.gob.pe\/en\/noticias\/vichama-el-milenario-pueblo-al-norte-de-lima-que-sobrevivio-a-la-hambruna\/#primaryimage"},"thumbnailUrl":"https:\/\/zonacaral.gob.pe\/wp-content\/uploads\/2015\/06\/comercio-08-06-2015-01.jpg","datePublished":"2015-06-30T16:38:09+00:00","author":{"@id":"https:\/\/zonacaral.gob.pe\/es\/#\/schema\/person\/beddb4d22f71a7230c5b90913270a0ee"},"description":"Relieves hallados en la milenaria ciudadela de Huaura evidencian c\u00f3mo el fen\u00f3meo de El Ni\u00f1o afect\u00f3 a esta civilizaci\u00f3n.","breadcrumb":{"@id":"https:\/\/zonacaral.gob.pe\/en\/noticias\/vichama-el-milenario-pueblo-al-norte-de-lima-que-sobrevivio-a-la-hambruna\/#breadcrumb"},"inLanguage":"es-PE","potentialAction":[{"@type":"ReadAction","target":["https:\/\/zonacaral.gob.pe\/en\/noticias\/vichama-el-milenario-pueblo-al-norte-de-lima-que-sobrevivio-a-la-hambruna\/"]}]},{"@type":"ImageObject","inLanguage":"es-PE","@id":"https:\/\/zonacaral.gob.pe\/en\/noticias\/vichama-el-milenario-pueblo-al-norte-de-lima-que-sobrevivio-a-la-hambruna\/#primaryimage","url":"https:\/\/zonacaral.gob.pe\/wp-content\/uploads\/2015\/06\/comercio-08-06-2015-01.jpg","contentUrl":"https:\/\/zonacaral.gob.pe\/wp-content\/uploads\/2015\/06\/comercio-08-06-2015-01.jpg","width":962,"height":595},{"@type":"BreadcrumbList","@id":"https:\/\/zonacaral.gob.pe\/en\/noticias\/vichama-el-milenario-pueblo-al-norte-de-lima-que-sobrevivio-a-la-hambruna\/#breadcrumb","itemListElement":[{"@type":"ListItem","position":1,"name":"Portada","item":"https:\/\/zonacaral.gob.pe\/"},{"@type":"ListItem","position":2,"name":"Vichama, el milenario pueblo al norte de Lima que sobrevivi\u00f3 a la hambruna"}]},{"@type":"WebSite","@id":"https:\/\/zonacaral.gob.pe\/es\/#website","url":"https:\/\/zonacaral.gob.pe\/es\/","name":"Zona Caral","description":"Investigamos, conservamos y difundimos el patrimonio cultural de la Civilizaci\u00f3n Caral, la m\u00e1s antigua de Am\u00e9rica.","potentialAction":[{"@type":"SearchAction","target":{"@type":"EntryPoint","urlTemplate":"https:\/\/zonacaral.gob.pe\/es\/?s={search_term_string}"},"query-input":{"@type":"PropertyValueSpecification","valueRequired":true,"valueName":"search_term_string"}}],"inLanguage":"es-PE"},{"@type":"Person","@id":"https:\/\/zonacaral.gob.pe\/es\/#\/schema\/person\/beddb4d22f71a7230c5b90913270a0ee","name":"Zona Caral Administrador","image":{"@type":"ImageObject","inLanguage":"es-PE","@id":"https:\/\/secure.gravatar.com\/avatar\/e4be162918a696358376de6446614e0f0f4062bdc5d170d6d540ada3d8b58c12?s=96&d=mm&r=g","url":"https:\/\/secure.gravatar.com\/avatar\/e4be162918a696358376de6446614e0f0f4062bdc5d170d6d540ada3d8b58c12?s=96&d=mm&r=g","contentUrl":"https:\/\/secure.gravatar.com\/avatar\/e4be162918a696358376de6446614e0f0f4062bdc5d170d6d540ada3d8b58c12?s=96&d=mm&r=g","caption":"Zona Caral Administrador"},"sameAs":["https:\/\/zonacaral.gob.pe"],"url":"https:\/\/zonacaral.gob.pe\/es\/noticias\/author\/ad_zonacaral\/"}]}},"_links":{"self":[{"href":"https:\/\/zonacaral.gob.pe\/es\/wp-json\/wp\/v2\/posts\/9774","targetHints":{"allow":["GET"]}}],"collection":[{"href":"https:\/\/zonacaral.gob.pe\/es\/wp-json\/wp\/v2\/posts"}],"about":[{"href":"https:\/\/zonacaral.gob.pe\/es\/wp-json\/wp\/v2\/types\/post"}],"author":[{"embeddable":true,"href":"https:\/\/zonacaral.gob.pe\/es\/wp-json\/wp\/v2\/users\/1"}],"replies":[{"embeddable":true,"href":"https:\/\/zonacaral.gob.pe\/es\/wp-json\/wp\/v2\/comments?post=9774"}],"version-history":[{"count":0,"href":"https:\/\/zonacaral.gob.pe\/es\/wp-json\/wp\/v2\/posts\/9774\/revisions"}],"wp:featuredmedia":[{"embeddable":true,"href":"https:\/\/zonacaral.gob.pe\/es\/wp-json\/wp\/v2\/media\/9775"}],"wp:attachment":[{"href":"https:\/\/zonacaral.gob.pe\/es\/wp-json\/wp\/v2\/media?parent=9774"}],"wp:term":[{"taxonomy":"category","embeddable":true,"href":"https:\/\/zonacaral.gob.pe\/es\/wp-json\/wp\/v2\/categories?post=9774"},{"taxonomy":"post_tag","embeddable":true,"href":"https:\/\/zonacaral.gob.pe\/es\/wp-json\/wp\/v2\/tags?post=9774"}],"curies":[{"name":"wp","href":"https:\/\/api.w.org\/{rel}","templated":true}]}}