{"id":9792,"date":"2015-07-09T15:44:04","date_gmt":"2015-07-09T20:44:04","guid":{"rendered":"http:\/\/www.zonacaral.gob.pe\/?p=9792"},"modified":"2015-07-09T15:44:04","modified_gmt":"2015-07-09T20:44:04","slug":"vichama-mas-alla-del-turismo","status":"publish","type":"post","link":"https:\/\/zonacaral.gob.pe\/es\/noticias\/vichama-mas-alla-del-turismo\/","title":{"rendered":"Vichama: M\u00e1s all\u00e1 del Turismo"},"content":{"rendered":"<figure class=\"pic-autor\" style=\"color: #4d4d4d;\"><\/figure>\n<blockquote>\n<p class=\"p1\">Descifrando nuestra identidad<\/p>\n<\/blockquote>\n<p style=\"text-align: justify;\">Si usted no lo sab\u00eda, pues ahora lo sabr\u00e1. Caral, ubicada en el valle de Supe al noreste de Lima, es la prime\u00adra civilizaci\u00f3n de Am\u00e9rica y una de las m\u00e1s antiguas del mundo, siendo contempor\u00e1nea con ingentes culturas como las de Egipto, Mesopotamia, India o China. Y es Patrimonio Cultural de la Humanidad. Nada menos.<\/p>\n<p style=\"text-align: justify;\"><a href=\"http:\/\/www.zonacaral.gob.pe\/wp-content\/uploads\/2015\/07\/vela-verde-08-07-2015-02.jpg\"><img fetchpriority=\"high\" decoding=\"async\" class=\"alignright wp-image-9794 size-medium\" src=\"http:\/\/www.zonacaral.gob.pe\/wp-content\/uploads\/2015\/07\/vela-verde-08-07-2015-02-300x199.jpg\" alt=\"Estatuillas de Vichama\" width=\"300\" height=\"199\" \/><\/a>Lamentablemente, el cambio clim\u00e1tico y el Fen\u00f3meno de El Ni\u00f1o diezmaron su sociedad hasta casi hacerla desaparecer. Sobre todo por circunstancias de hambruna ante la escasez de alimentos, ya que depend\u00edan \u00fanicamente de la extracci\u00f3n agr\u00edcola, siendo obligados a trasladarse a otras zonas para poder sobrevivir.<\/p>\n<p style=\"text-align: justify;\">Y es ah\u00ed donde destaca la importancia de la ciudad agropesquera de Vichama. Una ci\u00advilizaci\u00f3n de 3,800 a\u00f1os cercana al mar que perteneci\u00f3 al \u00faltimo periodo de Caral y que supo c\u00f3mo soslayar esta etapa de crisis, con\u00advergiendo dos actividades econ\u00f3micas tan importantes como la agricultura y la pesca.<\/p>\n<p style=\"text-align: justify;\">El consumo masivo de la anchoveta, la sardina, las machas y los choros ha quedado plenamente demostrado en el registro arqueo\u00adl\u00f3gico. Y eso parece haber sido el secreto de los habitantes de Vichama para subsistir como sociedad, a diferencia de Caral, uniendo dos actividades y no dependiendo de una sola.<\/p>\n<p style=\"text-align: justify;\"><a href=\"http:\/\/www.zonacaral.gob.pe\/wp-content\/uploads\/2015\/07\/vela-verde-08-07-2015-03.jpg\"><img decoding=\"async\" class=\"alignleft wp-image-9796 size-medium\" src=\"http:\/\/www.zonacaral.gob.pe\/wp-content\/uploads\/2015\/07\/vela-verde-08-07-2015-03-300x199.jpg\" alt=\"Frisos de Vichama\" width=\"300\" height=\"199\" \/><\/a>Esto adem\u00e1s de haber existido un comercio a larga distancia con otros pobladores, encon\u00adtr\u00e1ndose en su \u00e1rea restos de aves amaz\u00f3ni\u00adcas, representaciones de monos aulladores y moluscos que proceden de Ecuador, aparte de otras especies provenientes de Bolivia.<\/p>\n<p style=\"text-align: justify;\">As\u00ed, Vichama, en t\u00e9rminos de cronolog\u00eda andina, pertenece al formativo temprano para despu\u00e9s dar paso a la cultura Chav\u00edn, lo que por mucho tiempo se crey\u00f3 que era a la inversa.<\/p>\n<p style=\"text-align: justify;\">Y, como si fuera poco, esta zona de la costa norcentral, de acuerdo con los estudios del ling\u00fcista huachano Alfredo Torero, es el \u00e1rea donde se origin\u00f3 la lengua quechua, con el famoso protoquechua, el quechua m\u00e1s primi\u00adgenio y no el que lleg\u00f3 posteriormente con los incas. Un punto m\u00e1s acerca de la importancia de esta civilizaci\u00f3n.<\/p>\n<p style=\"text-align: justify;\"><strong style=\"color: #444444;\">Fuente:\u00a0<span style=\"color: #993300;\">)<\/span><\/strong><\/p>\n<p style=\"color: #000000;\">Fecha de publicaci\u00f3n: 08\/07\/2015<\/p>\n","protected":false},"excerpt":{"rendered":"<p>Descifrando nuestra identidad Si usted no lo sab\u00eda, pues ahora lo sabr\u00e1. Caral, ubicada en el valle de Supe al [&hellip;]<\/p>\n","protected":false},"author":1,"featured_media":9793,"comment_status":"closed","ping_status":"open","sticky":false,"template":"","format":"standard","meta":{"_acf_changed":false,"site-sidebar-layout":"default","site-content-layout":"","ast-site-content-layout":"default","site-content-style":"default","site-sidebar-style":"default","ast-global-header-display":"","ast-banner-title-visibility":"","ast-main-header-display":"","ast-hfb-above-header-display":"","ast-hfb-below-header-display":"","ast-hfb-mobile-header-display":"","site-post-title":"","ast-breadcrumbs-content":"","ast-featured-img":"","footer-sml-layout":"","ast-disable-related-posts":"","theme-transparent-header-meta":"","adv-header-id-meta":"","stick-header-meta":"","header-above-stick-meta":"","header-main-stick-meta":"","header-below-stick-meta":"","astra-migrate-meta-layouts":"default","ast-page-background-enabled":"default","ast-page-background-meta":{"desktop":{"background-color":"var(--ast-global-color-5)","background-image":"","background-repeat":"repeat","background-position":"center center","background-size":"auto","background-attachment":"scroll","background-type":"","background-media":"","overlay-type":"","overlay-color":"","overlay-opacity":"","overlay-gradient":""},"tablet":{"background-color":"","background-image":"","background-repeat":"repeat","background-position":"center center","background-size":"auto","background-attachment":"scroll","background-type":"","background-media":"","overlay-type":"","overlay-color":"","overlay-opacity":"","overlay-gradient":""},"mobile":{"background-color":"","background-image":"","background-repeat":"repeat","background-position":"center center","background-size":"auto","background-attachment":"scroll","background-type":"","background-media":"","overlay-type":"","overlay-color":"","overlay-opacity":"","overlay-gradient":""}},"ast-content-background-meta":{"desktop":{"background-color":"var(--ast-global-color-4)","background-image":"","background-repeat":"repeat","background-position":"center center","background-size":"auto","background-attachment":"scroll","background-type":"","background-media":"","overlay-type":"","overlay-color":"","overlay-opacity":"","overlay-gradient":""},"tablet":{"background-color":"var(--ast-global-color-4)","background-image":"","background-repeat":"repeat","background-position":"center center","background-size":"auto","background-attachment":"scroll","background-type":"","background-media":"","overlay-type":"","overlay-color":"","overlay-opacity":"","overlay-gradient":""},"mobile":{"background-color":"var(--ast-global-color-4)","background-image":"","background-repeat":"repeat","background-position":"center center","background-size":"auto","background-attachment":"scroll","background-type":"","background-media":"","overlay-type":"","overlay-color":"","overlay-opacity":"","overlay-gradient":""}},"footnotes":""},"categories":[208],"tags":[55,96,61],"class_list":["post-9792","post","type-post","status-publish","format-standard","has-post-thumbnail","hentry","category-noticias","tag-caral","tag-clima","tag-vichama"],"acf":[],"yoast_head":"<!-- This site is optimized with the Yoast SEO plugin v27.3 - https:\/\/yoast.com\/product\/yoast-seo-wordpress\/ -->\n<title>Vichama: M\u00e1s all\u00e1 del Turismo<\/title>\n<meta name=\"description\" content=\"Vichama una ci\u00advilizaci\u00f3n de 3,800 a\u00f1os cercana al mar que perteneci\u00f3 al \u00faltimo periodo de Caral y que supo c\u00f3mo soslayar esta etapa de crisis, con\u00advergiendo dos actividades econ\u00f3micas tan importantes como la agricultura y la pesca.\" \/>\n<meta name=\"robots\" content=\"index, follow, max-snippet:-1, max-image-preview:large, max-video-preview:-1\" \/>\n<link rel=\"canonical\" href=\"https:\/\/zonacaral.gob.pe\/es\/noticias\/vichama-mas-alla-del-turismo\/\" \/>\n<meta property=\"og:locale\" content=\"es_ES\" \/>\n<meta property=\"og:type\" content=\"article\" \/>\n<meta property=\"og:title\" content=\"Vichama: M\u00e1s all\u00e1 del Turismo\" \/>\n<meta property=\"og:description\" content=\"Vichama una ci\u00advilizaci\u00f3n de 3,800 a\u00f1os cercana al mar que perteneci\u00f3 al \u00faltimo periodo de Caral y que supo c\u00f3mo soslayar esta etapa de crisis, con\u00advergiendo dos actividades econ\u00f3micas tan importantes como la agricultura y la pesca.\" \/>\n<meta property=\"og:url\" content=\"https:\/\/zonacaral.gob.pe\/es\/noticias\/vichama-mas-alla-del-turismo\/\" \/>\n<meta property=\"og:site_name\" content=\"Zona Caral\" \/>\n<meta property=\"article:published_time\" content=\"2015-07-09T20:44:04+00:00\" \/>\n<meta property=\"og:image\" content=\"https:\/\/zonacaral.gob.pe\/wp-content\/uploads\/2015\/07\/vela-verde-08-07-2015.jpg\" \/>\n\t<meta property=\"og:image:width\" content=\"1000\" \/>\n\t<meta property=\"og:image:height\" content=\"666\" \/>\n\t<meta property=\"og:image:type\" content=\"image\/jpeg\" \/>\n<meta name=\"author\" content=\"Zona Caral Administrador\" \/>\n<meta name=\"twitter:card\" content=\"summary_large_image\" \/>\n<meta name=\"twitter:label1\" content=\"Written by\" \/>\n\t<meta name=\"twitter:data1\" content=\"Zona Caral Administrador\" \/>\n\t<meta name=\"twitter:label2\" content=\"Est. reading time\" \/>\n\t<meta name=\"twitter:data2\" content=\"2 minutos\" \/>\n<script type=\"application\/ld+json\" class=\"yoast-schema-graph\">{\"@context\":\"https:\\\/\\\/schema.org\",\"@graph\":[{\"@type\":\"Article\",\"@id\":\"https:\\\/\\\/zonacaral.gob.pe\\\/en\\\/noticias\\\/vichama-mas-alla-del-turismo\\\/#article\",\"isPartOf\":{\"@id\":\"https:\\\/\\\/zonacaral.gob.pe\\\/en\\\/noticias\\\/vichama-mas-alla-del-turismo\\\/\"},\"author\":{\"name\":\"Zona Caral Administrador\",\"@id\":\"https:\\\/\\\/zonacaral.gob.pe\\\/es\\\/#\\\/schema\\\/person\\\/beddb4d22f71a7230c5b90913270a0ee\"},\"headline\":\"Vichama: M\u00e1s all\u00e1 del Turismo\",\"datePublished\":\"2015-07-09T20:44:04+00:00\",\"mainEntityOfPage\":{\"@id\":\"https:\\\/\\\/zonacaral.gob.pe\\\/en\\\/noticias\\\/vichama-mas-alla-del-turismo\\\/\"},\"wordCount\":374,\"image\":{\"@id\":\"https:\\\/\\\/zonacaral.gob.pe\\\/en\\\/noticias\\\/vichama-mas-alla-del-turismo\\\/#primaryimage\"},\"thumbnailUrl\":\"https:\\\/\\\/zonacaral.gob.pe\\\/wp-content\\\/uploads\\\/2015\\\/07\\\/vela-verde-08-07-2015.jpg\",\"keywords\":[\"caral\",\"clima\",\"vichama\"],\"articleSection\":[\"noticias\"],\"inLanguage\":\"es-PE\"},{\"@type\":\"WebPage\",\"@id\":\"https:\\\/\\\/zonacaral.gob.pe\\\/en\\\/noticias\\\/vichama-mas-alla-del-turismo\\\/\",\"url\":\"https:\\\/\\\/zonacaral.gob.pe\\\/en\\\/noticias\\\/vichama-mas-alla-del-turismo\\\/\",\"name\":\"Vichama: M\u00e1s all\u00e1 del Turismo\",\"isPartOf\":{\"@id\":\"https:\\\/\\\/zonacaral.gob.pe\\\/es\\\/#website\"},\"primaryImageOfPage\":{\"@id\":\"https:\\\/\\\/zonacaral.gob.pe\\\/en\\\/noticias\\\/vichama-mas-alla-del-turismo\\\/#primaryimage\"},\"image\":{\"@id\":\"https:\\\/\\\/zonacaral.gob.pe\\\/en\\\/noticias\\\/vichama-mas-alla-del-turismo\\\/#primaryimage\"},\"thumbnailUrl\":\"https:\\\/\\\/zonacaral.gob.pe\\\/wp-content\\\/uploads\\\/2015\\\/07\\\/vela-verde-08-07-2015.jpg\",\"datePublished\":\"2015-07-09T20:44:04+00:00\",\"author\":{\"@id\":\"https:\\\/\\\/zonacaral.gob.pe\\\/es\\\/#\\\/schema\\\/person\\\/beddb4d22f71a7230c5b90913270a0ee\"},\"description\":\"Vichama una ci\u00advilizaci\u00f3n de 3,800 a\u00f1os cercana al mar que perteneci\u00f3 al \u00faltimo periodo de Caral y que supo c\u00f3mo soslayar esta etapa de crisis, con\u00advergiendo dos actividades econ\u00f3micas tan importantes como la agricultura y la pesca.\",\"breadcrumb\":{\"@id\":\"https:\\\/\\\/zonacaral.gob.pe\\\/en\\\/noticias\\\/vichama-mas-alla-del-turismo\\\/#breadcrumb\"},\"inLanguage\":\"es-PE\",\"potentialAction\":[{\"@type\":\"ReadAction\",\"target\":[\"https:\\\/\\\/zonacaral.gob.pe\\\/en\\\/noticias\\\/vichama-mas-alla-del-turismo\\\/\"]}]},{\"@type\":\"ImageObject\",\"inLanguage\":\"es-PE\",\"@id\":\"https:\\\/\\\/zonacaral.gob.pe\\\/en\\\/noticias\\\/vichama-mas-alla-del-turismo\\\/#primaryimage\",\"url\":\"https:\\\/\\\/zonacaral.gob.pe\\\/wp-content\\\/uploads\\\/2015\\\/07\\\/vela-verde-08-07-2015.jpg\",\"contentUrl\":\"https:\\\/\\\/zonacaral.gob.pe\\\/wp-content\\\/uploads\\\/2015\\\/07\\\/vela-verde-08-07-2015.jpg\",\"width\":1000,\"height\":666},{\"@type\":\"BreadcrumbList\",\"@id\":\"https:\\\/\\\/zonacaral.gob.pe\\\/en\\\/noticias\\\/vichama-mas-alla-del-turismo\\\/#breadcrumb\",\"itemListElement\":[{\"@type\":\"ListItem\",\"position\":1,\"name\":\"Portada\",\"item\":\"https:\\\/\\\/zonacaral.gob.pe\\\/\"},{\"@type\":\"ListItem\",\"position\":2,\"name\":\"Vichama: M\u00e1s all\u00e1 del Turismo\"}]},{\"@type\":\"WebSite\",\"@id\":\"https:\\\/\\\/zonacaral.gob.pe\\\/es\\\/#website\",\"url\":\"https:\\\/\\\/zonacaral.gob.pe\\\/es\\\/\",\"name\":\"Zona Caral\",\"description\":\"Investigamos, conservamos y difundimos el patrimonio cultural de la Civilizaci\u00f3n Caral, la m\u00e1s antigua de Am\u00e9rica.\",\"potentialAction\":[{\"@type\":\"SearchAction\",\"target\":{\"@type\":\"EntryPoint\",\"urlTemplate\":\"https:\\\/\\\/zonacaral.gob.pe\\\/es\\\/?s={search_term_string}\"},\"query-input\":{\"@type\":\"PropertyValueSpecification\",\"valueRequired\":true,\"valueName\":\"search_term_string\"}}],\"inLanguage\":\"es-PE\"},{\"@type\":\"Person\",\"@id\":\"https:\\\/\\\/zonacaral.gob.pe\\\/es\\\/#\\\/schema\\\/person\\\/beddb4d22f71a7230c5b90913270a0ee\",\"name\":\"Zona Caral Administrador\",\"image\":{\"@type\":\"ImageObject\",\"inLanguage\":\"es-PE\",\"@id\":\"https:\\\/\\\/secure.gravatar.com\\\/avatar\\\/e4be162918a696358376de6446614e0f0f4062bdc5d170d6d540ada3d8b58c12?s=96&d=mm&r=g\",\"url\":\"https:\\\/\\\/secure.gravatar.com\\\/avatar\\\/e4be162918a696358376de6446614e0f0f4062bdc5d170d6d540ada3d8b58c12?s=96&d=mm&r=g\",\"contentUrl\":\"https:\\\/\\\/secure.gravatar.com\\\/avatar\\\/e4be162918a696358376de6446614e0f0f4062bdc5d170d6d540ada3d8b58c12?s=96&d=mm&r=g\",\"caption\":\"Zona Caral Administrador\"},\"sameAs\":[\"https:\\\/\\\/zonacaral.gob.pe\"],\"url\":\"https:\\\/\\\/zonacaral.gob.pe\\\/es\\\/noticias\\\/author\\\/ad_zonacaral\\\/\"}]}<\/script>\n<!-- \/ Yoast SEO plugin. -->","yoast_head_json":{"title":"Vichama: M\u00e1s all\u00e1 del Turismo","description":"Vichama una ci\u00advilizaci\u00f3n de 3,800 a\u00f1os cercana al mar que perteneci\u00f3 al \u00faltimo periodo de Caral y que supo c\u00f3mo soslayar esta etapa de crisis, con\u00advergiendo dos actividades econ\u00f3micas tan importantes como la agricultura y la pesca.","robots":{"index":"index","follow":"follow","max-snippet":"max-snippet:-1","max-image-preview":"max-image-preview:large","max-video-preview":"max-video-preview:-1"},"canonical":"https:\/\/zonacaral.gob.pe\/es\/noticias\/vichama-mas-alla-del-turismo\/","og_locale":"es_ES","og_type":"article","og_title":"Vichama: M\u00e1s all\u00e1 del Turismo","og_description":"Vichama una ci\u00advilizaci\u00f3n de 3,800 a\u00f1os cercana al mar que perteneci\u00f3 al \u00faltimo periodo de Caral y que supo c\u00f3mo soslayar esta etapa de crisis, con\u00advergiendo dos actividades econ\u00f3micas tan importantes como la agricultura y la pesca.","og_url":"https:\/\/zonacaral.gob.pe\/es\/noticias\/vichama-mas-alla-del-turismo\/","og_site_name":"Zona Caral","article_published_time":"2015-07-09T20:44:04+00:00","og_image":[{"width":1000,"height":666,"url":"https:\/\/zonacaral.gob.pe\/wp-content\/uploads\/2015\/07\/vela-verde-08-07-2015.jpg","type":"image\/jpeg"}],"author":"Zona Caral Administrador","twitter_card":"summary_large_image","twitter_misc":{"Written by":"Zona Caral Administrador","Est. reading time":"2 minutos"},"schema":{"@context":"https:\/\/schema.org","@graph":[{"@type":"Article","@id":"https:\/\/zonacaral.gob.pe\/en\/noticias\/vichama-mas-alla-del-turismo\/#article","isPartOf":{"@id":"https:\/\/zonacaral.gob.pe\/en\/noticias\/vichama-mas-alla-del-turismo\/"},"author":{"name":"Zona Caral Administrador","@id":"https:\/\/zonacaral.gob.pe\/es\/#\/schema\/person\/beddb4d22f71a7230c5b90913270a0ee"},"headline":"Vichama: M\u00e1s all\u00e1 del Turismo","datePublished":"2015-07-09T20:44:04+00:00","mainEntityOfPage":{"@id":"https:\/\/zonacaral.gob.pe\/en\/noticias\/vichama-mas-alla-del-turismo\/"},"wordCount":374,"image":{"@id":"https:\/\/zonacaral.gob.pe\/en\/noticias\/vichama-mas-alla-del-turismo\/#primaryimage"},"thumbnailUrl":"https:\/\/zonacaral.gob.pe\/wp-content\/uploads\/2015\/07\/vela-verde-08-07-2015.jpg","keywords":["caral","clima","vichama"],"articleSection":["noticias"],"inLanguage":"es-PE"},{"@type":"WebPage","@id":"https:\/\/zonacaral.gob.pe\/en\/noticias\/vichama-mas-alla-del-turismo\/","url":"https:\/\/zonacaral.gob.pe\/en\/noticias\/vichama-mas-alla-del-turismo\/","name":"Vichama: M\u00e1s all\u00e1 del Turismo","isPartOf":{"@id":"https:\/\/zonacaral.gob.pe\/es\/#website"},"primaryImageOfPage":{"@id":"https:\/\/zonacaral.gob.pe\/en\/noticias\/vichama-mas-alla-del-turismo\/#primaryimage"},"image":{"@id":"https:\/\/zonacaral.gob.pe\/en\/noticias\/vichama-mas-alla-del-turismo\/#primaryimage"},"thumbnailUrl":"https:\/\/zonacaral.gob.pe\/wp-content\/uploads\/2015\/07\/vela-verde-08-07-2015.jpg","datePublished":"2015-07-09T20:44:04+00:00","author":{"@id":"https:\/\/zonacaral.gob.pe\/es\/#\/schema\/person\/beddb4d22f71a7230c5b90913270a0ee"},"description":"Vichama una ci\u00advilizaci\u00f3n de 3,800 a\u00f1os cercana al mar que perteneci\u00f3 al \u00faltimo periodo de Caral y que supo c\u00f3mo soslayar esta etapa de crisis, con\u00advergiendo dos actividades econ\u00f3micas tan importantes como la agricultura y la pesca.","breadcrumb":{"@id":"https:\/\/zonacaral.gob.pe\/en\/noticias\/vichama-mas-alla-del-turismo\/#breadcrumb"},"inLanguage":"es-PE","potentialAction":[{"@type":"ReadAction","target":["https:\/\/zonacaral.gob.pe\/en\/noticias\/vichama-mas-alla-del-turismo\/"]}]},{"@type":"ImageObject","inLanguage":"es-PE","@id":"https:\/\/zonacaral.gob.pe\/en\/noticias\/vichama-mas-alla-del-turismo\/#primaryimage","url":"https:\/\/zonacaral.gob.pe\/wp-content\/uploads\/2015\/07\/vela-verde-08-07-2015.jpg","contentUrl":"https:\/\/zonacaral.gob.pe\/wp-content\/uploads\/2015\/07\/vela-verde-08-07-2015.jpg","width":1000,"height":666},{"@type":"BreadcrumbList","@id":"https:\/\/zonacaral.gob.pe\/en\/noticias\/vichama-mas-alla-del-turismo\/#breadcrumb","itemListElement":[{"@type":"ListItem","position":1,"name":"Portada","item":"https:\/\/zonacaral.gob.pe\/"},{"@type":"ListItem","position":2,"name":"Vichama: M\u00e1s all\u00e1 del Turismo"}]},{"@type":"WebSite","@id":"https:\/\/zonacaral.gob.pe\/es\/#website","url":"https:\/\/zonacaral.gob.pe\/es\/","name":"Zona Caral","description":"Investigamos, conservamos y difundimos el patrimonio cultural de la Civilizaci\u00f3n Caral, la m\u00e1s antigua de Am\u00e9rica.","potentialAction":[{"@type":"SearchAction","target":{"@type":"EntryPoint","urlTemplate":"https:\/\/zonacaral.gob.pe\/es\/?s={search_term_string}"},"query-input":{"@type":"PropertyValueSpecification","valueRequired":true,"valueName":"search_term_string"}}],"inLanguage":"es-PE"},{"@type":"Person","@id":"https:\/\/zonacaral.gob.pe\/es\/#\/schema\/person\/beddb4d22f71a7230c5b90913270a0ee","name":"Zona Caral Administrador","image":{"@type":"ImageObject","inLanguage":"es-PE","@id":"https:\/\/secure.gravatar.com\/avatar\/e4be162918a696358376de6446614e0f0f4062bdc5d170d6d540ada3d8b58c12?s=96&d=mm&r=g","url":"https:\/\/secure.gravatar.com\/avatar\/e4be162918a696358376de6446614e0f0f4062bdc5d170d6d540ada3d8b58c12?s=96&d=mm&r=g","contentUrl":"https:\/\/secure.gravatar.com\/avatar\/e4be162918a696358376de6446614e0f0f4062bdc5d170d6d540ada3d8b58c12?s=96&d=mm&r=g","caption":"Zona Caral Administrador"},"sameAs":["https:\/\/zonacaral.gob.pe"],"url":"https:\/\/zonacaral.gob.pe\/es\/noticias\/author\/ad_zonacaral\/"}]}},"_links":{"self":[{"href":"https:\/\/zonacaral.gob.pe\/es\/wp-json\/wp\/v2\/posts\/9792","targetHints":{"allow":["GET"]}}],"collection":[{"href":"https:\/\/zonacaral.gob.pe\/es\/wp-json\/wp\/v2\/posts"}],"about":[{"href":"https:\/\/zonacaral.gob.pe\/es\/wp-json\/wp\/v2\/types\/post"}],"author":[{"embeddable":true,"href":"https:\/\/zonacaral.gob.pe\/es\/wp-json\/wp\/v2\/users\/1"}],"replies":[{"embeddable":true,"href":"https:\/\/zonacaral.gob.pe\/es\/wp-json\/wp\/v2\/comments?post=9792"}],"version-history":[{"count":0,"href":"https:\/\/zonacaral.gob.pe\/es\/wp-json\/wp\/v2\/posts\/9792\/revisions"}],"wp:featuredmedia":[{"embeddable":true,"href":"https:\/\/zonacaral.gob.pe\/es\/wp-json\/wp\/v2\/media\/9793"}],"wp:attachment":[{"href":"https:\/\/zonacaral.gob.pe\/es\/wp-json\/wp\/v2\/media?parent=9792"}],"wp:term":[{"taxonomy":"category","embeddable":true,"href":"https:\/\/zonacaral.gob.pe\/es\/wp-json\/wp\/v2\/categories?post=9792"},{"taxonomy":"post_tag","embeddable":true,"href":"https:\/\/zonacaral.gob.pe\/es\/wp-json\/wp\/v2\/tags?post=9792"}],"curies":[{"name":"wp","href":"https:\/\/api.w.org\/{rel}","templated":true}]}}