{"id":9844,"date":"2015-07-22T18:10:35","date_gmt":"2015-07-22T23:10:35","guid":{"rendered":"http:\/\/www.zonacaral.gob.pe\/?p=9844"},"modified":"2015-07-22T18:10:35","modified_gmt":"2015-07-22T23:10:35","slug":"inauguran-muestra-museografica-de-caral-en-patio-sur-del-metropolitano","status":"publish","type":"post","link":"https:\/\/zonacaral.gob.pe\/es\/noticias\/inauguran-muestra-museografica-de-caral-en-patio-sur-del-metropolitano\/","title":{"rendered":"Inauguran muestra museogr\u00e1fica de Caral en Patio Sur del Metropolitano"},"content":{"rendered":"<figure class=\"pic-autor\" style=\"color: #4d4d4d;\"><\/figure>\n<blockquote><p><strong>Caral. Modelo Sostenible de Gesti\u00f3n Ambiental<\/strong><\/p><\/blockquote>\n<p>Vecinos de Chorrillos ingresar\u00e1n libremente<\/p>\n<p>En una alianza estrat\u00e9gica la Zona Arqueol\u00f3gica Caral, Unidad Ejecutora 003, adscrita al Ministerio de Cultura, que dirige la Dra. Ruth Shady, y la empresa de transporte p\u00fablico Lima V\u00edas Express S.A. gerenciada por el Sr. Otto Sarmiento, inauguraron la exposici\u00f3n museogr\u00e1fica titulada <strong>\u201cCaral. Modelo Sostenible de Gesti\u00f3n Ambiental y del Riesgo de Desastres, de hace 5000 a\u00f1os\u201d<\/strong>. Como parte del festival cultural que realiza, la mencionada empresa, con motivo de las Fiestas Patrias se realiz\u00f3 el coloquio denominado <strong>\u00abPrevenci\u00f3n de desastres y Gesti\u00f3n Ambiental en ciudades de la actualidad y el ejemplo de la Civilizaci\u00f3n Caral\u00bb<\/strong>.<\/p>\n<p>Durante su presentaci\u00f3n la Dra. Shady se\u00f1al\u00f3 que nuestros antepasados de Caral construyeron sus edificaciones con tecnolog\u00eda sismorresistente para lo cual utilizaron las <em>shicras<\/em> -bolsas vegetales que conten\u00edan piedras y se colocaban como rellenos constructivos- lo cual garantizaba estabilidad ante un sismo. Tambi\u00e9n ten\u00edan cuidado con el cauce del r\u00edo por eso respetaban el bosque ribere\u00f1o que los proteg\u00eda ante el riesgo de una inundaci\u00f3n ocasionada por los efectos del cambio clim\u00e1tico. La Dra. Shady precis\u00f3, que en la Ciudad Sagrada de Caral se trabajaba en armon\u00eda con la naturaleza siendo conscientes que los fen\u00f3menos naturales siempre suceden pero que hay que tomar las precauciones del caso para mitigar los da\u00f1os.<\/p>\n<p>Tambi\u00e9n participaron del coloquio el Dr. Hernando Tavera, Director de Sismolog\u00eda del Instituto Geof\u00edsico del Per\u00fa (IGP) \/ Director ejecutivo del\u00a0Centro Regional de Sismolog\u00eda para Am\u00e9rica del Sur (CERESIS)\u00a0\u00a0con el tema <strong>\u201cEscenario de sismos para el borde occidental de la regi\u00f3n central del Per\u00fa\u201d<\/strong> y el Dr. Orlando Atalaya Haro, especialista en Ordenamiento Territorial del Ministerio del Ambiente con el tema: <strong>\u201cGesti\u00f3n de Riesgos de Desastres en Ciudades\u201d<\/strong>. Ambos hicieron un llamado a los trabajadores de Lima V\u00eda Express, y a sus respectivas familias que asistieron al evento, para que tomen conciencia y las precauciones del caso porque de todas maneras, en alg\u00fan momento habr\u00e1 un terremoto. Reiteraron que debemos seguir el ejemplo de la Civilizaci\u00f3n Caral que hace 5 mil a\u00f1os, ya conoc\u00edan y aplicaban mecanismos de prevenci\u00f3n para afrontar los fen\u00f3menos naturales.<\/p>\n<p>Tras la inauguraci\u00f3n de la muestra museogr\u00e1fica se invit\u00f3 a los escolares, j\u00f3venes y poblaci\u00f3n en general de Chorrillos y distritos aleda\u00f1os para que puedan visitar la exposici\u00f3n museogr\u00e1fica los lunes, mi\u00e9rcoles y viernes de 9 de la ma\u00f1ana a 5 de la tarde en la siguiente direcci\u00f3n Av. Confraternidad Mz. 72, Buenos Aires, Chorrillos; el ingreso es libre; para coordinar visitas grupales pueden llamar al tel\u00e9fono 2583879 anexo 20 y preguntar por la Srta. Rayda Cuti.<\/p>\n<p>[FAG id=9849]<\/p>\n<p style=\"text-align: justify;\"><strong style=\"color: #444444;\">Fuente: <span style=\"color: #800000;\">(Prensa ZAC)<\/span><\/strong><\/p>\n<p style=\"color: #000000;\">Fecha de publicaci\u00f3n: 22\/07\/2015<\/p>\n","protected":false},"excerpt":{"rendered":"<p>Caral. Modelo Sostenible de Gesti\u00f3n Ambiental Vecinos de Chorrillos ingresar\u00e1n libremente En una alianza estrat\u00e9gica la Zona Arqueol\u00f3gica Caral, Unidad [&hellip;]<\/p>\n","protected":false},"author":1,"featured_media":9848,"comment_status":"closed","ping_status":"open","sticky":false,"template":"","format":"standard","meta":{"_acf_changed":false,"site-sidebar-layout":"default","site-content-layout":"","ast-site-content-layout":"default","site-content-style":"default","site-sidebar-style":"default","ast-global-header-display":"","ast-banner-title-visibility":"","ast-main-header-display":"","ast-hfb-above-header-display":"","ast-hfb-below-header-display":"","ast-hfb-mobile-header-display":"","site-post-title":"","ast-breadcrumbs-content":"","ast-featured-img":"","footer-sml-layout":"","ast-disable-related-posts":"","theme-transparent-header-meta":"","adv-header-id-meta":"","stick-header-meta":"","header-above-stick-meta":"","header-main-stick-meta":"","header-below-stick-meta":"","astra-migrate-meta-layouts":"default","ast-page-background-enabled":"default","ast-page-background-meta":{"desktop":{"background-color":"var(--ast-global-color-5)","background-image":"","background-repeat":"repeat","background-position":"center center","background-size":"auto","background-attachment":"scroll","background-type":"","background-media":"","overlay-type":"","overlay-color":"","overlay-opacity":"","overlay-gradient":""},"tablet":{"background-color":"","background-image":"","background-repeat":"repeat","background-position":"center center","background-size":"auto","background-attachment":"scroll","background-type":"","background-media":"","overlay-type":"","overlay-color":"","overlay-opacity":"","overlay-gradient":""},"mobile":{"background-color":"","background-image":"","background-repeat":"repeat","background-position":"center center","background-size":"auto","background-attachment":"scroll","background-type":"","background-media":"","overlay-type":"","overlay-color":"","overlay-opacity":"","overlay-gradient":""}},"ast-content-background-meta":{"desktop":{"background-color":"var(--ast-global-color-4)","background-image":"","background-repeat":"repeat","background-position":"center center","background-size":"auto","background-attachment":"scroll","background-type":"","background-media":"","overlay-type":"","overlay-color":"","overlay-opacity":"","overlay-gradient":""},"tablet":{"background-color":"var(--ast-global-color-4)","background-image":"","background-repeat":"repeat","background-position":"center center","background-size":"auto","background-attachment":"scroll","background-type":"","background-media":"","overlay-type":"","overlay-color":"","overlay-opacity":"","overlay-gradient":""},"mobile":{"background-color":"var(--ast-global-color-4)","background-image":"","background-repeat":"repeat","background-position":"center center","background-size":"auto","background-attachment":"scroll","background-type":"","background-media":"","overlay-type":"","overlay-color":"","overlay-opacity":"","overlay-gradient":""}},"footnotes":""},"categories":[208],"tags":[55,96],"class_list":["post-9844","post","type-post","status-publish","format-standard","has-post-thumbnail","hentry","category-noticias","tag-caral","tag-clima"],"acf":[],"yoast_head":"<!-- This site is optimized with the Yoast SEO plugin v27.3 - https:\/\/yoast.com\/product\/yoast-seo-wordpress\/ -->\n<title>Inauguran muestra museogr\u00e1fica de Caral en Patio Sur del Metropolitano. Caral. Modelo Sostenible de Gesti\u00f3n Ambiental.<\/title>\n<meta name=\"description\" content=\"En una alianza estrat\u00e9gica la Zona Arqueol\u00f3gica Caral, Unidad Ejecutora 003, adscrita al Ministerio de Cultura, que dirige la Dra. Ruth Shady, y la empresa de transporte p\u00fablico Lima V\u00edas Express S.A.\" \/>\n<meta name=\"robots\" content=\"index, follow, max-snippet:-1, max-image-preview:large, max-video-preview:-1\" \/>\n<link rel=\"canonical\" href=\"https:\/\/zonacaral.gob.pe\/es\/noticias\/inauguran-muestra-museografica-de-caral-en-patio-sur-del-metropolitano\/\" \/>\n<meta property=\"og:locale\" content=\"es_ES\" \/>\n<meta property=\"og:type\" content=\"article\" \/>\n<meta property=\"og:title\" content=\"Inauguran muestra museogr\u00e1fica de Caral en Patio Sur del Metropolitano. Caral. Modelo Sostenible de Gesti\u00f3n Ambiental.\" \/>\n<meta property=\"og:description\" content=\"En una alianza estrat\u00e9gica la Zona Arqueol\u00f3gica Caral, Unidad Ejecutora 003, adscrita al Ministerio de Cultura, que dirige la Dra. Ruth Shady, y la empresa de transporte p\u00fablico Lima V\u00edas Express S.A.\" \/>\n<meta property=\"og:url\" content=\"https:\/\/zonacaral.gob.pe\/es\/noticias\/inauguran-muestra-museografica-de-caral-en-patio-sur-del-metropolitano\/\" \/>\n<meta property=\"og:site_name\" content=\"Zona Caral\" \/>\n<meta property=\"article:published_time\" content=\"2015-07-22T23:10:35+00:00\" \/>\n<meta property=\"og:image\" content=\"https:\/\/zonacaral.gob.pe\/wp-content\/uploads\/2015\/07\/expo-lima-vias-express-2015.jpg\" \/>\n\t<meta property=\"og:image:width\" content=\"1280\" \/>\n\t<meta property=\"og:image:height\" content=\"692\" \/>\n\t<meta property=\"og:image:type\" content=\"image\/jpeg\" \/>\n<meta name=\"author\" content=\"Zona Caral Administrador\" \/>\n<meta name=\"twitter:card\" content=\"summary_large_image\" \/>\n<meta name=\"twitter:label1\" content=\"Written by\" \/>\n\t<meta name=\"twitter:data1\" content=\"Zona Caral Administrador\" \/>\n\t<meta name=\"twitter:label2\" content=\"Est. reading time\" \/>\n\t<meta name=\"twitter:data2\" content=\"2 minutos\" \/>\n<script type=\"application\/ld+json\" class=\"yoast-schema-graph\">{\"@context\":\"https:\\\/\\\/schema.org\",\"@graph\":[{\"@type\":\"Article\",\"@id\":\"https:\\\/\\\/zonacaral.gob.pe\\\/en\\\/noticias\\\/inauguran-muestra-museografica-de-caral-en-patio-sur-del-metropolitano\\\/#article\",\"isPartOf\":{\"@id\":\"https:\\\/\\\/zonacaral.gob.pe\\\/en\\\/noticias\\\/inauguran-muestra-museografica-de-caral-en-patio-sur-del-metropolitano\\\/\"},\"author\":{\"name\":\"Zona Caral Administrador\",\"@id\":\"https:\\\/\\\/zonacaral.gob.pe\\\/es\\\/#\\\/schema\\\/person\\\/beddb4d22f71a7230c5b90913270a0ee\"},\"headline\":\"Inauguran muestra museogr\u00e1fica de Caral en Patio Sur del Metropolitano\",\"datePublished\":\"2015-07-22T23:10:35+00:00\",\"mainEntityOfPage\":{\"@id\":\"https:\\\/\\\/zonacaral.gob.pe\\\/en\\\/noticias\\\/inauguran-muestra-museografica-de-caral-en-patio-sur-del-metropolitano\\\/\"},\"wordCount\":496,\"image\":{\"@id\":\"https:\\\/\\\/zonacaral.gob.pe\\\/en\\\/noticias\\\/inauguran-muestra-museografica-de-caral-en-patio-sur-del-metropolitano\\\/#primaryimage\"},\"thumbnailUrl\":\"https:\\\/\\\/zonacaral.gob.pe\\\/wp-content\\\/uploads\\\/2015\\\/07\\\/expo-lima-vias-express-2015.jpg\",\"keywords\":[\"caral\",\"clima\"],\"articleSection\":[\"noticias\"],\"inLanguage\":\"es-PE\"},{\"@type\":\"WebPage\",\"@id\":\"https:\\\/\\\/zonacaral.gob.pe\\\/en\\\/noticias\\\/inauguran-muestra-museografica-de-caral-en-patio-sur-del-metropolitano\\\/\",\"url\":\"https:\\\/\\\/zonacaral.gob.pe\\\/en\\\/noticias\\\/inauguran-muestra-museografica-de-caral-en-patio-sur-del-metropolitano\\\/\",\"name\":\"Inauguran muestra museogr\u00e1fica de Caral en Patio Sur del Metropolitano. Caral. Modelo Sostenible de Gesti\u00f3n Ambiental.\",\"isPartOf\":{\"@id\":\"https:\\\/\\\/zonacaral.gob.pe\\\/es\\\/#website\"},\"primaryImageOfPage\":{\"@id\":\"https:\\\/\\\/zonacaral.gob.pe\\\/en\\\/noticias\\\/inauguran-muestra-museografica-de-caral-en-patio-sur-del-metropolitano\\\/#primaryimage\"},\"image\":{\"@id\":\"https:\\\/\\\/zonacaral.gob.pe\\\/en\\\/noticias\\\/inauguran-muestra-museografica-de-caral-en-patio-sur-del-metropolitano\\\/#primaryimage\"},\"thumbnailUrl\":\"https:\\\/\\\/zonacaral.gob.pe\\\/wp-content\\\/uploads\\\/2015\\\/07\\\/expo-lima-vias-express-2015.jpg\",\"datePublished\":\"2015-07-22T23:10:35+00:00\",\"author\":{\"@id\":\"https:\\\/\\\/zonacaral.gob.pe\\\/es\\\/#\\\/schema\\\/person\\\/beddb4d22f71a7230c5b90913270a0ee\"},\"description\":\"En una alianza estrat\u00e9gica la Zona Arqueol\u00f3gica Caral, Unidad Ejecutora 003, adscrita al Ministerio de Cultura, que dirige la Dra. Ruth Shady, y la empresa de transporte p\u00fablico Lima V\u00edas Express S.A.\",\"breadcrumb\":{\"@id\":\"https:\\\/\\\/zonacaral.gob.pe\\\/en\\\/noticias\\\/inauguran-muestra-museografica-de-caral-en-patio-sur-del-metropolitano\\\/#breadcrumb\"},\"inLanguage\":\"es-PE\",\"potentialAction\":[{\"@type\":\"ReadAction\",\"target\":[\"https:\\\/\\\/zonacaral.gob.pe\\\/en\\\/noticias\\\/inauguran-muestra-museografica-de-caral-en-patio-sur-del-metropolitano\\\/\"]}]},{\"@type\":\"ImageObject\",\"inLanguage\":\"es-PE\",\"@id\":\"https:\\\/\\\/zonacaral.gob.pe\\\/en\\\/noticias\\\/inauguran-muestra-museografica-de-caral-en-patio-sur-del-metropolitano\\\/#primaryimage\",\"url\":\"https:\\\/\\\/zonacaral.gob.pe\\\/wp-content\\\/uploads\\\/2015\\\/07\\\/expo-lima-vias-express-2015.jpg\",\"contentUrl\":\"https:\\\/\\\/zonacaral.gob.pe\\\/wp-content\\\/uploads\\\/2015\\\/07\\\/expo-lima-vias-express-2015.jpg\",\"width\":1280,\"height\":692},{\"@type\":\"BreadcrumbList\",\"@id\":\"https:\\\/\\\/zonacaral.gob.pe\\\/en\\\/noticias\\\/inauguran-muestra-museografica-de-caral-en-patio-sur-del-metropolitano\\\/#breadcrumb\",\"itemListElement\":[{\"@type\":\"ListItem\",\"position\":1,\"name\":\"Portada\",\"item\":\"https:\\\/\\\/zonacaral.gob.pe\\\/\"},{\"@type\":\"ListItem\",\"position\":2,\"name\":\"Inauguran muestra museogr\u00e1fica de Caral en Patio Sur del Metropolitano\"}]},{\"@type\":\"WebSite\",\"@id\":\"https:\\\/\\\/zonacaral.gob.pe\\\/es\\\/#website\",\"url\":\"https:\\\/\\\/zonacaral.gob.pe\\\/es\\\/\",\"name\":\"Zona Caral\",\"description\":\"Investigamos, conservamos y difundimos el patrimonio cultural de la Civilizaci\u00f3n Caral, la m\u00e1s antigua de Am\u00e9rica.\",\"potentialAction\":[{\"@type\":\"SearchAction\",\"target\":{\"@type\":\"EntryPoint\",\"urlTemplate\":\"https:\\\/\\\/zonacaral.gob.pe\\\/es\\\/?s={search_term_string}\"},\"query-input\":{\"@type\":\"PropertyValueSpecification\",\"valueRequired\":true,\"valueName\":\"search_term_string\"}}],\"inLanguage\":\"es-PE\"},{\"@type\":\"Person\",\"@id\":\"https:\\\/\\\/zonacaral.gob.pe\\\/es\\\/#\\\/schema\\\/person\\\/beddb4d22f71a7230c5b90913270a0ee\",\"name\":\"Zona Caral Administrador\",\"image\":{\"@type\":\"ImageObject\",\"inLanguage\":\"es-PE\",\"@id\":\"https:\\\/\\\/secure.gravatar.com\\\/avatar\\\/e4be162918a696358376de6446614e0f0f4062bdc5d170d6d540ada3d8b58c12?s=96&d=mm&r=g\",\"url\":\"https:\\\/\\\/secure.gravatar.com\\\/avatar\\\/e4be162918a696358376de6446614e0f0f4062bdc5d170d6d540ada3d8b58c12?s=96&d=mm&r=g\",\"contentUrl\":\"https:\\\/\\\/secure.gravatar.com\\\/avatar\\\/e4be162918a696358376de6446614e0f0f4062bdc5d170d6d540ada3d8b58c12?s=96&d=mm&r=g\",\"caption\":\"Zona Caral Administrador\"},\"sameAs\":[\"https:\\\/\\\/zonacaral.gob.pe\"],\"url\":\"https:\\\/\\\/zonacaral.gob.pe\\\/es\\\/noticias\\\/author\\\/ad_zonacaral\\\/\"}]}<\/script>\n<!-- \/ Yoast SEO plugin. -->","yoast_head_json":{"title":"Inauguran muestra museogr\u00e1fica de Caral en Patio Sur del Metropolitano. Caral. Modelo Sostenible de Gesti\u00f3n Ambiental.","description":"En una alianza estrat\u00e9gica la Zona Arqueol\u00f3gica Caral, Unidad Ejecutora 003, adscrita al Ministerio de Cultura, que dirige la Dra. Ruth Shady, y la empresa de transporte p\u00fablico Lima V\u00edas Express S.A.","robots":{"index":"index","follow":"follow","max-snippet":"max-snippet:-1","max-image-preview":"max-image-preview:large","max-video-preview":"max-video-preview:-1"},"canonical":"https:\/\/zonacaral.gob.pe\/es\/noticias\/inauguran-muestra-museografica-de-caral-en-patio-sur-del-metropolitano\/","og_locale":"es_ES","og_type":"article","og_title":"Inauguran muestra museogr\u00e1fica de Caral en Patio Sur del Metropolitano. Caral. Modelo Sostenible de Gesti\u00f3n Ambiental.","og_description":"En una alianza estrat\u00e9gica la Zona Arqueol\u00f3gica Caral, Unidad Ejecutora 003, adscrita al Ministerio de Cultura, que dirige la Dra. Ruth Shady, y la empresa de transporte p\u00fablico Lima V\u00edas Express S.A.","og_url":"https:\/\/zonacaral.gob.pe\/es\/noticias\/inauguran-muestra-museografica-de-caral-en-patio-sur-del-metropolitano\/","og_site_name":"Zona Caral","article_published_time":"2015-07-22T23:10:35+00:00","og_image":[{"width":1280,"height":692,"url":"https:\/\/zonacaral.gob.pe\/wp-content\/uploads\/2015\/07\/expo-lima-vias-express-2015.jpg","type":"image\/jpeg"}],"author":"Zona Caral Administrador","twitter_card":"summary_large_image","twitter_misc":{"Written by":"Zona Caral Administrador","Est. reading time":"2 minutos"},"schema":{"@context":"https:\/\/schema.org","@graph":[{"@type":"Article","@id":"https:\/\/zonacaral.gob.pe\/en\/noticias\/inauguran-muestra-museografica-de-caral-en-patio-sur-del-metropolitano\/#article","isPartOf":{"@id":"https:\/\/zonacaral.gob.pe\/en\/noticias\/inauguran-muestra-museografica-de-caral-en-patio-sur-del-metropolitano\/"},"author":{"name":"Zona Caral Administrador","@id":"https:\/\/zonacaral.gob.pe\/es\/#\/schema\/person\/beddb4d22f71a7230c5b90913270a0ee"},"headline":"Inauguran muestra museogr\u00e1fica de Caral en Patio Sur del Metropolitano","datePublished":"2015-07-22T23:10:35+00:00","mainEntityOfPage":{"@id":"https:\/\/zonacaral.gob.pe\/en\/noticias\/inauguran-muestra-museografica-de-caral-en-patio-sur-del-metropolitano\/"},"wordCount":496,"image":{"@id":"https:\/\/zonacaral.gob.pe\/en\/noticias\/inauguran-muestra-museografica-de-caral-en-patio-sur-del-metropolitano\/#primaryimage"},"thumbnailUrl":"https:\/\/zonacaral.gob.pe\/wp-content\/uploads\/2015\/07\/expo-lima-vias-express-2015.jpg","keywords":["caral","clima"],"articleSection":["noticias"],"inLanguage":"es-PE"},{"@type":"WebPage","@id":"https:\/\/zonacaral.gob.pe\/en\/noticias\/inauguran-muestra-museografica-de-caral-en-patio-sur-del-metropolitano\/","url":"https:\/\/zonacaral.gob.pe\/en\/noticias\/inauguran-muestra-museografica-de-caral-en-patio-sur-del-metropolitano\/","name":"Inauguran muestra museogr\u00e1fica de Caral en Patio Sur del Metropolitano. Caral. Modelo Sostenible de Gesti\u00f3n Ambiental.","isPartOf":{"@id":"https:\/\/zonacaral.gob.pe\/es\/#website"},"primaryImageOfPage":{"@id":"https:\/\/zonacaral.gob.pe\/en\/noticias\/inauguran-muestra-museografica-de-caral-en-patio-sur-del-metropolitano\/#primaryimage"},"image":{"@id":"https:\/\/zonacaral.gob.pe\/en\/noticias\/inauguran-muestra-museografica-de-caral-en-patio-sur-del-metropolitano\/#primaryimage"},"thumbnailUrl":"https:\/\/zonacaral.gob.pe\/wp-content\/uploads\/2015\/07\/expo-lima-vias-express-2015.jpg","datePublished":"2015-07-22T23:10:35+00:00","author":{"@id":"https:\/\/zonacaral.gob.pe\/es\/#\/schema\/person\/beddb4d22f71a7230c5b90913270a0ee"},"description":"En una alianza estrat\u00e9gica la Zona Arqueol\u00f3gica Caral, Unidad Ejecutora 003, adscrita al Ministerio de Cultura, que dirige la Dra. Ruth Shady, y la empresa de transporte p\u00fablico Lima V\u00edas Express S.A.","breadcrumb":{"@id":"https:\/\/zonacaral.gob.pe\/en\/noticias\/inauguran-muestra-museografica-de-caral-en-patio-sur-del-metropolitano\/#breadcrumb"},"inLanguage":"es-PE","potentialAction":[{"@type":"ReadAction","target":["https:\/\/zonacaral.gob.pe\/en\/noticias\/inauguran-muestra-museografica-de-caral-en-patio-sur-del-metropolitano\/"]}]},{"@type":"ImageObject","inLanguage":"es-PE","@id":"https:\/\/zonacaral.gob.pe\/en\/noticias\/inauguran-muestra-museografica-de-caral-en-patio-sur-del-metropolitano\/#primaryimage","url":"https:\/\/zonacaral.gob.pe\/wp-content\/uploads\/2015\/07\/expo-lima-vias-express-2015.jpg","contentUrl":"https:\/\/zonacaral.gob.pe\/wp-content\/uploads\/2015\/07\/expo-lima-vias-express-2015.jpg","width":1280,"height":692},{"@type":"BreadcrumbList","@id":"https:\/\/zonacaral.gob.pe\/en\/noticias\/inauguran-muestra-museografica-de-caral-en-patio-sur-del-metropolitano\/#breadcrumb","itemListElement":[{"@type":"ListItem","position":1,"name":"Portada","item":"https:\/\/zonacaral.gob.pe\/"},{"@type":"ListItem","position":2,"name":"Inauguran muestra museogr\u00e1fica de Caral en Patio Sur del Metropolitano"}]},{"@type":"WebSite","@id":"https:\/\/zonacaral.gob.pe\/es\/#website","url":"https:\/\/zonacaral.gob.pe\/es\/","name":"Zona Caral","description":"Investigamos, conservamos y difundimos el patrimonio cultural de la Civilizaci\u00f3n Caral, la m\u00e1s antigua de Am\u00e9rica.","potentialAction":[{"@type":"SearchAction","target":{"@type":"EntryPoint","urlTemplate":"https:\/\/zonacaral.gob.pe\/es\/?s={search_term_string}"},"query-input":{"@type":"PropertyValueSpecification","valueRequired":true,"valueName":"search_term_string"}}],"inLanguage":"es-PE"},{"@type":"Person","@id":"https:\/\/zonacaral.gob.pe\/es\/#\/schema\/person\/beddb4d22f71a7230c5b90913270a0ee","name":"Zona Caral Administrador","image":{"@type":"ImageObject","inLanguage":"es-PE","@id":"https:\/\/secure.gravatar.com\/avatar\/e4be162918a696358376de6446614e0f0f4062bdc5d170d6d540ada3d8b58c12?s=96&d=mm&r=g","url":"https:\/\/secure.gravatar.com\/avatar\/e4be162918a696358376de6446614e0f0f4062bdc5d170d6d540ada3d8b58c12?s=96&d=mm&r=g","contentUrl":"https:\/\/secure.gravatar.com\/avatar\/e4be162918a696358376de6446614e0f0f4062bdc5d170d6d540ada3d8b58c12?s=96&d=mm&r=g","caption":"Zona Caral Administrador"},"sameAs":["https:\/\/zonacaral.gob.pe"],"url":"https:\/\/zonacaral.gob.pe\/es\/noticias\/author\/ad_zonacaral\/"}]}},"_links":{"self":[{"href":"https:\/\/zonacaral.gob.pe\/es\/wp-json\/wp\/v2\/posts\/9844","targetHints":{"allow":["GET"]}}],"collection":[{"href":"https:\/\/zonacaral.gob.pe\/es\/wp-json\/wp\/v2\/posts"}],"about":[{"href":"https:\/\/zonacaral.gob.pe\/es\/wp-json\/wp\/v2\/types\/post"}],"author":[{"embeddable":true,"href":"https:\/\/zonacaral.gob.pe\/es\/wp-json\/wp\/v2\/users\/1"}],"replies":[{"embeddable":true,"href":"https:\/\/zonacaral.gob.pe\/es\/wp-json\/wp\/v2\/comments?post=9844"}],"version-history":[{"count":0,"href":"https:\/\/zonacaral.gob.pe\/es\/wp-json\/wp\/v2\/posts\/9844\/revisions"}],"wp:featuredmedia":[{"embeddable":true,"href":"https:\/\/zonacaral.gob.pe\/es\/wp-json\/wp\/v2\/media\/9848"}],"wp:attachment":[{"href":"https:\/\/zonacaral.gob.pe\/es\/wp-json\/wp\/v2\/media?parent=9844"}],"wp:term":[{"taxonomy":"category","embeddable":true,"href":"https:\/\/zonacaral.gob.pe\/es\/wp-json\/wp\/v2\/categories?post=9844"},{"taxonomy":"post_tag","embeddable":true,"href":"https:\/\/zonacaral.gob.pe\/es\/wp-json\/wp\/v2\/tags?post=9844"}],"curies":[{"name":"wp","href":"https:\/\/api.w.org\/{rel}","templated":true}]}}