{"id":9864,"date":"2015-07-23T18:32:12","date_gmt":"2015-07-23T23:32:12","guid":{"rendered":"http:\/\/www.zonacaral.gob.pe\/?p=9864"},"modified":"2015-07-23T18:32:12","modified_gmt":"2015-07-23T23:32:12","slug":"dra-shady-presentara-libro-de-vichama-en-la-fil-2015","status":"publish","type":"post","link":"https:\/\/zonacaral.gob.pe\/es\/noticias\/dra-shady-presentara-libro-de-vichama-en-la-fil-2015\/","title":{"rendered":"Dra. Shady presentar\u00e1 libro de Vichama en la FIL 2015"},"content":{"rendered":"<figure class=\"pic-autor\" style=\"color: #4d4d4d;\"><\/figure>\n<blockquote><p><strong>Historia Social de la Civilizaci\u00f3n en V\u00e9gueta<\/strong><\/p><\/blockquote>\n<p><strong>El libro ya se vende en el stand del Ministerio de Cultura.<\/strong><\/p>\n<p style=\"text-align: justify;\">La Dra. Ruth Shady Sol\u00eds, Directora de la Zona Arqueol\u00f3gica Caral (ZAC), Unidad Ejecutora 003, adscrita al Ministerio de Cultura presentara el libro <strong>\u201cHistoria Social de la Civilizaci\u00f3n en V\u00e9gueta. 3800 a\u00f1os de memoria colectiva de nuestros ancestros de Vichama ante el cambio clim\u00e1tico\u201d<\/strong> en la Feria Internacional del Libro este 27 de julio, a las 8 de la noche, en la sala Ciro Alegr\u00eda.<\/p>\n<p style=\"text-align: justify;\">\u00a0A lo largo de sus 8 cap\u00edtulos, en el libro se informa sobre el sitio arqueol\u00f3gico, el resultado de las investigaciones de la ZAC, la Conservaci\u00f3n de los monumentos, la Transmisi\u00f3n de la Historia Social, las Acciones para promover un desarrollo integral y sostenible en la poblaci\u00f3n y los Valores Patrimoniales del distrito de V\u00e9gueta, ubicado en la provincia de Huaura.<\/p>\n<p style=\"text-align: justify;\">\u00a0En el libro se encuentra informaci\u00f3n detallada sobre los edificios intervenidos, entre los que destacan: el <strong>Edificio Principal<\/strong> de la parte baja, donde se encuentra el Sal\u00f3n Ceremonial de los Relieves; y, donde los pobladores de Vichama dejaron una ofrenda de profundo significado simb\u00f3lico, formada por una cesta de junco con tres estatuillas antropomorfas pol\u00edcromas en arcilla no cocida, entre ellas la representaci\u00f3n de una deidad femenina. Destaca tambi\u00e9n el <strong>Edificio Los Dep\u00f3sitos<\/strong> \u2013donde se hallaron dos cabezas femeninas modeladas en barro no cocido- y residencias de elite, entre otros.<\/p>\n<p style=\"text-align: justify;\">Los pobladores de Vichama, de hace 3800 a\u00f1os, utilizaron productos de la tierra y el mar para sustentar su econom\u00eda, sostener su organizaci\u00f3n social, pol\u00edtica y erigir su arquitectura monumental. Su cosmovisi\u00f3n y experiencias vividas lo reflejaron en sus construcciones donde resaltan las representaciones de la crisis ocasionada por el cambio clim\u00e1tico y como supieron sobrellevarlo y superarlo: una verdadera lecci\u00f3n para los tiempos actuales.<\/p>\n<p style=\"text-align: justify;\">\u00a0El libro ya se vende en el stand N\u00b0151 que tiene Ministerio de Cultura en la Feria Internacional del Libro, ubicado en el Parque Los Pr\u00f3ceres en el distrito de Jes\u00fas Mar\u00eda.<\/p>\n<p style=\"text-align: justify;\"><strong style=\"color: #444444;\">Fuente: <span style=\"color: #800000;\">(Prensa ZAC)<\/span><\/strong><\/p>\n<p style=\"color: #000000;\">Fecha de publicaci\u00f3n: 23\/07\/2015<\/p>\n","protected":false},"excerpt":{"rendered":"<p>Historia Social de la Civilizaci\u00f3n en V\u00e9gueta El libro ya se vende en el stand del Ministerio de Cultura. La [&hellip;]<\/p>\n","protected":false},"author":1,"featured_media":9865,"comment_status":"closed","ping_status":"open","sticky":false,"template":"","format":"standard","meta":{"_acf_changed":false,"site-sidebar-layout":"default","site-content-layout":"","ast-site-content-layout":"default","site-content-style":"default","site-sidebar-style":"default","ast-global-header-display":"","ast-banner-title-visibility":"","ast-main-header-display":"","ast-hfb-above-header-display":"","ast-hfb-below-header-display":"","ast-hfb-mobile-header-display":"","site-post-title":"","ast-breadcrumbs-content":"","ast-featured-img":"","footer-sml-layout":"","ast-disable-related-posts":"","theme-transparent-header-meta":"","adv-header-id-meta":"","stick-header-meta":"","header-above-stick-meta":"","header-main-stick-meta":"","header-below-stick-meta":"","astra-migrate-meta-layouts":"default","ast-page-background-enabled":"default","ast-page-background-meta":{"desktop":{"background-color":"var(--ast-global-color-5)","background-image":"","background-repeat":"repeat","background-position":"center center","background-size":"auto","background-attachment":"scroll","background-type":"","background-media":"","overlay-type":"","overlay-color":"","overlay-opacity":"","overlay-gradient":""},"tablet":{"background-color":"","background-image":"","background-repeat":"repeat","background-position":"center center","background-size":"auto","background-attachment":"scroll","background-type":"","background-media":"","overlay-type":"","overlay-color":"","overlay-opacity":"","overlay-gradient":""},"mobile":{"background-color":"","background-image":"","background-repeat":"repeat","background-position":"center center","background-size":"auto","background-attachment":"scroll","background-type":"","background-media":"","overlay-type":"","overlay-color":"","overlay-opacity":"","overlay-gradient":""}},"ast-content-background-meta":{"desktop":{"background-color":"var(--ast-global-color-4)","background-image":"","background-repeat":"repeat","background-position":"center center","background-size":"auto","background-attachment":"scroll","background-type":"","background-media":"","overlay-type":"","overlay-color":"","overlay-opacity":"","overlay-gradient":""},"tablet":{"background-color":"var(--ast-global-color-4)","background-image":"","background-repeat":"repeat","background-position":"center center","background-size":"auto","background-attachment":"scroll","background-type":"","background-media":"","overlay-type":"","overlay-color":"","overlay-opacity":"","overlay-gradient":""},"mobile":{"background-color":"var(--ast-global-color-4)","background-image":"","background-repeat":"repeat","background-position":"center center","background-size":"auto","background-attachment":"scroll","background-type":"","background-media":"","overlay-type":"","overlay-color":"","overlay-opacity":"","overlay-gradient":""}},"footnotes":""},"categories":[208],"tags":[55,96,97],"class_list":["post-9864","post","type-post","status-publish","format-standard","has-post-thumbnail","hentry","category-noticias","tag-caral","tag-clima","tag-fil2015"],"acf":[],"yoast_head":"<!-- This site is optimized with the Yoast SEO plugin v27.3 - https:\/\/yoast.com\/product\/yoast-seo-wordpress\/ -->\n<title>Dra. Shady presentar\u00e1 libro de Vichama en la FIL 2015. Historia Social de la Civilizaci\u00f3n en V\u00e9gueta<\/title>\n<meta name=\"description\" content=\"La Dra. Ruth Shady Sol\u00eds, Directora de la Zona Arqueol\u00f3gica Caral (ZAC), Unidad Ejecutora 003, adscrita al Ministerio de Cultura presentara el libro \u201cHistoria Social de la Civilizaci\u00f3n en V\u00e9gueta. 3800 a\u00f1os de memoria colectiva de nuestros ancestros de Vichama ante el cambio clim\u00e1tico\u201d en la Feria Internacional del Libro este 27 de julio, a las 8 de la noche, en la sala Ciro Alegr\u00eda.\" \/>\n<meta name=\"robots\" content=\"index, follow, max-snippet:-1, max-image-preview:large, max-video-preview:-1\" \/>\n<link rel=\"canonical\" href=\"https:\/\/zonacaral.gob.pe\/es\/noticias\/dra-shady-presentara-libro-de-vichama-en-la-fil-2015\/\" \/>\n<meta property=\"og:locale\" content=\"es_ES\" \/>\n<meta property=\"og:type\" content=\"article\" \/>\n<meta property=\"og:title\" content=\"Dra. Shady presentar\u00e1 libro de Vichama en la FIL 2015. Historia Social de la Civilizaci\u00f3n en V\u00e9gueta\" \/>\n<meta property=\"og:description\" content=\"La Dra. Ruth Shady Sol\u00eds, Directora de la Zona Arqueol\u00f3gica Caral (ZAC), Unidad Ejecutora 003, adscrita al Ministerio de Cultura presentara el libro \u201cHistoria Social de la Civilizaci\u00f3n en V\u00e9gueta. 3800 a\u00f1os de memoria colectiva de nuestros ancestros de Vichama ante el cambio clim\u00e1tico\u201d en la Feria Internacional del Libro este 27 de julio, a las 8 de la noche, en la sala Ciro Alegr\u00eda.\" \/>\n<meta property=\"og:url\" content=\"https:\/\/zonacaral.gob.pe\/es\/noticias\/dra-shady-presentara-libro-de-vichama-en-la-fil-2015\/\" \/>\n<meta property=\"og:site_name\" content=\"Zona Caral\" \/>\n<meta property=\"article:published_time\" content=\"2015-07-23T23:32:12+00:00\" \/>\n<meta property=\"og:image\" content=\"https:\/\/zonacaral.gob.pe\/wp-content\/uploads\/2015\/07\/facebook-fil-.jpg\" \/>\n\t<meta property=\"og:image:width\" content=\"810\" \/>\n\t<meta property=\"og:image:height\" content=\"410\" \/>\n\t<meta property=\"og:image:type\" content=\"image\/jpeg\" \/>\n<meta name=\"author\" content=\"Zona Caral Administrador\" \/>\n<meta name=\"twitter:card\" content=\"summary_large_image\" \/>\n<meta name=\"twitter:label1\" content=\"Written by\" \/>\n\t<meta name=\"twitter:data1\" content=\"Zona Caral Administrador\" \/>\n\t<meta name=\"twitter:label2\" content=\"Est. reading time\" \/>\n\t<meta name=\"twitter:data2\" content=\"2 minutos\" \/>\n<script type=\"application\/ld+json\" class=\"yoast-schema-graph\">{\"@context\":\"https:\\\/\\\/schema.org\",\"@graph\":[{\"@type\":\"Article\",\"@id\":\"https:\\\/\\\/zonacaral.gob.pe\\\/en\\\/noticias\\\/dra-shady-presentara-libro-de-vichama-en-la-fil-2015\\\/#article\",\"isPartOf\":{\"@id\":\"https:\\\/\\\/zonacaral.gob.pe\\\/en\\\/noticias\\\/dra-shady-presentara-libro-de-vichama-en-la-fil-2015\\\/\"},\"author\":{\"name\":\"Zona Caral Administrador\",\"@id\":\"https:\\\/\\\/zonacaral.gob.pe\\\/es\\\/#\\\/schema\\\/person\\\/beddb4d22f71a7230c5b90913270a0ee\"},\"headline\":\"Dra. Shady presentar\u00e1 libro de Vichama en la FIL 2015\",\"datePublished\":\"2015-07-23T23:32:12+00:00\",\"mainEntityOfPage\":{\"@id\":\"https:\\\/\\\/zonacaral.gob.pe\\\/en\\\/noticias\\\/dra-shady-presentara-libro-de-vichama-en-la-fil-2015\\\/\"},\"wordCount\":374,\"image\":{\"@id\":\"https:\\\/\\\/zonacaral.gob.pe\\\/en\\\/noticias\\\/dra-shady-presentara-libro-de-vichama-en-la-fil-2015\\\/#primaryimage\"},\"thumbnailUrl\":\"https:\\\/\\\/zonacaral.gob.pe\\\/wp-content\\\/uploads\\\/2015\\\/07\\\/facebook-fil-.jpg\",\"keywords\":[\"caral\",\"clima\",\"fil2015\"],\"articleSection\":[\"noticias\"],\"inLanguage\":\"es-PE\"},{\"@type\":\"WebPage\",\"@id\":\"https:\\\/\\\/zonacaral.gob.pe\\\/en\\\/noticias\\\/dra-shady-presentara-libro-de-vichama-en-la-fil-2015\\\/\",\"url\":\"https:\\\/\\\/zonacaral.gob.pe\\\/en\\\/noticias\\\/dra-shady-presentara-libro-de-vichama-en-la-fil-2015\\\/\",\"name\":\"Dra. Shady presentar\u00e1 libro de Vichama en la FIL 2015. Historia Social de la Civilizaci\u00f3n en V\u00e9gueta\",\"isPartOf\":{\"@id\":\"https:\\\/\\\/zonacaral.gob.pe\\\/es\\\/#website\"},\"primaryImageOfPage\":{\"@id\":\"https:\\\/\\\/zonacaral.gob.pe\\\/en\\\/noticias\\\/dra-shady-presentara-libro-de-vichama-en-la-fil-2015\\\/#primaryimage\"},\"image\":{\"@id\":\"https:\\\/\\\/zonacaral.gob.pe\\\/en\\\/noticias\\\/dra-shady-presentara-libro-de-vichama-en-la-fil-2015\\\/#primaryimage\"},\"thumbnailUrl\":\"https:\\\/\\\/zonacaral.gob.pe\\\/wp-content\\\/uploads\\\/2015\\\/07\\\/facebook-fil-.jpg\",\"datePublished\":\"2015-07-23T23:32:12+00:00\",\"author\":{\"@id\":\"https:\\\/\\\/zonacaral.gob.pe\\\/es\\\/#\\\/schema\\\/person\\\/beddb4d22f71a7230c5b90913270a0ee\"},\"description\":\"La Dra. Ruth Shady Sol\u00eds, Directora de la Zona Arqueol\u00f3gica Caral (ZAC), Unidad Ejecutora 003, adscrita al Ministerio de Cultura presentara el libro \u201cHistoria Social de la Civilizaci\u00f3n en V\u00e9gueta. 3800 a\u00f1os de memoria colectiva de nuestros ancestros de Vichama ante el cambio clim\u00e1tico\u201d en la Feria Internacional del Libro este 27 de julio, a las 8 de la noche, en la sala Ciro Alegr\u00eda.\",\"breadcrumb\":{\"@id\":\"https:\\\/\\\/zonacaral.gob.pe\\\/en\\\/noticias\\\/dra-shady-presentara-libro-de-vichama-en-la-fil-2015\\\/#breadcrumb\"},\"inLanguage\":\"es-PE\",\"potentialAction\":[{\"@type\":\"ReadAction\",\"target\":[\"https:\\\/\\\/zonacaral.gob.pe\\\/en\\\/noticias\\\/dra-shady-presentara-libro-de-vichama-en-la-fil-2015\\\/\"]}]},{\"@type\":\"ImageObject\",\"inLanguage\":\"es-PE\",\"@id\":\"https:\\\/\\\/zonacaral.gob.pe\\\/en\\\/noticias\\\/dra-shady-presentara-libro-de-vichama-en-la-fil-2015\\\/#primaryimage\",\"url\":\"https:\\\/\\\/zonacaral.gob.pe\\\/wp-content\\\/uploads\\\/2015\\\/07\\\/facebook-fil-.jpg\",\"contentUrl\":\"https:\\\/\\\/zonacaral.gob.pe\\\/wp-content\\\/uploads\\\/2015\\\/07\\\/facebook-fil-.jpg\",\"width\":810,\"height\":410},{\"@type\":\"BreadcrumbList\",\"@id\":\"https:\\\/\\\/zonacaral.gob.pe\\\/en\\\/noticias\\\/dra-shady-presentara-libro-de-vichama-en-la-fil-2015\\\/#breadcrumb\",\"itemListElement\":[{\"@type\":\"ListItem\",\"position\":1,\"name\":\"Portada\",\"item\":\"https:\\\/\\\/zonacaral.gob.pe\\\/\"},{\"@type\":\"ListItem\",\"position\":2,\"name\":\"Dra. Shady presentar\u00e1 libro de Vichama en la FIL 2015\"}]},{\"@type\":\"WebSite\",\"@id\":\"https:\\\/\\\/zonacaral.gob.pe\\\/es\\\/#website\",\"url\":\"https:\\\/\\\/zonacaral.gob.pe\\\/es\\\/\",\"name\":\"Zona Caral\",\"description\":\"Investigamos, conservamos y difundimos el patrimonio cultural de la Civilizaci\u00f3n Caral, la m\u00e1s antigua de Am\u00e9rica.\",\"potentialAction\":[{\"@type\":\"SearchAction\",\"target\":{\"@type\":\"EntryPoint\",\"urlTemplate\":\"https:\\\/\\\/zonacaral.gob.pe\\\/es\\\/?s={search_term_string}\"},\"query-input\":{\"@type\":\"PropertyValueSpecification\",\"valueRequired\":true,\"valueName\":\"search_term_string\"}}],\"inLanguage\":\"es-PE\"},{\"@type\":\"Person\",\"@id\":\"https:\\\/\\\/zonacaral.gob.pe\\\/es\\\/#\\\/schema\\\/person\\\/beddb4d22f71a7230c5b90913270a0ee\",\"name\":\"Zona Caral Administrador\",\"image\":{\"@type\":\"ImageObject\",\"inLanguage\":\"es-PE\",\"@id\":\"https:\\\/\\\/secure.gravatar.com\\\/avatar\\\/e4be162918a696358376de6446614e0f0f4062bdc5d170d6d540ada3d8b58c12?s=96&d=mm&r=g\",\"url\":\"https:\\\/\\\/secure.gravatar.com\\\/avatar\\\/e4be162918a696358376de6446614e0f0f4062bdc5d170d6d540ada3d8b58c12?s=96&d=mm&r=g\",\"contentUrl\":\"https:\\\/\\\/secure.gravatar.com\\\/avatar\\\/e4be162918a696358376de6446614e0f0f4062bdc5d170d6d540ada3d8b58c12?s=96&d=mm&r=g\",\"caption\":\"Zona Caral Administrador\"},\"sameAs\":[\"https:\\\/\\\/zonacaral.gob.pe\"],\"url\":\"https:\\\/\\\/zonacaral.gob.pe\\\/es\\\/noticias\\\/author\\\/ad_zonacaral\\\/\"}]}<\/script>\n<!-- \/ Yoast SEO plugin. -->","yoast_head_json":{"title":"Dra. Shady presentar\u00e1 libro de Vichama en la FIL 2015. Historia Social de la Civilizaci\u00f3n en V\u00e9gueta","description":"La Dra. Ruth Shady Sol\u00eds, Directora de la Zona Arqueol\u00f3gica Caral (ZAC), Unidad Ejecutora 003, adscrita al Ministerio de Cultura presentara el libro \u201cHistoria Social de la Civilizaci\u00f3n en V\u00e9gueta. 3800 a\u00f1os de memoria colectiva de nuestros ancestros de Vichama ante el cambio clim\u00e1tico\u201d en la Feria Internacional del Libro este 27 de julio, a las 8 de la noche, en la sala Ciro Alegr\u00eda.","robots":{"index":"index","follow":"follow","max-snippet":"max-snippet:-1","max-image-preview":"max-image-preview:large","max-video-preview":"max-video-preview:-1"},"canonical":"https:\/\/zonacaral.gob.pe\/es\/noticias\/dra-shady-presentara-libro-de-vichama-en-la-fil-2015\/","og_locale":"es_ES","og_type":"article","og_title":"Dra. Shady presentar\u00e1 libro de Vichama en la FIL 2015. Historia Social de la Civilizaci\u00f3n en V\u00e9gueta","og_description":"La Dra. Ruth Shady Sol\u00eds, Directora de la Zona Arqueol\u00f3gica Caral (ZAC), Unidad Ejecutora 003, adscrita al Ministerio de Cultura presentara el libro \u201cHistoria Social de la Civilizaci\u00f3n en V\u00e9gueta. 3800 a\u00f1os de memoria colectiva de nuestros ancestros de Vichama ante el cambio clim\u00e1tico\u201d en la Feria Internacional del Libro este 27 de julio, a las 8 de la noche, en la sala Ciro Alegr\u00eda.","og_url":"https:\/\/zonacaral.gob.pe\/es\/noticias\/dra-shady-presentara-libro-de-vichama-en-la-fil-2015\/","og_site_name":"Zona Caral","article_published_time":"2015-07-23T23:32:12+00:00","og_image":[{"width":810,"height":410,"url":"https:\/\/zonacaral.gob.pe\/wp-content\/uploads\/2015\/07\/facebook-fil-.jpg","type":"image\/jpeg"}],"author":"Zona Caral Administrador","twitter_card":"summary_large_image","twitter_misc":{"Written by":"Zona Caral Administrador","Est. reading time":"2 minutos"},"schema":{"@context":"https:\/\/schema.org","@graph":[{"@type":"Article","@id":"https:\/\/zonacaral.gob.pe\/en\/noticias\/dra-shady-presentara-libro-de-vichama-en-la-fil-2015\/#article","isPartOf":{"@id":"https:\/\/zonacaral.gob.pe\/en\/noticias\/dra-shady-presentara-libro-de-vichama-en-la-fil-2015\/"},"author":{"name":"Zona Caral Administrador","@id":"https:\/\/zonacaral.gob.pe\/es\/#\/schema\/person\/beddb4d22f71a7230c5b90913270a0ee"},"headline":"Dra. Shady presentar\u00e1 libro de Vichama en la FIL 2015","datePublished":"2015-07-23T23:32:12+00:00","mainEntityOfPage":{"@id":"https:\/\/zonacaral.gob.pe\/en\/noticias\/dra-shady-presentara-libro-de-vichama-en-la-fil-2015\/"},"wordCount":374,"image":{"@id":"https:\/\/zonacaral.gob.pe\/en\/noticias\/dra-shady-presentara-libro-de-vichama-en-la-fil-2015\/#primaryimage"},"thumbnailUrl":"https:\/\/zonacaral.gob.pe\/wp-content\/uploads\/2015\/07\/facebook-fil-.jpg","keywords":["caral","clima","fil2015"],"articleSection":["noticias"],"inLanguage":"es-PE"},{"@type":"WebPage","@id":"https:\/\/zonacaral.gob.pe\/en\/noticias\/dra-shady-presentara-libro-de-vichama-en-la-fil-2015\/","url":"https:\/\/zonacaral.gob.pe\/en\/noticias\/dra-shady-presentara-libro-de-vichama-en-la-fil-2015\/","name":"Dra. Shady presentar\u00e1 libro de Vichama en la FIL 2015. Historia Social de la Civilizaci\u00f3n en V\u00e9gueta","isPartOf":{"@id":"https:\/\/zonacaral.gob.pe\/es\/#website"},"primaryImageOfPage":{"@id":"https:\/\/zonacaral.gob.pe\/en\/noticias\/dra-shady-presentara-libro-de-vichama-en-la-fil-2015\/#primaryimage"},"image":{"@id":"https:\/\/zonacaral.gob.pe\/en\/noticias\/dra-shady-presentara-libro-de-vichama-en-la-fil-2015\/#primaryimage"},"thumbnailUrl":"https:\/\/zonacaral.gob.pe\/wp-content\/uploads\/2015\/07\/facebook-fil-.jpg","datePublished":"2015-07-23T23:32:12+00:00","author":{"@id":"https:\/\/zonacaral.gob.pe\/es\/#\/schema\/person\/beddb4d22f71a7230c5b90913270a0ee"},"description":"La Dra. Ruth Shady Sol\u00eds, Directora de la Zona Arqueol\u00f3gica Caral (ZAC), Unidad Ejecutora 003, adscrita al Ministerio de Cultura presentara el libro \u201cHistoria Social de la Civilizaci\u00f3n en V\u00e9gueta. 3800 a\u00f1os de memoria colectiva de nuestros ancestros de Vichama ante el cambio clim\u00e1tico\u201d en la Feria Internacional del Libro este 27 de julio, a las 8 de la noche, en la sala Ciro Alegr\u00eda.","breadcrumb":{"@id":"https:\/\/zonacaral.gob.pe\/en\/noticias\/dra-shady-presentara-libro-de-vichama-en-la-fil-2015\/#breadcrumb"},"inLanguage":"es-PE","potentialAction":[{"@type":"ReadAction","target":["https:\/\/zonacaral.gob.pe\/en\/noticias\/dra-shady-presentara-libro-de-vichama-en-la-fil-2015\/"]}]},{"@type":"ImageObject","inLanguage":"es-PE","@id":"https:\/\/zonacaral.gob.pe\/en\/noticias\/dra-shady-presentara-libro-de-vichama-en-la-fil-2015\/#primaryimage","url":"https:\/\/zonacaral.gob.pe\/wp-content\/uploads\/2015\/07\/facebook-fil-.jpg","contentUrl":"https:\/\/zonacaral.gob.pe\/wp-content\/uploads\/2015\/07\/facebook-fil-.jpg","width":810,"height":410},{"@type":"BreadcrumbList","@id":"https:\/\/zonacaral.gob.pe\/en\/noticias\/dra-shady-presentara-libro-de-vichama-en-la-fil-2015\/#breadcrumb","itemListElement":[{"@type":"ListItem","position":1,"name":"Portada","item":"https:\/\/zonacaral.gob.pe\/"},{"@type":"ListItem","position":2,"name":"Dra. Shady presentar\u00e1 libro de Vichama en la FIL 2015"}]},{"@type":"WebSite","@id":"https:\/\/zonacaral.gob.pe\/es\/#website","url":"https:\/\/zonacaral.gob.pe\/es\/","name":"Zona Caral","description":"Investigamos, conservamos y difundimos el patrimonio cultural de la Civilizaci\u00f3n Caral, la m\u00e1s antigua de Am\u00e9rica.","potentialAction":[{"@type":"SearchAction","target":{"@type":"EntryPoint","urlTemplate":"https:\/\/zonacaral.gob.pe\/es\/?s={search_term_string}"},"query-input":{"@type":"PropertyValueSpecification","valueRequired":true,"valueName":"search_term_string"}}],"inLanguage":"es-PE"},{"@type":"Person","@id":"https:\/\/zonacaral.gob.pe\/es\/#\/schema\/person\/beddb4d22f71a7230c5b90913270a0ee","name":"Zona Caral Administrador","image":{"@type":"ImageObject","inLanguage":"es-PE","@id":"https:\/\/secure.gravatar.com\/avatar\/e4be162918a696358376de6446614e0f0f4062bdc5d170d6d540ada3d8b58c12?s=96&d=mm&r=g","url":"https:\/\/secure.gravatar.com\/avatar\/e4be162918a696358376de6446614e0f0f4062bdc5d170d6d540ada3d8b58c12?s=96&d=mm&r=g","contentUrl":"https:\/\/secure.gravatar.com\/avatar\/e4be162918a696358376de6446614e0f0f4062bdc5d170d6d540ada3d8b58c12?s=96&d=mm&r=g","caption":"Zona Caral Administrador"},"sameAs":["https:\/\/zonacaral.gob.pe"],"url":"https:\/\/zonacaral.gob.pe\/es\/noticias\/author\/ad_zonacaral\/"}]}},"_links":{"self":[{"href":"https:\/\/zonacaral.gob.pe\/es\/wp-json\/wp\/v2\/posts\/9864","targetHints":{"allow":["GET"]}}],"collection":[{"href":"https:\/\/zonacaral.gob.pe\/es\/wp-json\/wp\/v2\/posts"}],"about":[{"href":"https:\/\/zonacaral.gob.pe\/es\/wp-json\/wp\/v2\/types\/post"}],"author":[{"embeddable":true,"href":"https:\/\/zonacaral.gob.pe\/es\/wp-json\/wp\/v2\/users\/1"}],"replies":[{"embeddable":true,"href":"https:\/\/zonacaral.gob.pe\/es\/wp-json\/wp\/v2\/comments?post=9864"}],"version-history":[{"count":0,"href":"https:\/\/zonacaral.gob.pe\/es\/wp-json\/wp\/v2\/posts\/9864\/revisions"}],"wp:featuredmedia":[{"embeddable":true,"href":"https:\/\/zonacaral.gob.pe\/es\/wp-json\/wp\/v2\/media\/9865"}],"wp:attachment":[{"href":"https:\/\/zonacaral.gob.pe\/es\/wp-json\/wp\/v2\/media?parent=9864"}],"wp:term":[{"taxonomy":"category","embeddable":true,"href":"https:\/\/zonacaral.gob.pe\/es\/wp-json\/wp\/v2\/categories?post=9864"},{"taxonomy":"post_tag","embeddable":true,"href":"https:\/\/zonacaral.gob.pe\/es\/wp-json\/wp\/v2\/tags?post=9864"}],"curies":[{"name":"wp","href":"https:\/\/api.w.org\/{rel}","templated":true}]}}