{"id":9894,"date":"2015-08-25T12:34:52","date_gmt":"2015-08-25T17:34:52","guid":{"rendered":"http:\/\/www.zonacaral.gob.pe\/?p=9894"},"modified":"2015-08-25T12:34:52","modified_gmt":"2015-08-25T17:34:52","slug":"se-inicia-taller-de-musica-revalorizando-la-tradicion-musical-de-los-origenes-de-la-civilizacion","status":"publish","type":"post","link":"https:\/\/zonacaral.gob.pe\/es\/noticias\/se-inicia-taller-de-musica-revalorizando-la-tradicion-musical-de-los-origenes-de-la-civilizacion\/","title":{"rendered":"Se inicia taller de m\u00fasica, \u201cRevalorizando la Tradici\u00f3n Musical de los Or\u00edgenes de la Civilizaci\u00f3n\u201d"},"content":{"rendered":"<figure class=\"pic-autor\" style=\"color: #4d4d4d;\"><\/figure>\n<p style=\"color: #272727; text-align: justify;\">M\u00fasica de Caral. En el local comunal del centro poblado el Porvenir en el distrito de Supe, provincia de Barranca ya se inici\u00f3 el taller \u201cRevalorizando la Tradici\u00f3n Musical de los Or\u00edgenes de la Civilizaci\u00f3n\u201d. La actividad se realiza en coordinaci\u00f3n de la Zona Arqueol\u00f3gica Caral, Unidad Ejecutora 003 adscrita al Ministerio de Cultura, que dirige la Dra. Ruth Shady Solis, y el alcalde de la Municipalidad Menor de El Porvenir-Distrito de Supe, Teodoro Rom\u00e1n Landa.<\/p>\n<p><img fetchpriority=\"high\" decoding=\"async\" class=\"alignleft wp-image-9289\" src=\"http:\/\/www.zonacaral.gob.pe\/wp-content\/uploads\/2015\/08\/25-08-2015-02.jpg\" alt=\"25-08-2015-02\" width=\"492\" height=\"359\" \/>Con estos talleres, a los ni\u00f1os y j\u00f3venes, se les ense\u00f1a la ejecuci\u00f3n de las flautas y antaras de Caral. Los instrumentos son r\u00e9plicas de los artefactos sonoros recuperados en las investigaciones en la Ciudad Sagrada de Caral, Patrimonio Cultural de la Humanidad. Como la sonoridad de los instrumentos hallados no se relaciona con ning\u00fan sistema musical conocido se est\u00e1 reintroduciendo la pr\u00e1ctica art\u00edstica de los antiguos pobladores del valle de Supe.<\/p>\n<p>El curso-taller est\u00e1 dirigido por el maestro Wilfredo Tarazona Padilla y cuenta con la participaci\u00f3n de Carlos Bernuy y Ronald Flores; es importante destacar que este equipo de maestros ha desarrollado material did\u00e1ctico para facilitar a los alumnos el aprendizaje de los rudimentos de la teor\u00eda musical, del solfeo y de la t\u00e9cnica instrumental.<\/p>\n<p>Fuente:\u00a0<span style=\"color: #800000;\">(Prensa ZAC)<\/span><\/p>\n<p style=\"color: #000000;\">Fecha de publicaci\u00f3n: 25\/08\/2015<\/p>\n","protected":false},"excerpt":{"rendered":"<p>M\u00fasica de Caral. En el local comunal del centro poblado el Porvenir en el distrito de Supe, provincia de Barranca [&hellip;]<\/p>\n","protected":false},"author":1,"featured_media":9895,"comment_status":"closed","ping_status":"open","sticky":false,"template":"","format":"standard","meta":{"_acf_changed":false,"site-sidebar-layout":"default","site-content-layout":"","ast-site-content-layout":"default","site-content-style":"default","site-sidebar-style":"default","ast-global-header-display":"","ast-banner-title-visibility":"","ast-main-header-display":"","ast-hfb-above-header-display":"","ast-hfb-below-header-display":"","ast-hfb-mobile-header-display":"","site-post-title":"","ast-breadcrumbs-content":"","ast-featured-img":"","footer-sml-layout":"","ast-disable-related-posts":"","theme-transparent-header-meta":"","adv-header-id-meta":"","stick-header-meta":"","header-above-stick-meta":"","header-main-stick-meta":"","header-below-stick-meta":"","astra-migrate-meta-layouts":"default","ast-page-background-enabled":"default","ast-page-background-meta":{"desktop":{"background-color":"var(--ast-global-color-5)","background-image":"","background-repeat":"repeat","background-position":"center center","background-size":"auto","background-attachment":"scroll","background-type":"","background-media":"","overlay-type":"","overlay-color":"","overlay-opacity":"","overlay-gradient":""},"tablet":{"background-color":"","background-image":"","background-repeat":"repeat","background-position":"center center","background-size":"auto","background-attachment":"scroll","background-type":"","background-media":"","overlay-type":"","overlay-color":"","overlay-opacity":"","overlay-gradient":""},"mobile":{"background-color":"","background-image":"","background-repeat":"repeat","background-position":"center center","background-size":"auto","background-attachment":"scroll","background-type":"","background-media":"","overlay-type":"","overlay-color":"","overlay-opacity":"","overlay-gradient":""}},"ast-content-background-meta":{"desktop":{"background-color":"var(--ast-global-color-4)","background-image":"","background-repeat":"repeat","background-position":"center center","background-size":"auto","background-attachment":"scroll","background-type":"","background-media":"","overlay-type":"","overlay-color":"","overlay-opacity":"","overlay-gradient":""},"tablet":{"background-color":"var(--ast-global-color-4)","background-image":"","background-repeat":"repeat","background-position":"center center","background-size":"auto","background-attachment":"scroll","background-type":"","background-media":"","overlay-type":"","overlay-color":"","overlay-opacity":"","overlay-gradient":""},"mobile":{"background-color":"var(--ast-global-color-4)","background-image":"","background-repeat":"repeat","background-position":"center center","background-size":"auto","background-attachment":"scroll","background-type":"","background-media":"","overlay-type":"","overlay-color":"","overlay-opacity":"","overlay-gradient":""}},"footnotes":""},"categories":[208],"tags":[55,98,69],"class_list":["post-9894","post","type-post","status-publish","format-standard","has-post-thumbnail","hentry","category-noticias","tag-caral","tag-musica","tag-taller"],"acf":[],"yoast_head":"<!-- This site is optimized with the Yoast SEO plugin v27.3 - https:\/\/yoast.com\/product\/yoast-seo-wordpress\/ -->\n<title>Se inicia taller de m\u00fasica, \u201cRevalorizando la Tradici\u00f3n Musical de los Or\u00edgenes de la Civilizaci\u00f3n\u201d<\/title>\n<meta name=\"description\" content=\"Con estos talleres, a los ni\u00f1os y j\u00f3venes, se les ense\u00f1a la ejecuci\u00f3n de las flautas y antaras de Caral. Los instrumentos son r\u00e9plicas de los artefactos sonoros recuperados en las investigaciones en la Ciudad Sagrada de Caral, Patrimonio Cultural de la Humanidad. Como la sonoridad de los instrumentos hallados no se relaciona con ning\u00fan sistema musical conocido se est\u00e1 reintroduciendo la pr\u00e1ctica art\u00edstica de los antiguos pobladores del valle de Supe.\" \/>\n<meta name=\"robots\" content=\"index, follow, max-snippet:-1, max-image-preview:large, max-video-preview:-1\" \/>\n<link rel=\"canonical\" href=\"https:\/\/zonacaral.gob.pe\/es\/noticias\/se-inicia-taller-de-musica-revalorizando-la-tradicion-musical-de-los-origenes-de-la-civilizacion\/\" \/>\n<meta property=\"og:locale\" content=\"es_ES\" \/>\n<meta property=\"og:type\" content=\"article\" \/>\n<meta property=\"og:title\" content=\"Se inicia taller de m\u00fasica, \u201cRevalorizando la Tradici\u00f3n Musical de los Or\u00edgenes de la Civilizaci\u00f3n\u201d\" \/>\n<meta property=\"og:description\" content=\"Con estos talleres, a los ni\u00f1os y j\u00f3venes, se les ense\u00f1a la ejecuci\u00f3n de las flautas y antaras de Caral. Los instrumentos son r\u00e9plicas de los artefactos sonoros recuperados en las investigaciones en la Ciudad Sagrada de Caral, Patrimonio Cultural de la Humanidad. Como la sonoridad de los instrumentos hallados no se relaciona con ning\u00fan sistema musical conocido se est\u00e1 reintroduciendo la pr\u00e1ctica art\u00edstica de los antiguos pobladores del valle de Supe.\" \/>\n<meta property=\"og:url\" content=\"https:\/\/zonacaral.gob.pe\/es\/noticias\/se-inicia-taller-de-musica-revalorizando-la-tradicion-musical-de-los-origenes-de-la-civilizacion\/\" \/>\n<meta property=\"og:site_name\" content=\"Zona Caral\" \/>\n<meta property=\"article:published_time\" content=\"2015-08-25T17:34:52+00:00\" \/>\n<meta property=\"og:image\" content=\"https:\/\/zonacaral.gob.pe\/wp-content\/uploads\/2015\/09\/25-08-2015.jpg\" \/>\n\t<meta property=\"og:image:width\" content=\"700\" \/>\n\t<meta property=\"og:image:height\" content=\"363\" \/>\n\t<meta property=\"og:image:type\" content=\"image\/jpeg\" \/>\n<meta name=\"author\" content=\"Zona Caral Administrador\" \/>\n<meta name=\"twitter:card\" content=\"summary_large_image\" \/>\n<meta name=\"twitter:label1\" content=\"Written by\" \/>\n\t<meta name=\"twitter:data1\" content=\"Zona Caral Administrador\" \/>\n\t<meta name=\"twitter:label2\" content=\"Est. reading time\" \/>\n\t<meta name=\"twitter:data2\" content=\"1 minuto\" \/>\n<script type=\"application\/ld+json\" class=\"yoast-schema-graph\">{\"@context\":\"https:\\\/\\\/schema.org\",\"@graph\":[{\"@type\":\"Article\",\"@id\":\"https:\\\/\\\/zonacaral.gob.pe\\\/en\\\/noticias\\\/se-inicia-taller-de-musica-revalorizando-la-tradicion-musical-de-los-origenes-de-la-civilizacion\\\/#article\",\"isPartOf\":{\"@id\":\"https:\\\/\\\/zonacaral.gob.pe\\\/en\\\/noticias\\\/se-inicia-taller-de-musica-revalorizando-la-tradicion-musical-de-los-origenes-de-la-civilizacion\\\/\"},\"author\":{\"name\":\"Zona Caral Administrador\",\"@id\":\"https:\\\/\\\/zonacaral.gob.pe\\\/es\\\/#\\\/schema\\\/person\\\/beddb4d22f71a7230c5b90913270a0ee\"},\"headline\":\"Se inicia taller de m\u00fasica, \u201cRevalorizando la Tradici\u00f3n Musical de los Or\u00edgenes de la Civilizaci\u00f3n\u201d\",\"datePublished\":\"2015-08-25T17:34:52+00:00\",\"mainEntityOfPage\":{\"@id\":\"https:\\\/\\\/zonacaral.gob.pe\\\/en\\\/noticias\\\/se-inicia-taller-de-musica-revalorizando-la-tradicion-musical-de-los-origenes-de-la-civilizacion\\\/\"},\"wordCount\":246,\"image\":{\"@id\":\"https:\\\/\\\/zonacaral.gob.pe\\\/en\\\/noticias\\\/se-inicia-taller-de-musica-revalorizando-la-tradicion-musical-de-los-origenes-de-la-civilizacion\\\/#primaryimage\"},\"thumbnailUrl\":\"https:\\\/\\\/zonacaral.gob.pe\\\/wp-content\\\/uploads\\\/2015\\\/09\\\/25-08-2015.jpg\",\"keywords\":[\"caral\",\"musica\",\"taller\"],\"articleSection\":[\"noticias\"],\"inLanguage\":\"es-PE\"},{\"@type\":\"WebPage\",\"@id\":\"https:\\\/\\\/zonacaral.gob.pe\\\/en\\\/noticias\\\/se-inicia-taller-de-musica-revalorizando-la-tradicion-musical-de-los-origenes-de-la-civilizacion\\\/\",\"url\":\"https:\\\/\\\/zonacaral.gob.pe\\\/en\\\/noticias\\\/se-inicia-taller-de-musica-revalorizando-la-tradicion-musical-de-los-origenes-de-la-civilizacion\\\/\",\"name\":\"Se inicia taller de m\u00fasica, \u201cRevalorizando la Tradici\u00f3n Musical de los Or\u00edgenes de la Civilizaci\u00f3n\u201d\",\"isPartOf\":{\"@id\":\"https:\\\/\\\/zonacaral.gob.pe\\\/es\\\/#website\"},\"primaryImageOfPage\":{\"@id\":\"https:\\\/\\\/zonacaral.gob.pe\\\/en\\\/noticias\\\/se-inicia-taller-de-musica-revalorizando-la-tradicion-musical-de-los-origenes-de-la-civilizacion\\\/#primaryimage\"},\"image\":{\"@id\":\"https:\\\/\\\/zonacaral.gob.pe\\\/en\\\/noticias\\\/se-inicia-taller-de-musica-revalorizando-la-tradicion-musical-de-los-origenes-de-la-civilizacion\\\/#primaryimage\"},\"thumbnailUrl\":\"https:\\\/\\\/zonacaral.gob.pe\\\/wp-content\\\/uploads\\\/2015\\\/09\\\/25-08-2015.jpg\",\"datePublished\":\"2015-08-25T17:34:52+00:00\",\"author\":{\"@id\":\"https:\\\/\\\/zonacaral.gob.pe\\\/es\\\/#\\\/schema\\\/person\\\/beddb4d22f71a7230c5b90913270a0ee\"},\"description\":\"Con estos talleres, a los ni\u00f1os y j\u00f3venes, se les ense\u00f1a la ejecuci\u00f3n de las flautas y antaras de Caral. Los instrumentos son r\u00e9plicas de los artefactos sonoros recuperados en las investigaciones en la Ciudad Sagrada de Caral, Patrimonio Cultural de la Humanidad. Como la sonoridad de los instrumentos hallados no se relaciona con ning\u00fan sistema musical conocido se est\u00e1 reintroduciendo la pr\u00e1ctica art\u00edstica de los antiguos pobladores del valle de Supe.\",\"breadcrumb\":{\"@id\":\"https:\\\/\\\/zonacaral.gob.pe\\\/en\\\/noticias\\\/se-inicia-taller-de-musica-revalorizando-la-tradicion-musical-de-los-origenes-de-la-civilizacion\\\/#breadcrumb\"},\"inLanguage\":\"es-PE\",\"potentialAction\":[{\"@type\":\"ReadAction\",\"target\":[\"https:\\\/\\\/zonacaral.gob.pe\\\/en\\\/noticias\\\/se-inicia-taller-de-musica-revalorizando-la-tradicion-musical-de-los-origenes-de-la-civilizacion\\\/\"]}]},{\"@type\":\"ImageObject\",\"inLanguage\":\"es-PE\",\"@id\":\"https:\\\/\\\/zonacaral.gob.pe\\\/en\\\/noticias\\\/se-inicia-taller-de-musica-revalorizando-la-tradicion-musical-de-los-origenes-de-la-civilizacion\\\/#primaryimage\",\"url\":\"https:\\\/\\\/zonacaral.gob.pe\\\/wp-content\\\/uploads\\\/2015\\\/09\\\/25-08-2015.jpg\",\"contentUrl\":\"https:\\\/\\\/zonacaral.gob.pe\\\/wp-content\\\/uploads\\\/2015\\\/09\\\/25-08-2015.jpg\",\"width\":700,\"height\":363},{\"@type\":\"BreadcrumbList\",\"@id\":\"https:\\\/\\\/zonacaral.gob.pe\\\/en\\\/noticias\\\/se-inicia-taller-de-musica-revalorizando-la-tradicion-musical-de-los-origenes-de-la-civilizacion\\\/#breadcrumb\",\"itemListElement\":[{\"@type\":\"ListItem\",\"position\":1,\"name\":\"Portada\",\"item\":\"https:\\\/\\\/zonacaral.gob.pe\\\/\"},{\"@type\":\"ListItem\",\"position\":2,\"name\":\"Se inicia taller de m\u00fasica, \u201cRevalorizando la Tradici\u00f3n Musical de los Or\u00edgenes de la Civilizaci\u00f3n\u201d\"}]},{\"@type\":\"WebSite\",\"@id\":\"https:\\\/\\\/zonacaral.gob.pe\\\/es\\\/#website\",\"url\":\"https:\\\/\\\/zonacaral.gob.pe\\\/es\\\/\",\"name\":\"Zona Caral\",\"description\":\"Investigamos, conservamos y difundimos el patrimonio cultural de la Civilizaci\u00f3n Caral, la m\u00e1s antigua de Am\u00e9rica.\",\"potentialAction\":[{\"@type\":\"SearchAction\",\"target\":{\"@type\":\"EntryPoint\",\"urlTemplate\":\"https:\\\/\\\/zonacaral.gob.pe\\\/es\\\/?s={search_term_string}\"},\"query-input\":{\"@type\":\"PropertyValueSpecification\",\"valueRequired\":true,\"valueName\":\"search_term_string\"}}],\"inLanguage\":\"es-PE\"},{\"@type\":\"Person\",\"@id\":\"https:\\\/\\\/zonacaral.gob.pe\\\/es\\\/#\\\/schema\\\/person\\\/beddb4d22f71a7230c5b90913270a0ee\",\"name\":\"Zona Caral Administrador\",\"image\":{\"@type\":\"ImageObject\",\"inLanguage\":\"es-PE\",\"@id\":\"https:\\\/\\\/secure.gravatar.com\\\/avatar\\\/e4be162918a696358376de6446614e0f0f4062bdc5d170d6d540ada3d8b58c12?s=96&d=mm&r=g\",\"url\":\"https:\\\/\\\/secure.gravatar.com\\\/avatar\\\/e4be162918a696358376de6446614e0f0f4062bdc5d170d6d540ada3d8b58c12?s=96&d=mm&r=g\",\"contentUrl\":\"https:\\\/\\\/secure.gravatar.com\\\/avatar\\\/e4be162918a696358376de6446614e0f0f4062bdc5d170d6d540ada3d8b58c12?s=96&d=mm&r=g\",\"caption\":\"Zona Caral Administrador\"},\"sameAs\":[\"https:\\\/\\\/zonacaral.gob.pe\"],\"url\":\"https:\\\/\\\/zonacaral.gob.pe\\\/es\\\/noticias\\\/author\\\/ad_zonacaral\\\/\"}]}<\/script>\n<!-- \/ Yoast SEO plugin. -->","yoast_head_json":{"title":"Se inicia taller de m\u00fasica, \u201cRevalorizando la Tradici\u00f3n Musical de los Or\u00edgenes de la Civilizaci\u00f3n\u201d","description":"Con estos talleres, a los ni\u00f1os y j\u00f3venes, se les ense\u00f1a la ejecuci\u00f3n de las flautas y antaras de Caral. Los instrumentos son r\u00e9plicas de los artefactos sonoros recuperados en las investigaciones en la Ciudad Sagrada de Caral, Patrimonio Cultural de la Humanidad. Como la sonoridad de los instrumentos hallados no se relaciona con ning\u00fan sistema musical conocido se est\u00e1 reintroduciendo la pr\u00e1ctica art\u00edstica de los antiguos pobladores del valle de Supe.","robots":{"index":"index","follow":"follow","max-snippet":"max-snippet:-1","max-image-preview":"max-image-preview:large","max-video-preview":"max-video-preview:-1"},"canonical":"https:\/\/zonacaral.gob.pe\/es\/noticias\/se-inicia-taller-de-musica-revalorizando-la-tradicion-musical-de-los-origenes-de-la-civilizacion\/","og_locale":"es_ES","og_type":"article","og_title":"Se inicia taller de m\u00fasica, \u201cRevalorizando la Tradici\u00f3n Musical de los Or\u00edgenes de la Civilizaci\u00f3n\u201d","og_description":"Con estos talleres, a los ni\u00f1os y j\u00f3venes, se les ense\u00f1a la ejecuci\u00f3n de las flautas y antaras de Caral. Los instrumentos son r\u00e9plicas de los artefactos sonoros recuperados en las investigaciones en la Ciudad Sagrada de Caral, Patrimonio Cultural de la Humanidad. Como la sonoridad de los instrumentos hallados no se relaciona con ning\u00fan sistema musical conocido se est\u00e1 reintroduciendo la pr\u00e1ctica art\u00edstica de los antiguos pobladores del valle de Supe.","og_url":"https:\/\/zonacaral.gob.pe\/es\/noticias\/se-inicia-taller-de-musica-revalorizando-la-tradicion-musical-de-los-origenes-de-la-civilizacion\/","og_site_name":"Zona Caral","article_published_time":"2015-08-25T17:34:52+00:00","og_image":[{"width":700,"height":363,"url":"https:\/\/zonacaral.gob.pe\/wp-content\/uploads\/2015\/09\/25-08-2015.jpg","type":"image\/jpeg"}],"author":"Zona Caral Administrador","twitter_card":"summary_large_image","twitter_misc":{"Written by":"Zona Caral Administrador","Est. reading time":"1 minuto"},"schema":{"@context":"https:\/\/schema.org","@graph":[{"@type":"Article","@id":"https:\/\/zonacaral.gob.pe\/en\/noticias\/se-inicia-taller-de-musica-revalorizando-la-tradicion-musical-de-los-origenes-de-la-civilizacion\/#article","isPartOf":{"@id":"https:\/\/zonacaral.gob.pe\/en\/noticias\/se-inicia-taller-de-musica-revalorizando-la-tradicion-musical-de-los-origenes-de-la-civilizacion\/"},"author":{"name":"Zona Caral Administrador","@id":"https:\/\/zonacaral.gob.pe\/es\/#\/schema\/person\/beddb4d22f71a7230c5b90913270a0ee"},"headline":"Se inicia taller de m\u00fasica, \u201cRevalorizando la Tradici\u00f3n Musical de los Or\u00edgenes de la Civilizaci\u00f3n\u201d","datePublished":"2015-08-25T17:34:52+00:00","mainEntityOfPage":{"@id":"https:\/\/zonacaral.gob.pe\/en\/noticias\/se-inicia-taller-de-musica-revalorizando-la-tradicion-musical-de-los-origenes-de-la-civilizacion\/"},"wordCount":246,"image":{"@id":"https:\/\/zonacaral.gob.pe\/en\/noticias\/se-inicia-taller-de-musica-revalorizando-la-tradicion-musical-de-los-origenes-de-la-civilizacion\/#primaryimage"},"thumbnailUrl":"https:\/\/zonacaral.gob.pe\/wp-content\/uploads\/2015\/09\/25-08-2015.jpg","keywords":["caral","musica","taller"],"articleSection":["noticias"],"inLanguage":"es-PE"},{"@type":"WebPage","@id":"https:\/\/zonacaral.gob.pe\/en\/noticias\/se-inicia-taller-de-musica-revalorizando-la-tradicion-musical-de-los-origenes-de-la-civilizacion\/","url":"https:\/\/zonacaral.gob.pe\/en\/noticias\/se-inicia-taller-de-musica-revalorizando-la-tradicion-musical-de-los-origenes-de-la-civilizacion\/","name":"Se inicia taller de m\u00fasica, \u201cRevalorizando la Tradici\u00f3n Musical de los Or\u00edgenes de la Civilizaci\u00f3n\u201d","isPartOf":{"@id":"https:\/\/zonacaral.gob.pe\/es\/#website"},"primaryImageOfPage":{"@id":"https:\/\/zonacaral.gob.pe\/en\/noticias\/se-inicia-taller-de-musica-revalorizando-la-tradicion-musical-de-los-origenes-de-la-civilizacion\/#primaryimage"},"image":{"@id":"https:\/\/zonacaral.gob.pe\/en\/noticias\/se-inicia-taller-de-musica-revalorizando-la-tradicion-musical-de-los-origenes-de-la-civilizacion\/#primaryimage"},"thumbnailUrl":"https:\/\/zonacaral.gob.pe\/wp-content\/uploads\/2015\/09\/25-08-2015.jpg","datePublished":"2015-08-25T17:34:52+00:00","author":{"@id":"https:\/\/zonacaral.gob.pe\/es\/#\/schema\/person\/beddb4d22f71a7230c5b90913270a0ee"},"description":"Con estos talleres, a los ni\u00f1os y j\u00f3venes, se les ense\u00f1a la ejecuci\u00f3n de las flautas y antaras de Caral. Los instrumentos son r\u00e9plicas de los artefactos sonoros recuperados en las investigaciones en la Ciudad Sagrada de Caral, Patrimonio Cultural de la Humanidad. Como la sonoridad de los instrumentos hallados no se relaciona con ning\u00fan sistema musical conocido se est\u00e1 reintroduciendo la pr\u00e1ctica art\u00edstica de los antiguos pobladores del valle de Supe.","breadcrumb":{"@id":"https:\/\/zonacaral.gob.pe\/en\/noticias\/se-inicia-taller-de-musica-revalorizando-la-tradicion-musical-de-los-origenes-de-la-civilizacion\/#breadcrumb"},"inLanguage":"es-PE","potentialAction":[{"@type":"ReadAction","target":["https:\/\/zonacaral.gob.pe\/en\/noticias\/se-inicia-taller-de-musica-revalorizando-la-tradicion-musical-de-los-origenes-de-la-civilizacion\/"]}]},{"@type":"ImageObject","inLanguage":"es-PE","@id":"https:\/\/zonacaral.gob.pe\/en\/noticias\/se-inicia-taller-de-musica-revalorizando-la-tradicion-musical-de-los-origenes-de-la-civilizacion\/#primaryimage","url":"https:\/\/zonacaral.gob.pe\/wp-content\/uploads\/2015\/09\/25-08-2015.jpg","contentUrl":"https:\/\/zonacaral.gob.pe\/wp-content\/uploads\/2015\/09\/25-08-2015.jpg","width":700,"height":363},{"@type":"BreadcrumbList","@id":"https:\/\/zonacaral.gob.pe\/en\/noticias\/se-inicia-taller-de-musica-revalorizando-la-tradicion-musical-de-los-origenes-de-la-civilizacion\/#breadcrumb","itemListElement":[{"@type":"ListItem","position":1,"name":"Portada","item":"https:\/\/zonacaral.gob.pe\/"},{"@type":"ListItem","position":2,"name":"Se inicia taller de m\u00fasica, \u201cRevalorizando la Tradici\u00f3n Musical de los Or\u00edgenes de la Civilizaci\u00f3n\u201d"}]},{"@type":"WebSite","@id":"https:\/\/zonacaral.gob.pe\/es\/#website","url":"https:\/\/zonacaral.gob.pe\/es\/","name":"Zona Caral","description":"Investigamos, conservamos y difundimos el patrimonio cultural de la Civilizaci\u00f3n Caral, la m\u00e1s antigua de Am\u00e9rica.","potentialAction":[{"@type":"SearchAction","target":{"@type":"EntryPoint","urlTemplate":"https:\/\/zonacaral.gob.pe\/es\/?s={search_term_string}"},"query-input":{"@type":"PropertyValueSpecification","valueRequired":true,"valueName":"search_term_string"}}],"inLanguage":"es-PE"},{"@type":"Person","@id":"https:\/\/zonacaral.gob.pe\/es\/#\/schema\/person\/beddb4d22f71a7230c5b90913270a0ee","name":"Zona Caral Administrador","image":{"@type":"ImageObject","inLanguage":"es-PE","@id":"https:\/\/secure.gravatar.com\/avatar\/e4be162918a696358376de6446614e0f0f4062bdc5d170d6d540ada3d8b58c12?s=96&d=mm&r=g","url":"https:\/\/secure.gravatar.com\/avatar\/e4be162918a696358376de6446614e0f0f4062bdc5d170d6d540ada3d8b58c12?s=96&d=mm&r=g","contentUrl":"https:\/\/secure.gravatar.com\/avatar\/e4be162918a696358376de6446614e0f0f4062bdc5d170d6d540ada3d8b58c12?s=96&d=mm&r=g","caption":"Zona Caral Administrador"},"sameAs":["https:\/\/zonacaral.gob.pe"],"url":"https:\/\/zonacaral.gob.pe\/es\/noticias\/author\/ad_zonacaral\/"}]}},"_links":{"self":[{"href":"https:\/\/zonacaral.gob.pe\/es\/wp-json\/wp\/v2\/posts\/9894","targetHints":{"allow":["GET"]}}],"collection":[{"href":"https:\/\/zonacaral.gob.pe\/es\/wp-json\/wp\/v2\/posts"}],"about":[{"href":"https:\/\/zonacaral.gob.pe\/es\/wp-json\/wp\/v2\/types\/post"}],"author":[{"embeddable":true,"href":"https:\/\/zonacaral.gob.pe\/es\/wp-json\/wp\/v2\/users\/1"}],"replies":[{"embeddable":true,"href":"https:\/\/zonacaral.gob.pe\/es\/wp-json\/wp\/v2\/comments?post=9894"}],"version-history":[{"count":0,"href":"https:\/\/zonacaral.gob.pe\/es\/wp-json\/wp\/v2\/posts\/9894\/revisions"}],"wp:featuredmedia":[{"embeddable":true,"href":"https:\/\/zonacaral.gob.pe\/es\/wp-json\/wp\/v2\/media\/9895"}],"wp:attachment":[{"href":"https:\/\/zonacaral.gob.pe\/es\/wp-json\/wp\/v2\/media?parent=9894"}],"wp:term":[{"taxonomy":"category","embeddable":true,"href":"https:\/\/zonacaral.gob.pe\/es\/wp-json\/wp\/v2\/categories?post=9894"},{"taxonomy":"post_tag","embeddable":true,"href":"https:\/\/zonacaral.gob.pe\/es\/wp-json\/wp\/v2\/tags?post=9894"}],"curies":[{"name":"wp","href":"https:\/\/api.w.org\/{rel}","templated":true}]}}