{"id":9899,"date":"2015-08-20T14:08:32","date_gmt":"2015-08-20T19:08:32","guid":{"rendered":"http:\/\/www.zonacaral.gob.pe\/?p=9899"},"modified":"2015-08-20T14:08:32","modified_gmt":"2015-08-20T19:08:32","slug":"narrando-nuestro-pasado-desde-caral-hasta-los-incas","status":"publish","type":"post","link":"https:\/\/zonacaral.gob.pe\/es\/noticias\/narrando-nuestro-pasado-desde-caral-hasta-los-incas\/","title":{"rendered":"Narrando nuestro pasado, desde Caral hasta los Incas"},"content":{"rendered":"<blockquote>\n<p style=\"color: #272727;\">Inkariy: escenas del Per\u00fa precolombino<\/p>\n<\/blockquote>\n<p>Bajo la protecci\u00f3n del Apu Pitusiray, en la v\u00eda que conecta Calca con Urubamba, una gran escultura inspirada en el Se\u00f1or de los B\u00e1culos impone respeto. Simboliza el Inkariy, personaje m\u00edtico que la tradici\u00f3n oral andina se ha encargado de preservar y que hoy se yergue como \u00edcono de una apuesta museogr\u00e1fica en pleno Valle Sagrado.<\/p>\n<p>El proyecto \u2013bautizado Museo Inkariy, y cuya licencia como tal est\u00e1 a\u00fan en v\u00edas de aprobaci\u00f3n\u2013 lleva el apellido M\u00e9rida estampado, pues ha sido emprendido por los descendientes de Edilberto M\u00e9rida Rodr\u00edguez (1927-2009), el artista cusque\u00f1o que, junto a su hijo \u00c9dgar, desarroll\u00f3 por cinco d\u00e9cadas una corriente de arte indigenista que, modelando el barro, cre\u00f3 esos personajes de cabeza, manos y pies exagerados, casi burdos, aunque cargados de protesta, incluso dolor.<br \/>\nPero hoy es otro el discurso que comparte la imaginer\u00eda creada por la tercera generaci\u00f3n de esta familia de artistas cusque\u00f1os, en su b\u00fasqueda por revalorar la riqueza de un pasado que debe su grandeza no solo al imperio incaico, sino a las culturas que lo antecedieron.<\/p>\n<h2>MUSEO URGENTE<\/h2>\n<p>Edilberto M\u00e9rida Pilares es el mayor de los hijos de \u00c9dgar, y aunque su formaci\u00f3n art\u00edstica le ha permitido ejecutar el arte ceramista de la familia, trabaja m\u00e1s en proyectos de implementaci\u00f3n de museos y galer\u00edas en el Per\u00fa y el extranjero, adem\u00e1s de cine y publicidad. Conocer experiencias for\u00e1neas lo anim\u00f3 a idear junto con su familia un proyecto que ayude a un mejor conocimiento de nuestra historia precolombina.<\/p>\n<p>\u201cComo artistas, como cusque\u00f1os, vimos que faltaba esto en Cusco, siendo capital cultural de Am\u00e9rica y el centro arqueol\u00f3gico m\u00e1s importante de la regi\u00f3n\u201d, nos dice Edilberto, quien junto a su padre y sus hermanos Miguel, William y Paloma trabajaron una maqueta en 3D, cuando ni recursos ten\u00edan para levantar su sue\u00f1o. Con el tiempo, y viendo que ninguna entidad p\u00fablica podr\u00eda comprometerse con este proyecto, decidieron ejecutarlo ellos mismos. Vendieron todo lo que ten\u00edan en Lima y se mudaron a Calca, en el Valle Sagrado.<\/p>\n<h2>MIRADA PANOR\u00c1MICA<\/h2>\n<p>Cinco a\u00f1os le tom\u00f3 a los M\u00e9rida trabajar las 120 figuras de tama\u00f1o natural, hechas en barro y vaciadas en fibra de vidrio, que el visitante encuentra en las ocho salas dedicadas a las culturas\u00a0<strong>Caral, Chav\u00edn, Paracas, Mochica, Nazca, Wari, Lambayeque-Chim\u00fa, hasta llegar al imperio Inca.<\/strong>\u00a0Cada sala est\u00e1 dividida en dos ambientes: en uno se exhiben reproducciones que dan una breve introducci\u00f3n a la cultura; en otro, figuras de apariencia muy natural sirven para escenificar un momento que guarda perfecta relaci\u00f3n con lo anteriormente visto.<\/p>\n<p>Bruno Alva fue uno de los responsables de este montaje, que considera como la experiencia m\u00e1s importante de su carrera. El joven muse\u00f3grafo \u2013que tambi\u00e9n trabaj\u00f3 la remodelaci\u00f3n del Museo Amano\u2013 nos cuenta que el Proyecto Museo Inkariy fue un trabajo en equipo que tom\u00f3 poco m\u00e1s de un a\u00f1o, desde conceptualizar el tema arqueol\u00f3gico, el planeamiento y dise\u00f1o de recorrido general, la construcci\u00f3n de estructuras y definir personajes y vestimenta, m\u00e1s otro tanto dedicado a la gr\u00e1fica, que estuvo a cargo de Arturo Higa. No obstante, los M\u00e9rida consideran que Inkariy vio la luz despu\u00e9s de una d\u00e9cada de trabajo.<\/p>\n<p>Fuente:\u00a0<span style=\"color: #800000;\">(<a href=\"http:\/\/elcomercio.pe\/luces\/arte\/inkariy-escenas-peru-precolombino-noticia-1834133\"><span style=\"color: #800000;\">El Comercio<\/span><\/a>)<\/span><\/p>\n<p style=\"color: #000000;\">Fecha de publicaci\u00f3n: 19\/08\/2015<\/p>\n","protected":false},"excerpt":{"rendered":"<p>Inkariy: escenas del Per\u00fa precolombino Bajo la protecci\u00f3n del Apu Pitusiray, en la v\u00eda que conecta Calca con Urubamba, una [&hellip;]<\/p>\n","protected":false},"author":1,"featured_media":9900,"comment_status":"closed","ping_status":"open","sticky":false,"template":"","format":"standard","meta":{"_acf_changed":false,"site-sidebar-layout":"default","site-content-layout":"","ast-site-content-layout":"default","site-content-style":"default","site-sidebar-style":"default","ast-global-header-display":"","ast-banner-title-visibility":"","ast-main-header-display":"","ast-hfb-above-header-display":"","ast-hfb-below-header-display":"","ast-hfb-mobile-header-display":"","site-post-title":"","ast-breadcrumbs-content":"","ast-featured-img":"","footer-sml-layout":"","ast-disable-related-posts":"","theme-transparent-header-meta":"","adv-header-id-meta":"","stick-header-meta":"","header-above-stick-meta":"","header-main-stick-meta":"","header-below-stick-meta":"","astra-migrate-meta-layouts":"default","ast-page-background-enabled":"default","ast-page-background-meta":{"desktop":{"background-color":"var(--ast-global-color-5)","background-image":"","background-repeat":"repeat","background-position":"center center","background-size":"auto","background-attachment":"scroll","background-type":"","background-media":"","overlay-type":"","overlay-color":"","overlay-opacity":"","overlay-gradient":""},"tablet":{"background-color":"","background-image":"","background-repeat":"repeat","background-position":"center center","background-size":"auto","background-attachment":"scroll","background-type":"","background-media":"","overlay-type":"","overlay-color":"","overlay-opacity":"","overlay-gradient":""},"mobile":{"background-color":"","background-image":"","background-repeat":"repeat","background-position":"center center","background-size":"auto","background-attachment":"scroll","background-type":"","background-media":"","overlay-type":"","overlay-color":"","overlay-opacity":"","overlay-gradient":""}},"ast-content-background-meta":{"desktop":{"background-color":"var(--ast-global-color-4)","background-image":"","background-repeat":"repeat","background-position":"center center","background-size":"auto","background-attachment":"scroll","background-type":"","background-media":"","overlay-type":"","overlay-color":"","overlay-opacity":"","overlay-gradient":""},"tablet":{"background-color":"var(--ast-global-color-4)","background-image":"","background-repeat":"repeat","background-position":"center center","background-size":"auto","background-attachment":"scroll","background-type":"","background-media":"","overlay-type":"","overlay-color":"","overlay-opacity":"","overlay-gradient":""},"mobile":{"background-color":"var(--ast-global-color-4)","background-image":"","background-repeat":"repeat","background-position":"center center","background-size":"auto","background-attachment":"scroll","background-type":"","background-media":"","overlay-type":"","overlay-color":"","overlay-opacity":"","overlay-gradient":""}},"footnotes":""},"categories":[208],"tags":[55,99,100],"class_list":["post-9899","post","type-post","status-publish","format-standard","has-post-thumbnail","hentry","category-noticias","tag-caral","tag-inkariy","tag-museo"],"acf":[],"yoast_head":"<!-- This site is optimized with the Yoast SEO plugin v27.3 - https:\/\/yoast.com\/product\/yoast-seo-wordpress\/ -->\n<title>Narrando nuestro pasado, desde Caral hasta los Incas<\/title>\n<meta name=\"description\" content=\"El proyecto bautizado Museo Inkariy, y cuya licencia como tal est\u00e1 a\u00fan en v\u00edas de aprobaci\u00f3n\u2013 lleva el apellido M\u00e9rida estampado, pues ha sido emprendido por los descendientes de Edilberto M\u00e9rida Rodr\u00edguez\" \/>\n<meta name=\"robots\" content=\"index, follow, max-snippet:-1, max-image-preview:large, max-video-preview:-1\" \/>\n<link rel=\"canonical\" href=\"https:\/\/zonacaral.gob.pe\/es\/noticias\/narrando-nuestro-pasado-desde-caral-hasta-los-incas\/\" \/>\n<meta property=\"og:locale\" content=\"es_ES\" \/>\n<meta property=\"og:type\" content=\"article\" \/>\n<meta property=\"og:title\" content=\"Narrando nuestro pasado, desde Caral hasta los Incas\" \/>\n<meta property=\"og:description\" content=\"El proyecto bautizado Museo Inkariy, y cuya licencia como tal est\u00e1 a\u00fan en v\u00edas de aprobaci\u00f3n\u2013 lleva el apellido M\u00e9rida estampado, pues ha sido emprendido por los descendientes de Edilberto M\u00e9rida Rodr\u00edguez\" \/>\n<meta property=\"og:url\" content=\"https:\/\/zonacaral.gob.pe\/es\/noticias\/narrando-nuestro-pasado-desde-caral-hasta-los-incas\/\" \/>\n<meta property=\"og:site_name\" content=\"Zona Caral\" \/>\n<meta property=\"article:published_time\" content=\"2015-08-20T19:08:32+00:00\" \/>\n<meta property=\"og:image\" content=\"https:\/\/zonacaral.gob.pe\/wp-content\/uploads\/2015\/09\/inkarry.jpg\" \/>\n\t<meta property=\"og:image:width\" content=\"1100\" \/>\n\t<meta property=\"og:image:height\" content=\"700\" \/>\n\t<meta property=\"og:image:type\" content=\"image\/jpeg\" \/>\n<meta name=\"author\" content=\"Zona Caral Administrador\" \/>\n<meta name=\"twitter:card\" content=\"summary_large_image\" \/>\n<meta name=\"twitter:label1\" content=\"Written by\" \/>\n\t<meta name=\"twitter:data1\" content=\"Zona Caral Administrador\" \/>\n\t<meta name=\"twitter:label2\" content=\"Est. reading time\" \/>\n\t<meta name=\"twitter:data2\" content=\"3 minutos\" \/>\n<script type=\"application\/ld+json\" class=\"yoast-schema-graph\">{\"@context\":\"https:\\\/\\\/schema.org\",\"@graph\":[{\"@type\":\"Article\",\"@id\":\"https:\\\/\\\/zonacaral.gob.pe\\\/en\\\/noticias\\\/narrando-nuestro-pasado-desde-caral-hasta-los-incas\\\/#article\",\"isPartOf\":{\"@id\":\"https:\\\/\\\/zonacaral.gob.pe\\\/en\\\/noticias\\\/narrando-nuestro-pasado-desde-caral-hasta-los-incas\\\/\"},\"author\":{\"name\":\"Zona Caral Administrador\",\"@id\":\"https:\\\/\\\/zonacaral.gob.pe\\\/es\\\/#\\\/schema\\\/person\\\/beddb4d22f71a7230c5b90913270a0ee\"},\"headline\":\"Narrando nuestro pasado, desde Caral hasta los Incas\",\"datePublished\":\"2015-08-20T19:08:32+00:00\",\"mainEntityOfPage\":{\"@id\":\"https:\\\/\\\/zonacaral.gob.pe\\\/en\\\/noticias\\\/narrando-nuestro-pasado-desde-caral-hasta-los-incas\\\/\"},\"wordCount\":600,\"image\":{\"@id\":\"https:\\\/\\\/zonacaral.gob.pe\\\/en\\\/noticias\\\/narrando-nuestro-pasado-desde-caral-hasta-los-incas\\\/#primaryimage\"},\"thumbnailUrl\":\"https:\\\/\\\/zonacaral.gob.pe\\\/wp-content\\\/uploads\\\/2015\\\/09\\\/inkarry.jpg\",\"keywords\":[\"caral\",\"inkariy\",\"museo\"],\"articleSection\":[\"noticias\"],\"inLanguage\":\"es-PE\"},{\"@type\":\"WebPage\",\"@id\":\"https:\\\/\\\/zonacaral.gob.pe\\\/en\\\/noticias\\\/narrando-nuestro-pasado-desde-caral-hasta-los-incas\\\/\",\"url\":\"https:\\\/\\\/zonacaral.gob.pe\\\/en\\\/noticias\\\/narrando-nuestro-pasado-desde-caral-hasta-los-incas\\\/\",\"name\":\"Narrando nuestro pasado, desde Caral hasta los Incas\",\"isPartOf\":{\"@id\":\"https:\\\/\\\/zonacaral.gob.pe\\\/es\\\/#website\"},\"primaryImageOfPage\":{\"@id\":\"https:\\\/\\\/zonacaral.gob.pe\\\/en\\\/noticias\\\/narrando-nuestro-pasado-desde-caral-hasta-los-incas\\\/#primaryimage\"},\"image\":{\"@id\":\"https:\\\/\\\/zonacaral.gob.pe\\\/en\\\/noticias\\\/narrando-nuestro-pasado-desde-caral-hasta-los-incas\\\/#primaryimage\"},\"thumbnailUrl\":\"https:\\\/\\\/zonacaral.gob.pe\\\/wp-content\\\/uploads\\\/2015\\\/09\\\/inkarry.jpg\",\"datePublished\":\"2015-08-20T19:08:32+00:00\",\"author\":{\"@id\":\"https:\\\/\\\/zonacaral.gob.pe\\\/es\\\/#\\\/schema\\\/person\\\/beddb4d22f71a7230c5b90913270a0ee\"},\"description\":\"El proyecto bautizado Museo Inkariy, y cuya licencia como tal est\u00e1 a\u00fan en v\u00edas de aprobaci\u00f3n\u2013 lleva el apellido M\u00e9rida estampado, pues ha sido emprendido por los descendientes de Edilberto M\u00e9rida Rodr\u00edguez\",\"breadcrumb\":{\"@id\":\"https:\\\/\\\/zonacaral.gob.pe\\\/en\\\/noticias\\\/narrando-nuestro-pasado-desde-caral-hasta-los-incas\\\/#breadcrumb\"},\"inLanguage\":\"es-PE\",\"potentialAction\":[{\"@type\":\"ReadAction\",\"target\":[\"https:\\\/\\\/zonacaral.gob.pe\\\/en\\\/noticias\\\/narrando-nuestro-pasado-desde-caral-hasta-los-incas\\\/\"]}]},{\"@type\":\"ImageObject\",\"inLanguage\":\"es-PE\",\"@id\":\"https:\\\/\\\/zonacaral.gob.pe\\\/en\\\/noticias\\\/narrando-nuestro-pasado-desde-caral-hasta-los-incas\\\/#primaryimage\",\"url\":\"https:\\\/\\\/zonacaral.gob.pe\\\/wp-content\\\/uploads\\\/2015\\\/09\\\/inkarry.jpg\",\"contentUrl\":\"https:\\\/\\\/zonacaral.gob.pe\\\/wp-content\\\/uploads\\\/2015\\\/09\\\/inkarry.jpg\",\"width\":1100,\"height\":700},{\"@type\":\"BreadcrumbList\",\"@id\":\"https:\\\/\\\/zonacaral.gob.pe\\\/en\\\/noticias\\\/narrando-nuestro-pasado-desde-caral-hasta-los-incas\\\/#breadcrumb\",\"itemListElement\":[{\"@type\":\"ListItem\",\"position\":1,\"name\":\"Portada\",\"item\":\"https:\\\/\\\/zonacaral.gob.pe\\\/\"},{\"@type\":\"ListItem\",\"position\":2,\"name\":\"Narrando nuestro pasado, desde Caral hasta los Incas\"}]},{\"@type\":\"WebSite\",\"@id\":\"https:\\\/\\\/zonacaral.gob.pe\\\/es\\\/#website\",\"url\":\"https:\\\/\\\/zonacaral.gob.pe\\\/es\\\/\",\"name\":\"Zona Caral\",\"description\":\"Investigamos, conservamos y difundimos el patrimonio cultural de la Civilizaci\u00f3n Caral, la m\u00e1s antigua de Am\u00e9rica.\",\"potentialAction\":[{\"@type\":\"SearchAction\",\"target\":{\"@type\":\"EntryPoint\",\"urlTemplate\":\"https:\\\/\\\/zonacaral.gob.pe\\\/es\\\/?s={search_term_string}\"},\"query-input\":{\"@type\":\"PropertyValueSpecification\",\"valueRequired\":true,\"valueName\":\"search_term_string\"}}],\"inLanguage\":\"es-PE\"},{\"@type\":\"Person\",\"@id\":\"https:\\\/\\\/zonacaral.gob.pe\\\/es\\\/#\\\/schema\\\/person\\\/beddb4d22f71a7230c5b90913270a0ee\",\"name\":\"Zona Caral Administrador\",\"image\":{\"@type\":\"ImageObject\",\"inLanguage\":\"es-PE\",\"@id\":\"https:\\\/\\\/secure.gravatar.com\\\/avatar\\\/e4be162918a696358376de6446614e0f0f4062bdc5d170d6d540ada3d8b58c12?s=96&d=mm&r=g\",\"url\":\"https:\\\/\\\/secure.gravatar.com\\\/avatar\\\/e4be162918a696358376de6446614e0f0f4062bdc5d170d6d540ada3d8b58c12?s=96&d=mm&r=g\",\"contentUrl\":\"https:\\\/\\\/secure.gravatar.com\\\/avatar\\\/e4be162918a696358376de6446614e0f0f4062bdc5d170d6d540ada3d8b58c12?s=96&d=mm&r=g\",\"caption\":\"Zona Caral Administrador\"},\"sameAs\":[\"https:\\\/\\\/zonacaral.gob.pe\"],\"url\":\"https:\\\/\\\/zonacaral.gob.pe\\\/es\\\/noticias\\\/author\\\/ad_zonacaral\\\/\"}]}<\/script>\n<!-- \/ Yoast SEO plugin. -->","yoast_head_json":{"title":"Narrando nuestro pasado, desde Caral hasta los Incas","description":"El proyecto bautizado Museo Inkariy, y cuya licencia como tal est\u00e1 a\u00fan en v\u00edas de aprobaci\u00f3n\u2013 lleva el apellido M\u00e9rida estampado, pues ha sido emprendido por los descendientes de Edilberto M\u00e9rida Rodr\u00edguez","robots":{"index":"index","follow":"follow","max-snippet":"max-snippet:-1","max-image-preview":"max-image-preview:large","max-video-preview":"max-video-preview:-1"},"canonical":"https:\/\/zonacaral.gob.pe\/es\/noticias\/narrando-nuestro-pasado-desde-caral-hasta-los-incas\/","og_locale":"es_ES","og_type":"article","og_title":"Narrando nuestro pasado, desde Caral hasta los Incas","og_description":"El proyecto bautizado Museo Inkariy, y cuya licencia como tal est\u00e1 a\u00fan en v\u00edas de aprobaci\u00f3n\u2013 lleva el apellido M\u00e9rida estampado, pues ha sido emprendido por los descendientes de Edilberto M\u00e9rida Rodr\u00edguez","og_url":"https:\/\/zonacaral.gob.pe\/es\/noticias\/narrando-nuestro-pasado-desde-caral-hasta-los-incas\/","og_site_name":"Zona Caral","article_published_time":"2015-08-20T19:08:32+00:00","og_image":[{"width":1100,"height":700,"url":"https:\/\/zonacaral.gob.pe\/wp-content\/uploads\/2015\/09\/inkarry.jpg","type":"image\/jpeg"}],"author":"Zona Caral Administrador","twitter_card":"summary_large_image","twitter_misc":{"Written by":"Zona Caral Administrador","Est. reading time":"3 minutos"},"schema":{"@context":"https:\/\/schema.org","@graph":[{"@type":"Article","@id":"https:\/\/zonacaral.gob.pe\/en\/noticias\/narrando-nuestro-pasado-desde-caral-hasta-los-incas\/#article","isPartOf":{"@id":"https:\/\/zonacaral.gob.pe\/en\/noticias\/narrando-nuestro-pasado-desde-caral-hasta-los-incas\/"},"author":{"name":"Zona Caral Administrador","@id":"https:\/\/zonacaral.gob.pe\/es\/#\/schema\/person\/beddb4d22f71a7230c5b90913270a0ee"},"headline":"Narrando nuestro pasado, desde Caral hasta los Incas","datePublished":"2015-08-20T19:08:32+00:00","mainEntityOfPage":{"@id":"https:\/\/zonacaral.gob.pe\/en\/noticias\/narrando-nuestro-pasado-desde-caral-hasta-los-incas\/"},"wordCount":600,"image":{"@id":"https:\/\/zonacaral.gob.pe\/en\/noticias\/narrando-nuestro-pasado-desde-caral-hasta-los-incas\/#primaryimage"},"thumbnailUrl":"https:\/\/zonacaral.gob.pe\/wp-content\/uploads\/2015\/09\/inkarry.jpg","keywords":["caral","inkariy","museo"],"articleSection":["noticias"],"inLanguage":"es-PE"},{"@type":"WebPage","@id":"https:\/\/zonacaral.gob.pe\/en\/noticias\/narrando-nuestro-pasado-desde-caral-hasta-los-incas\/","url":"https:\/\/zonacaral.gob.pe\/en\/noticias\/narrando-nuestro-pasado-desde-caral-hasta-los-incas\/","name":"Narrando nuestro pasado, desde Caral hasta los Incas","isPartOf":{"@id":"https:\/\/zonacaral.gob.pe\/es\/#website"},"primaryImageOfPage":{"@id":"https:\/\/zonacaral.gob.pe\/en\/noticias\/narrando-nuestro-pasado-desde-caral-hasta-los-incas\/#primaryimage"},"image":{"@id":"https:\/\/zonacaral.gob.pe\/en\/noticias\/narrando-nuestro-pasado-desde-caral-hasta-los-incas\/#primaryimage"},"thumbnailUrl":"https:\/\/zonacaral.gob.pe\/wp-content\/uploads\/2015\/09\/inkarry.jpg","datePublished":"2015-08-20T19:08:32+00:00","author":{"@id":"https:\/\/zonacaral.gob.pe\/es\/#\/schema\/person\/beddb4d22f71a7230c5b90913270a0ee"},"description":"El proyecto bautizado Museo Inkariy, y cuya licencia como tal est\u00e1 a\u00fan en v\u00edas de aprobaci\u00f3n\u2013 lleva el apellido M\u00e9rida estampado, pues ha sido emprendido por los descendientes de Edilberto M\u00e9rida Rodr\u00edguez","breadcrumb":{"@id":"https:\/\/zonacaral.gob.pe\/en\/noticias\/narrando-nuestro-pasado-desde-caral-hasta-los-incas\/#breadcrumb"},"inLanguage":"es-PE","potentialAction":[{"@type":"ReadAction","target":["https:\/\/zonacaral.gob.pe\/en\/noticias\/narrando-nuestro-pasado-desde-caral-hasta-los-incas\/"]}]},{"@type":"ImageObject","inLanguage":"es-PE","@id":"https:\/\/zonacaral.gob.pe\/en\/noticias\/narrando-nuestro-pasado-desde-caral-hasta-los-incas\/#primaryimage","url":"https:\/\/zonacaral.gob.pe\/wp-content\/uploads\/2015\/09\/inkarry.jpg","contentUrl":"https:\/\/zonacaral.gob.pe\/wp-content\/uploads\/2015\/09\/inkarry.jpg","width":1100,"height":700},{"@type":"BreadcrumbList","@id":"https:\/\/zonacaral.gob.pe\/en\/noticias\/narrando-nuestro-pasado-desde-caral-hasta-los-incas\/#breadcrumb","itemListElement":[{"@type":"ListItem","position":1,"name":"Portada","item":"https:\/\/zonacaral.gob.pe\/"},{"@type":"ListItem","position":2,"name":"Narrando nuestro pasado, desde Caral hasta los Incas"}]},{"@type":"WebSite","@id":"https:\/\/zonacaral.gob.pe\/es\/#website","url":"https:\/\/zonacaral.gob.pe\/es\/","name":"Zona Caral","description":"Investigamos, conservamos y difundimos el patrimonio cultural de la Civilizaci\u00f3n Caral, la m\u00e1s antigua de Am\u00e9rica.","potentialAction":[{"@type":"SearchAction","target":{"@type":"EntryPoint","urlTemplate":"https:\/\/zonacaral.gob.pe\/es\/?s={search_term_string}"},"query-input":{"@type":"PropertyValueSpecification","valueRequired":true,"valueName":"search_term_string"}}],"inLanguage":"es-PE"},{"@type":"Person","@id":"https:\/\/zonacaral.gob.pe\/es\/#\/schema\/person\/beddb4d22f71a7230c5b90913270a0ee","name":"Zona Caral Administrador","image":{"@type":"ImageObject","inLanguage":"es-PE","@id":"https:\/\/secure.gravatar.com\/avatar\/e4be162918a696358376de6446614e0f0f4062bdc5d170d6d540ada3d8b58c12?s=96&d=mm&r=g","url":"https:\/\/secure.gravatar.com\/avatar\/e4be162918a696358376de6446614e0f0f4062bdc5d170d6d540ada3d8b58c12?s=96&d=mm&r=g","contentUrl":"https:\/\/secure.gravatar.com\/avatar\/e4be162918a696358376de6446614e0f0f4062bdc5d170d6d540ada3d8b58c12?s=96&d=mm&r=g","caption":"Zona Caral Administrador"},"sameAs":["https:\/\/zonacaral.gob.pe"],"url":"https:\/\/zonacaral.gob.pe\/es\/noticias\/author\/ad_zonacaral\/"}]}},"_links":{"self":[{"href":"https:\/\/zonacaral.gob.pe\/es\/wp-json\/wp\/v2\/posts\/9899","targetHints":{"allow":["GET"]}}],"collection":[{"href":"https:\/\/zonacaral.gob.pe\/es\/wp-json\/wp\/v2\/posts"}],"about":[{"href":"https:\/\/zonacaral.gob.pe\/es\/wp-json\/wp\/v2\/types\/post"}],"author":[{"embeddable":true,"href":"https:\/\/zonacaral.gob.pe\/es\/wp-json\/wp\/v2\/users\/1"}],"replies":[{"embeddable":true,"href":"https:\/\/zonacaral.gob.pe\/es\/wp-json\/wp\/v2\/comments?post=9899"}],"version-history":[{"count":0,"href":"https:\/\/zonacaral.gob.pe\/es\/wp-json\/wp\/v2\/posts\/9899\/revisions"}],"wp:featuredmedia":[{"embeddable":true,"href":"https:\/\/zonacaral.gob.pe\/es\/wp-json\/wp\/v2\/media\/9900"}],"wp:attachment":[{"href":"https:\/\/zonacaral.gob.pe\/es\/wp-json\/wp\/v2\/media?parent=9899"}],"wp:term":[{"taxonomy":"category","embeddable":true,"href":"https:\/\/zonacaral.gob.pe\/es\/wp-json\/wp\/v2\/categories?post=9899"},{"taxonomy":"post_tag","embeddable":true,"href":"https:\/\/zonacaral.gob.pe\/es\/wp-json\/wp\/v2\/tags?post=9899"}],"curies":[{"name":"wp","href":"https:\/\/api.w.org\/{rel}","templated":true}]}}