{"id":9931,"date":"2015-09-21T09:26:12","date_gmt":"2015-09-21T14:26:12","guid":{"rendered":"http:\/\/www.zonacaral.gob.pe\/?p=9931"},"modified":"2015-09-21T09:26:12","modified_gmt":"2015-09-21T14:26:12","slug":"el-legado-del-desierto","status":"publish","type":"post","link":"https:\/\/zonacaral.gob.pe\/es\/noticias\/el-legado-del-desierto\/","title":{"rendered":"El legado del desierto"},"content":{"rendered":"<figure class=\"pic-autor\" style=\"color: #4d4d4d;\"><\/figure>\n<blockquote>\n<p style=\"color: #272727; text-align: justify;\"><span style=\"color: #1f1f1f;\">A partir de hoy, La Rep\u00fablica lanza la colecci\u00f3n \u2018Culturas antiguas del Per\u00fa\u2019. Para esta primera entrega conversamos con la arque\u00f3loga Ruth Shady, la descubridora y guardiana de la ciudadela de Caral, la civilizaci\u00f3n m\u00e1s antigua del Per\u00fa y Am\u00e9rica.<\/span><\/p>\n<\/blockquote>\n<p style=\"color: #272727; text-align: justify;\">Hace casi 21 a\u00f1os, una arque\u00f3loga, hija de un agr\u00f3nomo nacido en Praga -que cambi\u00f3 su apellido para escapar de la Segunda Guerra Mundial- y una lime\u00f1a, revolucion\u00f3 la historia, con un par de rasquetas, y un equipo de cuatro estudiantes universitarios.<\/p>\n<p style=\"text-align: justify;\">\u00c9pocas donde el Valle de Supe era un para\u00edso inexplorado y la carretera, un terral inaccesible. Tampoco hab\u00eda luz, agua ni desag\u00fce. Impulsada por sus pasiones, Shady acampaba donde la cogiera la noche para continuar con sus investigaciones.<\/p>\n<p style=\"text-align: justify;\">Fueron a\u00f1os de tenacidad donde confiesa haber sufrido m\u00e1s de un rechazo por su condici\u00f3n de mujer.<\/p>\n<p style=\"text-align: justify;\">En 1997, con &#8216;La ciudad Sagrada de Caral-Supe en los albores de la civilizaci\u00f3n en el Per\u00fa&#8217;, Shady sustent\u00f3 lo que luego ser\u00eda un hito mundial: que Caral -182 kil\u00f3metros al norte de Lima, 23 km del litoral y a 350 msnm- y una antig\u00fcedad de cinco mil a\u00f1os es la civilizaci\u00f3n m\u00e1s antigua del Per\u00fa (en ese momento era Chav\u00edn) y Am\u00e9rica. A\u00f1os despu\u00e9s, en el 2009, ser\u00eda elevada a Patrimonio Mundial de la Unesco.<\/p>\n<h2 style=\"color: #272727; text-align: justify;\">Contra todo<\/h2>\n<p style=\"color: #272727; text-align: justify;\">Un punto rojizo a la altura del coraz\u00f3n es el doloroso s\u00edmbolo de lucha que Shady lleva en el cuerpo. Una ma\u00f1ana del 2002, mientras viajaba en una camioneta junto a un par de estudiantes para pagarle a sus trabajadores, dos encapuchados la sorprendieron en el desv\u00edo de V\u00e9gueta. El chofer apret\u00f3 el acelerador, salt\u00f3 las piedras; sin embargo, comenzaron a disparar. \u00c9l sufri\u00f3 una herida en la pierna y ella en el pecho.<\/p>\n<p style=\"text-align: justify;\">Lleg\u00f3 al hospital de Barranca, con la ropa ensangrentada. Buscaron la bala, mediante radiograf\u00edas, pero nunca la encontraron. Al a\u00f1o siguiente le aparecieron tumores. Pero no la mataron. No era su hora, incre\u00edblemente.<\/p>\n<p style=\"text-align: justify;\">En mayo pasado, &#8216;Paloma&#8217;, perra guardiana de Caral, apareci\u00f3 ahorcada. Fue un aviso, debido a las denuncias que Shady hizo contra los traficantes de tierras que quieren ingresar a la zona.<br \/>\nPor eso, cada vez que la arqu\u00e9ologa quiere entrar al valle pide resguardo policial. No se lo dan siempre, a pesar de las amenazas. La ciudadela es custodiada por un solo vigilante al que no relevan de inmediato y, por ende, hay horas sin protecci\u00f3n alguna.<\/p>\n<p style=\"text-align: justify;\">\u00abTe soy franca: tengo miedo. Pero contin\u00fao porque vivo enamorada de Caral, y no quiero desanimar a mis alumnos universitarios\u00bb, dice.<\/p>\n<h2 style=\"color: #272727; text-align: justify;\">Presente y futuro<\/h2>\n<p style=\"color: #272727; text-align: justify;\">Ese amor genuino la llev\u00f3 a dise\u00f1ar un Plan Maestro en Caral, no solo enfocado en la parte hist\u00f3rica sino en la social, vinculando al entorno para que el poblador se sienta identificado y orgulloso.<\/p>\n<p style=\"text-align: justify;\">Fruto de ello, son sus proyectos con los agricultores de la zona, destacando el cultivo de algod\u00f3n de colores, y las pr\u00e1cticas ancestrales de tejido como palito de crochet y telar de cintura.<br \/>\n\u00abEstoy convencida de que el patrimonio cultural es motor de desarrollo. Ya es hora que de que aprovechemos la riqueza a lo largo y ancho del pa\u00eds\u00bb.<\/p>\n<p style=\"text-align: justify;\">Este 23 y 24 de octubre se celebrar\u00e1 el 21 aniversario del descubrimiento de Caral, con el ritual tradicional de pago a la tierra. Que la llama no se apague nunca.<\/p>\n<p>Fuente: (<a href=\"http:\/\/larepublica.pe\/impresa\/sociedad\/704579-el-legado-del-desierto\" target=\"_blank\">La Rep\u00fablica<\/a><span style=\"color: #800000;\">)<\/span><\/p>\n<p style=\"color: #000000;\">Fecha de publicaci\u00f3n: 20\/09\/2015<\/p>\n","protected":false},"excerpt":{"rendered":"<p>A partir de hoy, La Rep\u00fablica lanza la colecci\u00f3n \u2018Culturas antiguas del Per\u00fa\u2019. Para esta primera entrega conversamos con la [&hellip;]<\/p>\n","protected":false},"author":1,"featured_media":9933,"comment_status":"closed","ping_status":"open","sticky":false,"template":"","format":"standard","meta":{"_acf_changed":false,"site-sidebar-layout":"default","site-content-layout":"","ast-site-content-layout":"default","site-content-style":"default","site-sidebar-style":"default","ast-global-header-display":"","ast-banner-title-visibility":"","ast-main-header-display":"","ast-hfb-above-header-display":"","ast-hfb-below-header-display":"","ast-hfb-mobile-header-display":"","site-post-title":"","ast-breadcrumbs-content":"","ast-featured-img":"","footer-sml-layout":"","ast-disable-related-posts":"","theme-transparent-header-meta":"","adv-header-id-meta":"","stick-header-meta":"","header-above-stick-meta":"","header-main-stick-meta":"","header-below-stick-meta":"","astra-migrate-meta-layouts":"default","ast-page-background-enabled":"default","ast-page-background-meta":{"desktop":{"background-color":"var(--ast-global-color-5)","background-image":"","background-repeat":"repeat","background-position":"center center","background-size":"auto","background-attachment":"scroll","background-type":"","background-media":"","overlay-type":"","overlay-color":"","overlay-opacity":"","overlay-gradient":""},"tablet":{"background-color":"","background-image":"","background-repeat":"repeat","background-position":"center center","background-size":"auto","background-attachment":"scroll","background-type":"","background-media":"","overlay-type":"","overlay-color":"","overlay-opacity":"","overlay-gradient":""},"mobile":{"background-color":"","background-image":"","background-repeat":"repeat","background-position":"center center","background-size":"auto","background-attachment":"scroll","background-type":"","background-media":"","overlay-type":"","overlay-color":"","overlay-opacity":"","overlay-gradient":""}},"ast-content-background-meta":{"desktop":{"background-color":"var(--ast-global-color-4)","background-image":"","background-repeat":"repeat","background-position":"center center","background-size":"auto","background-attachment":"scroll","background-type":"","background-media":"","overlay-type":"","overlay-color":"","overlay-opacity":"","overlay-gradient":""},"tablet":{"background-color":"var(--ast-global-color-4)","background-image":"","background-repeat":"repeat","background-position":"center center","background-size":"auto","background-attachment":"scroll","background-type":"","background-media":"","overlay-type":"","overlay-color":"","overlay-opacity":"","overlay-gradient":""},"mobile":{"background-color":"var(--ast-global-color-4)","background-image":"","background-repeat":"repeat","background-position":"center center","background-size":"auto","background-attachment":"scroll","background-type":"","background-media":"","overlay-type":"","overlay-color":"","overlay-opacity":"","overlay-gradient":""}},"footnotes":""},"categories":[208],"tags":[54,55,101,82],"class_list":["post-9931","post","type-post","status-publish","format-standard","has-post-thumbnail","hentry","category-noticias","tag-aniversario","tag-caral","tag-ianas","tag-ruth-shady"],"acf":[],"yoast_head":"<!-- This site is optimized with the Yoast SEO plugin v27.3 - https:\/\/yoast.com\/product\/yoast-seo-wordpress\/ -->\n<title>El legado del desierto. Caral y Ruth Shady Sol\u00eds<\/title>\n<meta name=\"description\" content=\"Hace casi 21 a\u00f1os, una arque\u00f3loga, hija de un agr\u00f3nomo nacido en Praga -que cambi\u00f3 su apellido para escapar de la Segunda Guerra Mundial- y una lime\u00f1a, revolucion\u00f3 la historia, con un par de rasquetas, y un equipo de cuatro estudiantes universitarios.\" \/>\n<meta name=\"robots\" content=\"index, follow, max-snippet:-1, max-image-preview:large, max-video-preview:-1\" \/>\n<link rel=\"canonical\" href=\"https:\/\/zonacaral.gob.pe\/es\/noticias\/el-legado-del-desierto\/\" \/>\n<meta property=\"og:locale\" content=\"es_ES\" \/>\n<meta property=\"og:type\" content=\"article\" \/>\n<meta property=\"og:title\" content=\"El legado del desierto. Caral y Ruth Shady Sol\u00eds\" \/>\n<meta property=\"og:description\" content=\"Hace casi 21 a\u00f1os, una arque\u00f3loga, hija de un agr\u00f3nomo nacido en Praga -que cambi\u00f3 su apellido para escapar de la Segunda Guerra Mundial- y una lime\u00f1a, revolucion\u00f3 la historia, con un par de rasquetas, y un equipo de cuatro estudiantes universitarios.\" \/>\n<meta property=\"og:url\" content=\"https:\/\/zonacaral.gob.pe\/es\/noticias\/el-legado-del-desierto\/\" \/>\n<meta property=\"og:site_name\" content=\"Zona Caral\" \/>\n<meta property=\"article:published_time\" content=\"2015-09-21T14:26:12+00:00\" \/>\n<meta property=\"og:image\" content=\"https:\/\/zonacaral.gob.pe\/wp-content\/uploads\/2015\/09\/la-republica-21-09-2015.jpg\" \/>\n\t<meta property=\"og:image:width\" content=\"620\" \/>\n\t<meta property=\"og:image:height\" content=\"369\" \/>\n\t<meta property=\"og:image:type\" content=\"image\/jpeg\" \/>\n<meta name=\"author\" content=\"Zona Caral Administrador\" \/>\n<meta name=\"twitter:card\" content=\"summary_large_image\" \/>\n<meta name=\"twitter:label1\" content=\"Written by\" \/>\n\t<meta name=\"twitter:data1\" content=\"Zona Caral Administrador\" \/>\n\t<meta name=\"twitter:label2\" content=\"Est. reading time\" \/>\n\t<meta name=\"twitter:data2\" content=\"3 minutos\" \/>\n<script type=\"application\/ld+json\" class=\"yoast-schema-graph\">{\"@context\":\"https:\\\/\\\/schema.org\",\"@graph\":[{\"@type\":\"Article\",\"@id\":\"https:\\\/\\\/zonacaral.gob.pe\\\/en\\\/noticias\\\/el-legado-del-desierto\\\/#article\",\"isPartOf\":{\"@id\":\"https:\\\/\\\/zonacaral.gob.pe\\\/en\\\/noticias\\\/el-legado-del-desierto\\\/\"},\"author\":{\"name\":\"Zona Caral Administrador\",\"@id\":\"https:\\\/\\\/zonacaral.gob.pe\\\/es\\\/#\\\/schema\\\/person\\\/beddb4d22f71a7230c5b90913270a0ee\"},\"headline\":\"El legado del desierto\",\"datePublished\":\"2015-09-21T14:26:12+00:00\",\"mainEntityOfPage\":{\"@id\":\"https:\\\/\\\/zonacaral.gob.pe\\\/en\\\/noticias\\\/el-legado-del-desierto\\\/\"},\"wordCount\":596,\"image\":{\"@id\":\"https:\\\/\\\/zonacaral.gob.pe\\\/en\\\/noticias\\\/el-legado-del-desierto\\\/#primaryimage\"},\"thumbnailUrl\":\"https:\\\/\\\/zonacaral.gob.pe\\\/wp-content\\\/uploads\\\/2015\\\/09\\\/la-republica-21-09-2015.jpg\",\"keywords\":[\"aniversario\",\"caral\",\"IANAS\",\"Ruth Shady\"],\"articleSection\":[\"noticias\"],\"inLanguage\":\"es-PE\"},{\"@type\":\"WebPage\",\"@id\":\"https:\\\/\\\/zonacaral.gob.pe\\\/en\\\/noticias\\\/el-legado-del-desierto\\\/\",\"url\":\"https:\\\/\\\/zonacaral.gob.pe\\\/en\\\/noticias\\\/el-legado-del-desierto\\\/\",\"name\":\"El legado del desierto. Caral y Ruth Shady Sol\u00eds\",\"isPartOf\":{\"@id\":\"https:\\\/\\\/zonacaral.gob.pe\\\/es\\\/#website\"},\"primaryImageOfPage\":{\"@id\":\"https:\\\/\\\/zonacaral.gob.pe\\\/en\\\/noticias\\\/el-legado-del-desierto\\\/#primaryimage\"},\"image\":{\"@id\":\"https:\\\/\\\/zonacaral.gob.pe\\\/en\\\/noticias\\\/el-legado-del-desierto\\\/#primaryimage\"},\"thumbnailUrl\":\"https:\\\/\\\/zonacaral.gob.pe\\\/wp-content\\\/uploads\\\/2015\\\/09\\\/la-republica-21-09-2015.jpg\",\"datePublished\":\"2015-09-21T14:26:12+00:00\",\"author\":{\"@id\":\"https:\\\/\\\/zonacaral.gob.pe\\\/es\\\/#\\\/schema\\\/person\\\/beddb4d22f71a7230c5b90913270a0ee\"},\"description\":\"Hace casi 21 a\u00f1os, una arque\u00f3loga, hija de un agr\u00f3nomo nacido en Praga -que cambi\u00f3 su apellido para escapar de la Segunda Guerra Mundial- y una lime\u00f1a, revolucion\u00f3 la historia, con un par de rasquetas, y un equipo de cuatro estudiantes universitarios.\",\"breadcrumb\":{\"@id\":\"https:\\\/\\\/zonacaral.gob.pe\\\/en\\\/noticias\\\/el-legado-del-desierto\\\/#breadcrumb\"},\"inLanguage\":\"es-PE\",\"potentialAction\":[{\"@type\":\"ReadAction\",\"target\":[\"https:\\\/\\\/zonacaral.gob.pe\\\/en\\\/noticias\\\/el-legado-del-desierto\\\/\"]}]},{\"@type\":\"ImageObject\",\"inLanguage\":\"es-PE\",\"@id\":\"https:\\\/\\\/zonacaral.gob.pe\\\/en\\\/noticias\\\/el-legado-del-desierto\\\/#primaryimage\",\"url\":\"https:\\\/\\\/zonacaral.gob.pe\\\/wp-content\\\/uploads\\\/2015\\\/09\\\/la-republica-21-09-2015.jpg\",\"contentUrl\":\"https:\\\/\\\/zonacaral.gob.pe\\\/wp-content\\\/uploads\\\/2015\\\/09\\\/la-republica-21-09-2015.jpg\",\"width\":620,\"height\":369},{\"@type\":\"BreadcrumbList\",\"@id\":\"https:\\\/\\\/zonacaral.gob.pe\\\/en\\\/noticias\\\/el-legado-del-desierto\\\/#breadcrumb\",\"itemListElement\":[{\"@type\":\"ListItem\",\"position\":1,\"name\":\"Portada\",\"item\":\"https:\\\/\\\/zonacaral.gob.pe\\\/\"},{\"@type\":\"ListItem\",\"position\":2,\"name\":\"El legado del desierto\"}]},{\"@type\":\"WebSite\",\"@id\":\"https:\\\/\\\/zonacaral.gob.pe\\\/es\\\/#website\",\"url\":\"https:\\\/\\\/zonacaral.gob.pe\\\/es\\\/\",\"name\":\"Zona Caral\",\"description\":\"Investigamos, conservamos y difundimos el patrimonio cultural de la Civilizaci\u00f3n Caral, la m\u00e1s antigua de Am\u00e9rica.\",\"potentialAction\":[{\"@type\":\"SearchAction\",\"target\":{\"@type\":\"EntryPoint\",\"urlTemplate\":\"https:\\\/\\\/zonacaral.gob.pe\\\/es\\\/?s={search_term_string}\"},\"query-input\":{\"@type\":\"PropertyValueSpecification\",\"valueRequired\":true,\"valueName\":\"search_term_string\"}}],\"inLanguage\":\"es-PE\"},{\"@type\":\"Person\",\"@id\":\"https:\\\/\\\/zonacaral.gob.pe\\\/es\\\/#\\\/schema\\\/person\\\/beddb4d22f71a7230c5b90913270a0ee\",\"name\":\"Zona Caral Administrador\",\"image\":{\"@type\":\"ImageObject\",\"inLanguage\":\"es-PE\",\"@id\":\"https:\\\/\\\/secure.gravatar.com\\\/avatar\\\/e4be162918a696358376de6446614e0f0f4062bdc5d170d6d540ada3d8b58c12?s=96&d=mm&r=g\",\"url\":\"https:\\\/\\\/secure.gravatar.com\\\/avatar\\\/e4be162918a696358376de6446614e0f0f4062bdc5d170d6d540ada3d8b58c12?s=96&d=mm&r=g\",\"contentUrl\":\"https:\\\/\\\/secure.gravatar.com\\\/avatar\\\/e4be162918a696358376de6446614e0f0f4062bdc5d170d6d540ada3d8b58c12?s=96&d=mm&r=g\",\"caption\":\"Zona Caral Administrador\"},\"sameAs\":[\"https:\\\/\\\/zonacaral.gob.pe\"],\"url\":\"https:\\\/\\\/zonacaral.gob.pe\\\/es\\\/noticias\\\/author\\\/ad_zonacaral\\\/\"}]}<\/script>\n<!-- \/ Yoast SEO plugin. -->","yoast_head_json":{"title":"El legado del desierto. Caral y Ruth Shady Sol\u00eds","description":"Hace casi 21 a\u00f1os, una arque\u00f3loga, hija de un agr\u00f3nomo nacido en Praga -que cambi\u00f3 su apellido para escapar de la Segunda Guerra Mundial- y una lime\u00f1a, revolucion\u00f3 la historia, con un par de rasquetas, y un equipo de cuatro estudiantes universitarios.","robots":{"index":"index","follow":"follow","max-snippet":"max-snippet:-1","max-image-preview":"max-image-preview:large","max-video-preview":"max-video-preview:-1"},"canonical":"https:\/\/zonacaral.gob.pe\/es\/noticias\/el-legado-del-desierto\/","og_locale":"es_ES","og_type":"article","og_title":"El legado del desierto. Caral y Ruth Shady Sol\u00eds","og_description":"Hace casi 21 a\u00f1os, una arque\u00f3loga, hija de un agr\u00f3nomo nacido en Praga -que cambi\u00f3 su apellido para escapar de la Segunda Guerra Mundial- y una lime\u00f1a, revolucion\u00f3 la historia, con un par de rasquetas, y un equipo de cuatro estudiantes universitarios.","og_url":"https:\/\/zonacaral.gob.pe\/es\/noticias\/el-legado-del-desierto\/","og_site_name":"Zona Caral","article_published_time":"2015-09-21T14:26:12+00:00","og_image":[{"width":620,"height":369,"url":"https:\/\/zonacaral.gob.pe\/wp-content\/uploads\/2015\/09\/la-republica-21-09-2015.jpg","type":"image\/jpeg"}],"author":"Zona Caral Administrador","twitter_card":"summary_large_image","twitter_misc":{"Written by":"Zona Caral Administrador","Est. reading time":"3 minutos"},"schema":{"@context":"https:\/\/schema.org","@graph":[{"@type":"Article","@id":"https:\/\/zonacaral.gob.pe\/en\/noticias\/el-legado-del-desierto\/#article","isPartOf":{"@id":"https:\/\/zonacaral.gob.pe\/en\/noticias\/el-legado-del-desierto\/"},"author":{"name":"Zona Caral Administrador","@id":"https:\/\/zonacaral.gob.pe\/es\/#\/schema\/person\/beddb4d22f71a7230c5b90913270a0ee"},"headline":"El legado del desierto","datePublished":"2015-09-21T14:26:12+00:00","mainEntityOfPage":{"@id":"https:\/\/zonacaral.gob.pe\/en\/noticias\/el-legado-del-desierto\/"},"wordCount":596,"image":{"@id":"https:\/\/zonacaral.gob.pe\/en\/noticias\/el-legado-del-desierto\/#primaryimage"},"thumbnailUrl":"https:\/\/zonacaral.gob.pe\/wp-content\/uploads\/2015\/09\/la-republica-21-09-2015.jpg","keywords":["aniversario","caral","IANAS","Ruth Shady"],"articleSection":["noticias"],"inLanguage":"es-PE"},{"@type":"WebPage","@id":"https:\/\/zonacaral.gob.pe\/en\/noticias\/el-legado-del-desierto\/","url":"https:\/\/zonacaral.gob.pe\/en\/noticias\/el-legado-del-desierto\/","name":"El legado del desierto. Caral y Ruth Shady Sol\u00eds","isPartOf":{"@id":"https:\/\/zonacaral.gob.pe\/es\/#website"},"primaryImageOfPage":{"@id":"https:\/\/zonacaral.gob.pe\/en\/noticias\/el-legado-del-desierto\/#primaryimage"},"image":{"@id":"https:\/\/zonacaral.gob.pe\/en\/noticias\/el-legado-del-desierto\/#primaryimage"},"thumbnailUrl":"https:\/\/zonacaral.gob.pe\/wp-content\/uploads\/2015\/09\/la-republica-21-09-2015.jpg","datePublished":"2015-09-21T14:26:12+00:00","author":{"@id":"https:\/\/zonacaral.gob.pe\/es\/#\/schema\/person\/beddb4d22f71a7230c5b90913270a0ee"},"description":"Hace casi 21 a\u00f1os, una arque\u00f3loga, hija de un agr\u00f3nomo nacido en Praga -que cambi\u00f3 su apellido para escapar de la Segunda Guerra Mundial- y una lime\u00f1a, revolucion\u00f3 la historia, con un par de rasquetas, y un equipo de cuatro estudiantes universitarios.","breadcrumb":{"@id":"https:\/\/zonacaral.gob.pe\/en\/noticias\/el-legado-del-desierto\/#breadcrumb"},"inLanguage":"es-PE","potentialAction":[{"@type":"ReadAction","target":["https:\/\/zonacaral.gob.pe\/en\/noticias\/el-legado-del-desierto\/"]}]},{"@type":"ImageObject","inLanguage":"es-PE","@id":"https:\/\/zonacaral.gob.pe\/en\/noticias\/el-legado-del-desierto\/#primaryimage","url":"https:\/\/zonacaral.gob.pe\/wp-content\/uploads\/2015\/09\/la-republica-21-09-2015.jpg","contentUrl":"https:\/\/zonacaral.gob.pe\/wp-content\/uploads\/2015\/09\/la-republica-21-09-2015.jpg","width":620,"height":369},{"@type":"BreadcrumbList","@id":"https:\/\/zonacaral.gob.pe\/en\/noticias\/el-legado-del-desierto\/#breadcrumb","itemListElement":[{"@type":"ListItem","position":1,"name":"Portada","item":"https:\/\/zonacaral.gob.pe\/"},{"@type":"ListItem","position":2,"name":"El legado del desierto"}]},{"@type":"WebSite","@id":"https:\/\/zonacaral.gob.pe\/es\/#website","url":"https:\/\/zonacaral.gob.pe\/es\/","name":"Zona Caral","description":"Investigamos, conservamos y difundimos el patrimonio cultural de la Civilizaci\u00f3n Caral, la m\u00e1s antigua de Am\u00e9rica.","potentialAction":[{"@type":"SearchAction","target":{"@type":"EntryPoint","urlTemplate":"https:\/\/zonacaral.gob.pe\/es\/?s={search_term_string}"},"query-input":{"@type":"PropertyValueSpecification","valueRequired":true,"valueName":"search_term_string"}}],"inLanguage":"es-PE"},{"@type":"Person","@id":"https:\/\/zonacaral.gob.pe\/es\/#\/schema\/person\/beddb4d22f71a7230c5b90913270a0ee","name":"Zona Caral Administrador","image":{"@type":"ImageObject","inLanguage":"es-PE","@id":"https:\/\/secure.gravatar.com\/avatar\/e4be162918a696358376de6446614e0f0f4062bdc5d170d6d540ada3d8b58c12?s=96&d=mm&r=g","url":"https:\/\/secure.gravatar.com\/avatar\/e4be162918a696358376de6446614e0f0f4062bdc5d170d6d540ada3d8b58c12?s=96&d=mm&r=g","contentUrl":"https:\/\/secure.gravatar.com\/avatar\/e4be162918a696358376de6446614e0f0f4062bdc5d170d6d540ada3d8b58c12?s=96&d=mm&r=g","caption":"Zona Caral Administrador"},"sameAs":["https:\/\/zonacaral.gob.pe"],"url":"https:\/\/zonacaral.gob.pe\/es\/noticias\/author\/ad_zonacaral\/"}]}},"_links":{"self":[{"href":"https:\/\/zonacaral.gob.pe\/es\/wp-json\/wp\/v2\/posts\/9931","targetHints":{"allow":["GET"]}}],"collection":[{"href":"https:\/\/zonacaral.gob.pe\/es\/wp-json\/wp\/v2\/posts"}],"about":[{"href":"https:\/\/zonacaral.gob.pe\/es\/wp-json\/wp\/v2\/types\/post"}],"author":[{"embeddable":true,"href":"https:\/\/zonacaral.gob.pe\/es\/wp-json\/wp\/v2\/users\/1"}],"replies":[{"embeddable":true,"href":"https:\/\/zonacaral.gob.pe\/es\/wp-json\/wp\/v2\/comments?post=9931"}],"version-history":[{"count":0,"href":"https:\/\/zonacaral.gob.pe\/es\/wp-json\/wp\/v2\/posts\/9931\/revisions"}],"wp:featuredmedia":[{"embeddable":true,"href":"https:\/\/zonacaral.gob.pe\/es\/wp-json\/wp\/v2\/media\/9933"}],"wp:attachment":[{"href":"https:\/\/zonacaral.gob.pe\/es\/wp-json\/wp\/v2\/media?parent=9931"}],"wp:term":[{"taxonomy":"category","embeddable":true,"href":"https:\/\/zonacaral.gob.pe\/es\/wp-json\/wp\/v2\/categories?post=9931"},{"taxonomy":"post_tag","embeddable":true,"href":"https:\/\/zonacaral.gob.pe\/es\/wp-json\/wp\/v2\/tags?post=9931"}],"curies":[{"name":"wp","href":"https:\/\/api.w.org\/{rel}","templated":true}]}}